{"id":209911,"date":"2025-08-20T23:08:30","date_gmt":"2025-08-21T03:08:30","guid":{"rendered":"https:\/\/www.elsinodaldetamaulipas.com.mx\/?p=209911"},"modified":"2025-08-20T23:11:41","modified_gmt":"2025-08-21T03:11:41","slug":"alumnos-de-uttn-visitan-parque-solar-en-tlaxcala","status":"publish","type":"post","link":"https:\/\/www.elsinodaldetamaulipas.com.mx\/?p=209911","title":{"rendered":"ALUMNOS DE UTTN VISITAN PARQUE SOLAR EN TLAXCALA"},"content":{"rendered":"<p><a href=\"https:\/\/www.elsinodaldetamaulipas.com.mx\/wp-content\/uploads\/2025\/08\/BETO-QUINTERO.pptx\">BETO QUINTERO<\/a><!--more-->EL SINODAL DE TAMAULIPAS<\/p>\n<p>San Antonio Tachalote, Tlaxcala. \u2013 En el marco de las actividades de formaci\u00f3n pr\u00e1ctica alumnos de la carrera de Energ\u00edas Renovables de la Universidad Tecnol\u00f3gica de Tamaulipas Norte, que dirige el Rector Mtro. Edgar Garza Hern\u00e1ndez, visitaron las instalaciones del Parque Solar Magdalena II, ubicado en el Estado de Tlaxcala y operado por la empresa internacional Enel Green Power.<\/p>\n<p>&nbsp;<\/p>\n<p>La visita se llev\u00f3 a cabo el 15 de agosto de 2025 y tuvo como prop\u00f3sito fortalecer los conocimientos adquiridos en la asignatura \u201cMantenimiento a Sistemas de Generaci\u00f3n de Energ\u00eda\u201d, brindando a los estudiantes una experiencia directa sobre el funcionamiento, operaci\u00f3n y mantenimiento de una de las plantas solares m\u00e1s avanzadas del pa\u00eds.<\/p>\n<p><img loading=\"lazy\" decoding=\"async\" class=\"aligncenter wp-image-209916 size-full\" src=\"https:\/\/www.elsinodaldetamaulipas.com.mx\/wp-content\/uploads\/2025\/08\/SOLAR-4.jpeg\" alt=\"\" width=\"1280\" height=\"960\" srcset=\"https:\/\/www.elsinodaldetamaulipas.com.mx\/wp-content\/uploads\/2025\/08\/SOLAR-4.jpeg 1280w, https:\/\/www.elsinodaldetamaulipas.com.mx\/wp-content\/uploads\/2025\/08\/SOLAR-4-300x225.jpeg 300w, https:\/\/www.elsinodaldetamaulipas.com.mx\/wp-content\/uploads\/2025\/08\/SOLAR-4-1024x768.jpeg 1024w, https:\/\/www.elsinodaldetamaulipas.com.mx\/wp-content\/uploads\/2025\/08\/SOLAR-4-768x576.jpeg 768w, https:\/\/www.elsinodaldetamaulipas.com.mx\/wp-content\/uploads\/2025\/08\/SOLAR-4-272x204.jpeg 272w\" sizes=\"auto, (max-width: 1280px) 100vw, 1280px\" \/><\/p>\n<p>Durante la visita, los alumnos conocieron a fondo las caracter\u00edsticas t\u00e9cnicas del parque, el cual se extiende sobre 443 hect\u00e1reas y cuenta con una capacidad instalada de 220 MW en corriente directa y 214 MW en corriente alterna.<\/p>\n<p>&nbsp;<\/p>\n<p>La planta opera con 548,772 paneles solares bifaciales de 400 watts cada uno, tecnolog\u00eda \u00fanica en M\u00e9xico que permite la captaci\u00f3n de energ\u00eda solar por ambos lados del panel, aumentando hasta en un 30% su eficiencia.<\/p>\n<p>&nbsp;<\/p>\n<p>Asimismo, se explicaron los componentes clave del sistema, entre ellos: 2240 inversores Huawei de 100 kW con tecnolog\u00eda string inverter y 10 MPPTs, 47 cabinas de transformaci\u00f3n de 5 MW cada una, 6533 seguidores solares, que orientan los paneles de acuerdo con la posici\u00f3n del sol, Una subestaci\u00f3n el\u00e9ctrica elevadora, que transforma la energ\u00eda generada para su integraci\u00f3n a la red de la Comisi\u00f3n Federal de Electricidad (CFE).<\/p>\n<p>&nbsp;<\/p>\n<p>El recorrido incluy\u00f3 una revisi\u00f3n detallada de las normas de seguridad industrial aplicadas dentro del parque, destacando la importancia del uso correcto del equipo de protecci\u00f3n personal (EPP) y el respeto a los protocolos durante las visitas t\u00e9cnicas.<\/p>\n<p><img loading=\"lazy\" decoding=\"async\" class=\"aligncenter wp-image-209917 size-full\" src=\"https:\/\/www.elsinodaldetamaulipas.com.mx\/wp-content\/uploads\/2025\/08\/SOLAR-6.jpeg\" alt=\"\" width=\"1280\" height=\"960\" srcset=\"https:\/\/www.elsinodaldetamaulipas.com.mx\/wp-content\/uploads\/2025\/08\/SOLAR-6.jpeg 1280w, https:\/\/www.elsinodaldetamaulipas.com.mx\/wp-content\/uploads\/2025\/08\/SOLAR-6-300x225.jpeg 300w, https:\/\/www.elsinodaldetamaulipas.com.mx\/wp-content\/uploads\/2025\/08\/SOLAR-6-1024x768.jpeg 1024w, https:\/\/www.elsinodaldetamaulipas.com.mx\/wp-content\/uploads\/2025\/08\/SOLAR-6-768x576.jpeg 768w, https:\/\/www.elsinodaldetamaulipas.com.mx\/wp-content\/uploads\/2025\/08\/SOLAR-6-272x204.jpeg 272w\" sizes=\"auto, (max-width: 1280px) 100vw, 1280px\" \/><\/p>\n<p>Tambi\u00e9n se abord\u00f3 el compromiso ambiental del proyecto, que incluye un plan integral para el manejo y reubicaci\u00f3n de fauna silvestre detectada en el sitio, con especies como coyotes, mapaches, zorrillos y aves migratorias.<\/p>\n<p>&nbsp;<\/p>\n<p>Entre los temas m\u00e1s destacados se encuentran el sistema de mantenimiento implementado en el parque, el cual contempla mantenimientos preventivos, as\u00ed como los mantenimientos correctivos, que se activan al detectar disminuciones en la eficiencia de generaci\u00f3n o fallas t\u00e9cnicas en los inversores, las cuales son gestionadas mediante el sistema SCADA del parque.<\/p>\n<p>&nbsp;<\/p>\n<p>La jornada concluy\u00f3 con una sesi\u00f3n de preguntas y respuestas, donde los estudiantes intercambiaron dudas e inquietudes con los ingenieros del sitio, quienes tambi\u00e9n compartieron experiencias profesionales sobre su trabajo en el sector de la energ\u00eda renovable.<\/p>\n<p><img loading=\"lazy\" decoding=\"async\" class=\"aligncenter wp-image-209918 size-full\" src=\"https:\/\/www.elsinodaldetamaulipas.com.mx\/wp-content\/uploads\/2025\/08\/SOLAR-M1.jpeg\" alt=\"\" width=\"1280\" height=\"960\" srcset=\"https:\/\/www.elsinodaldetamaulipas.com.mx\/wp-content\/uploads\/2025\/08\/SOLAR-M1.jpeg 1280w, https:\/\/www.elsinodaldetamaulipas.com.mx\/wp-content\/uploads\/2025\/08\/SOLAR-M1-300x225.jpeg 300w, https:\/\/www.elsinodaldetamaulipas.com.mx\/wp-content\/uploads\/2025\/08\/SOLAR-M1-1024x768.jpeg 1024w, https:\/\/www.elsinodaldetamaulipas.com.mx\/wp-content\/uploads\/2025\/08\/SOLAR-M1-768x576.jpeg 768w, https:\/\/www.elsinodaldetamaulipas.com.mx\/wp-content\/uploads\/2025\/08\/SOLAR-M1-272x204.jpeg 272w\" sizes=\"auto, (max-width: 1280px) 100vw, 1280px\" \/><\/p>\n<p>Como parte del cierre, los visitantes recibieron un presente simb\u00f3lico y refrigerios por parte de la empresa Enel, fortaleciendo con ello el v\u00ednculo institucional que desde 2023 se ha venido construyendo entre la UTTN y Enel Green Power.<\/p>\n<p>&nbsp;<\/p>\n<p>Con estas visitas la UTTN cumple con las pol\u00edticas educativas que impulsa el gobernador Dr. Am\u00e9rico Villarreal Anaya, a trav\u00e9s de la Secretar\u00eda de Educaci\u00f3n, a cargo del Dr. Miguel \u00c1ngel Valdez Garc\u00eda.<\/p>\n<p>&nbsp;<\/p>\n<p>Durante el traslado y recorrido, los estudiantes estuvieron acompa\u00f1ados por el Mtro. Juan Manuel G\u00f3mez Carmona, docente de la carrera de Energ\u00edas Renovables.<\/p>\n","protected":false},"excerpt":{"rendered":"<p>BETO QUINTERO<\/p>\n","protected":false},"author":1,"featured_media":209913,"comment_status":"closed","ping_status":"closed","sticky":false,"template":"","format":"standard","meta":{"footnotes":""},"categories":[1,2],"tags":[],"class_list":["post-209911","post","type-post","status-publish","format-standard","has-post-thumbnail","hentry","category-portada","category-reynosa"],"_links":{"self":[{"href":"https:\/\/www.elsinodaldetamaulipas.com.mx\/index.php?rest_route=\/wp\/v2\/posts\/209911","targetHints":{"allow":["GET"]}}],"collection":[{"href":"https:\/\/www.elsinodaldetamaulipas.com.mx\/index.php?rest_route=\/wp\/v2\/posts"}],"about":[{"href":"https:\/\/www.elsinodaldetamaulipas.com.mx\/index.php?rest_route=\/wp\/v2\/types\/post"}],"author":[{"embeddable":true,"href":"https:\/\/www.elsinodaldetamaulipas.com.mx\/index.php?rest_route=\/wp\/v2\/users\/1"}],"replies":[{"embeddable":true,"href":"https:\/\/www.elsinodaldetamaulipas.com.mx\/index.php?rest_route=%2Fwp%2Fv2%2Fcomments&post=209911"}],"version-history":[{"count":3,"href":"https:\/\/www.elsinodaldetamaulipas.com.mx\/index.php?rest_route=\/wp\/v2\/posts\/209911\/revisions"}],"predecessor-version":[{"id":209920,"href":"https:\/\/www.elsinodaldetamaulipas.com.mx\/index.php?rest_route=\/wp\/v2\/posts\/209911\/revisions\/209920"}],"wp:featuredmedia":[{"embeddable":true,"href":"https:\/\/www.elsinodaldetamaulipas.com.mx\/index.php?rest_route=\/wp\/v2\/media\/209913"}],"wp:attachment":[{"href":"https:\/\/www.elsinodaldetamaulipas.com.mx\/index.php?rest_route=%2Fwp%2Fv2%2Fmedia&parent=209911"}],"wp:term":[{"taxonomy":"category","embeddable":true,"href":"https:\/\/www.elsinodaldetamaulipas.com.mx\/index.php?rest_route=%2Fwp%2Fv2%2Fcategories&post=209911"},{"taxonomy":"post_tag","embeddable":true,"href":"https:\/\/www.elsinodaldetamaulipas.com.mx\/index.php?rest_route=%2Fwp%2Fv2%2Ftags&post=209911"}],"curies":[{"name":"wp","href":"https:\/\/api.w.org\/{rel}","templated":true}]}}