{"id":209921,"date":"2025-08-20T23:25:57","date_gmt":"2025-08-21T03:25:57","guid":{"rendered":"https:\/\/www.elsinodaldetamaulipas.com.mx\/?p=209921"},"modified":"2025-08-20T23:25:57","modified_gmt":"2025-08-21T03:25:57","slug":"dialogo-necesario-para-resolver-controversias","status":"publish","type":"post","link":"https:\/\/www.elsinodaldetamaulipas.com.mx\/?p=209921","title":{"rendered":"DI\u00c1LOGO NECESARIO PARA RESOLVER CONTROVERSIAS"},"content":{"rendered":"<p>EL SINODAL DE TAMAULIPAS<\/p>\n<p>Tampico, Tamaulipas.\u2013 La Fiscal\u00eda General de Justicia del Estado de Tamaulipas, a trav\u00e9s de la Direcci\u00f3n de Mecanismos Alternativos de Soluci\u00f3n de Controversias, llev\u00f3 a cabo actividades alusivas al \u201cD\u00eda Internacional de la Juventud\u201d.<\/p>\n<p>&nbsp;<\/p>\n<p>Personal del Centro de Mecanismos Alternativos de Soluci\u00f3n de Controversias entreg\u00f3 material informativo y brind\u00f3 orientaci\u00f3n a j\u00f3venes sobre los Mecanismos Alternativos para la Soluci\u00f3n de Controversias, destacando la importancia del di\u00e1logo como herramienta eficaz para la resoluci\u00f3n pac\u00edfica de los mismos.<\/p>\n<p>&nbsp;<\/p>\n<p>La jornada se desarroll\u00f3 en las instalaciones del Centro Integral de Justicia del municipio de Altamira, en conmemoraci\u00f3n de la fecha designada por la Asamblea General de las Naciones Unidas en 1999 con el prop\u00f3sito de promover la participaci\u00f3n de los j\u00f3venes en todos los \u00e1mbitos de la sociedad y atender los desaf\u00edos que enfrentan.<\/p>\n<p>&nbsp;<\/p>\n<p>Con estas acciones, la Fiscal\u00eda General de Justicia del Estado de Tamaulipas reafirma su compromiso con la promoci\u00f3n de una cultura de paz y con el fortalecimiento de la participaci\u00f3n juvenil en la construcci\u00f3n de una sociedad m\u00e1s justa y equitativa.<\/p>\n","protected":false},"excerpt":{"rendered":"<p>EL SINODAL DE TAMAULIPAS Tampico, Tamaulipas.\u2013 La Fiscal\u00eda General de Justicia del Estado de Tamaulipas, a trav\u00e9s de la Direcci\u00f3n de Mecanismos Alternativos de Soluci\u00f3n de Controversias, llev\u00f3 a cabo actividades alusivas al \u201cD\u00eda Internacional de la Juventud\u201d. &nbsp; Personal del Centro de Mecanismos Alternativos de Soluci\u00f3n de Controversias entreg\u00f3 material informativo y brind\u00f3 orientaci\u00f3n [&hellip;]<\/p>\n","protected":false},"author":1,"featured_media":209922,"comment_status":"closed","ping_status":"closed","sticky":false,"template":"","format":"standard","meta":{"footnotes":""},"categories":[25],"tags":[],"class_list":["post-209921","post","type-post","status-publish","format-standard","has-post-thumbnail","hentry","category-leyyorden"],"_links":{"self":[{"href":"https:\/\/www.elsinodaldetamaulipas.com.mx\/index.php?rest_route=\/wp\/v2\/posts\/209921","targetHints":{"allow":["GET"]}}],"collection":[{"href":"https:\/\/www.elsinodaldetamaulipas.com.mx\/index.php?rest_route=\/wp\/v2\/posts"}],"about":[{"href":"https:\/\/www.elsinodaldetamaulipas.com.mx\/index.php?rest_route=\/wp\/v2\/types\/post"}],"author":[{"embeddable":true,"href":"https:\/\/www.elsinodaldetamaulipas.com.mx\/index.php?rest_route=\/wp\/v2\/users\/1"}],"replies":[{"embeddable":true,"href":"https:\/\/www.elsinodaldetamaulipas.com.mx\/index.php?rest_route=%2Fwp%2Fv2%2Fcomments&post=209921"}],"version-history":[{"count":1,"href":"https:\/\/www.elsinodaldetamaulipas.com.mx\/index.php?rest_route=\/wp\/v2\/posts\/209921\/revisions"}],"predecessor-version":[{"id":209923,"href":"https:\/\/www.elsinodaldetamaulipas.com.mx\/index.php?rest_route=\/wp\/v2\/posts\/209921\/revisions\/209923"}],"wp:featuredmedia":[{"embeddable":true,"href":"https:\/\/www.elsinodaldetamaulipas.com.mx\/index.php?rest_route=\/wp\/v2\/media\/209922"}],"wp:attachment":[{"href":"https:\/\/www.elsinodaldetamaulipas.com.mx\/index.php?rest_route=%2Fwp%2Fv2%2Fmedia&parent=209921"}],"wp:term":[{"taxonomy":"category","embeddable":true,"href":"https:\/\/www.elsinodaldetamaulipas.com.mx\/index.php?rest_route=%2Fwp%2Fv2%2Fcategories&post=209921"},{"taxonomy":"post_tag","embeddable":true,"href":"https:\/\/www.elsinodaldetamaulipas.com.mx\/index.php?rest_route=%2Fwp%2Fv2%2Ftags&post=209921"}],"curies":[{"name":"wp","href":"https:\/\/api.w.org\/{rel}","templated":true}]}}