{"id":209924,"date":"2025-08-20T23:36:19","date_gmt":"2025-08-21T03:36:19","guid":{"rendered":"https:\/\/www.elsinodaldetamaulipas.com.mx\/?p=209924"},"modified":"2025-08-20T23:36:19","modified_gmt":"2025-08-21T03:36:19","slug":"131-anos-de-carcel-a-secuestrador-y-homicida","status":"publish","type":"post","link":"https:\/\/www.elsinodaldetamaulipas.com.mx\/?p=209924","title":{"rendered":"131 A\u00d1OS DE C\u00c1RCEL A SECUESTRADOR Y HOMICIDA"},"content":{"rendered":"<p><em><strong>EL SINODAL DE TAMAULIPAS<\/strong><\/em><\/p>\n<p>Matamoros, Tamaulipas.\u2013 La Fiscal\u00eda General de Justicia del Estado de Tamaulipas informa que el Agente del Ministerio P\u00fablico obtuvo sentencia de 131 a\u00f1os, 6 meses y 3 d\u00edas de prisi\u00f3n en contra de Enrique Yoel \u201cR\u201d, por los delitos de Secuestro, Homicidio y Asociaci\u00f3n Delictuosa.<\/p>\n<p>Un Juez Mixto de Primera Instancia, emiti\u00f3 la resoluci\u00f3n despu\u00e9s de que el Representante Social acredit\u00f3, con pruebas contundentes, la comisi\u00f3n del delito y la responsabilidad penal del hoy sentenciado, en los hechos registrados 22 de enero de 2014 en el municipio de San Fernando, Tamaulipas.<\/p>\n<p>Con acciones como esta, la Fiscal\u00eda General de Justicia del Estado de Tamaulipas refrenda su compromiso con la sociedad tamaulipeca, trabajando para perseguir y sancionar a quienes atentan contra la vida y la seguridad de los ciudadanos.<\/p>\n<p>&#8212;-<\/p>\n","protected":false},"excerpt":{"rendered":"<p>EL SINODAL DE TAMAULIPAS Matamoros, Tamaulipas.\u2013 La Fiscal\u00eda General de Justicia del Estado de Tamaulipas informa que el Agente del Ministerio P\u00fablico obtuvo sentencia de 131 a\u00f1os, 6 meses y 3 d\u00edas de prisi\u00f3n en contra de Enrique Yoel \u201cR\u201d, por los delitos de Secuestro, Homicidio y Asociaci\u00f3n Delictuosa. Un Juez Mixto de Primera Instancia, [&hellip;]<\/p>\n","protected":false},"author":1,"featured_media":209925,"comment_status":"closed","ping_status":"closed","sticky":false,"template":"","format":"standard","meta":{"footnotes":""},"categories":[25,1],"tags":[],"class_list":["post-209924","post","type-post","status-publish","format-standard","has-post-thumbnail","hentry","category-leyyorden","category-portada"],"_links":{"self":[{"href":"https:\/\/www.elsinodaldetamaulipas.com.mx\/index.php?rest_route=\/wp\/v2\/posts\/209924","targetHints":{"allow":["GET"]}}],"collection":[{"href":"https:\/\/www.elsinodaldetamaulipas.com.mx\/index.php?rest_route=\/wp\/v2\/posts"}],"about":[{"href":"https:\/\/www.elsinodaldetamaulipas.com.mx\/index.php?rest_route=\/wp\/v2\/types\/post"}],"author":[{"embeddable":true,"href":"https:\/\/www.elsinodaldetamaulipas.com.mx\/index.php?rest_route=\/wp\/v2\/users\/1"}],"replies":[{"embeddable":true,"href":"https:\/\/www.elsinodaldetamaulipas.com.mx\/index.php?rest_route=%2Fwp%2Fv2%2Fcomments&post=209924"}],"version-history":[{"count":1,"href":"https:\/\/www.elsinodaldetamaulipas.com.mx\/index.php?rest_route=\/wp\/v2\/posts\/209924\/revisions"}],"predecessor-version":[{"id":209926,"href":"https:\/\/www.elsinodaldetamaulipas.com.mx\/index.php?rest_route=\/wp\/v2\/posts\/209924\/revisions\/209926"}],"wp:featuredmedia":[{"embeddable":true,"href":"https:\/\/www.elsinodaldetamaulipas.com.mx\/index.php?rest_route=\/wp\/v2\/media\/209925"}],"wp:attachment":[{"href":"https:\/\/www.elsinodaldetamaulipas.com.mx\/index.php?rest_route=%2Fwp%2Fv2%2Fmedia&parent=209924"}],"wp:term":[{"taxonomy":"category","embeddable":true,"href":"https:\/\/www.elsinodaldetamaulipas.com.mx\/index.php?rest_route=%2Fwp%2Fv2%2Fcategories&post=209924"},{"taxonomy":"post_tag","embeddable":true,"href":"https:\/\/www.elsinodaldetamaulipas.com.mx\/index.php?rest_route=%2Fwp%2Fv2%2Ftags&post=209924"}],"curies":[{"name":"wp","href":"https:\/\/api.w.org\/{rel}","templated":true}]}}