{"id":209929,"date":"2025-08-21T17:43:37","date_gmt":"2025-08-21T21:43:37","guid":{"rendered":"https:\/\/www.elsinodaldetamaulipas.com.mx\/?p=209929"},"modified":"2025-08-21T17:43:37","modified_gmt":"2025-08-21T21:43:37","slug":"evoluciona-futurismo-politico-en-tamaulipas-en-torno-a-andy-lopez","status":"publish","type":"post","link":"https:\/\/www.elsinodaldetamaulipas.com.mx\/?p=209929","title":{"rendered":"EVOLUCIONA FUTURISMO POL\u00cdTICO EN TAMAULIPAS EN TORNO A ANDY L\u00d3PEZ"},"content":{"rendered":"<div class=\"post-content\">\n<p>\u00a0 \u00a0 \u00a0Nos referimos a varios grupos morenistas, y moreno-cabecistas \u00a0aparentemente sin coincidencias, pero convergentes \u00a0como ahijados futuristas del hijo de AMLO, el miembro del CEN del Movimiento de Regeneraci\u00f3n Nacional, \u00a0Andr\u00e9s Manuel \u00a0L\u00f3pez Beltr\u00e1n.<\/p>\n<p>El com\u00fan denominador entre ellos, es que son liderados por cuadros de la marca guinda que buscan la sucesi\u00f3n tamaulipeca \u00a0rumbo al 2028. Y otra de sus coincidencias generales, \u00a0reside en las fotograf\u00edas que se han tomado con Andy, esto \u00a0\u00faltimo para apantallar y acalambrar a sus adversarios.\u00a0 Al menos hasta hace meses, as\u00ed lo hac\u00edan.<\/p>\n<p>Hoy, se les observa un tanto desconcertados, despu\u00e9s de las diferencias que \u00a0han \u00a0aflorado entre la Presidenta Claudia Sheinbaum y el junior del expresidente Andr\u00e9s Manuel L\u00f3pez obrador. Especialmente a ra\u00edz de los lujosos \u00a0viajes de Andy\u00a0 al extranjero.<\/p>\n<p>Lo anterior, desde luego no quiere decir que \u00a0estos guerrilleros del futuro, ya puedan ser declarados fuera de la jugada. Aunque s\u00ed se puede afirmar que cometieron un grave error t\u00e1ctico, acerc\u00e1ndose demasiado a quien, todav\u00eda hace unos meses, se lleg\u00f3 a sentir que ser\u00eda el pr\u00f3ximo Presidente de la rep\u00fablica, en seis a\u00f1os m\u00e1s. Y hoy, se observa muy desgastado prematuramente.<\/p>\n<p>Dicen que en la pol\u00edtica, la lealtad es una regla de oro,\u00a0 que no tiene precio. En la cultura de las c\u00fapulas pol\u00edticas o de cualquier otra \u00edndole,\u00a0 este valor\u00a0 juega un papel preponderante, a la hora de evaluar perfiles y sopesar posibilidades reales de escalar a un cargo de poder.<\/p>\n<p>Por lo general, los lideres de las instituciones \u00a0o de los corporativos\u00a0 se fijan en colaboradores que han demostrado ser fieles a la causa. Cuando hablamos de la Presidencia de la rep\u00fablica, esta tendencia se acent\u00faa mucho m\u00e1s, y es estrictamente rigurosa.<\/p>\n<p>No es ocioso decir que, en 2027 y 2028, la Presidenta Sheinbaum evaluar\u00e1\u00a0 con especial inter\u00e9s\u00a0 aquellas o aquellos que,\u00a0 han demostrado un probado apego hacia su liderazgo federal.<\/p>\n<p>Lo anterior tiene que ver con los cambios operados \u00a0hacia la estructura del poder morenista en el pa\u00eds. \u00a0Nos referimos al incremento del poder pol\u00edtico \u00a0conseguido por la Presidenta Sheinbaum , frente al \u00a0declive del grupo \u00a0tabasque\u00f1o, envuelto en una serie de esc\u00e1ndalos e incongruencias, altamente da\u00f1inas para la narrativa de la cuarta Transformaci\u00f3n.<\/p>\n<p>Definitivamente, por causas ajenas a el mismo, \u00a0pero imputables a su familia, el expresidente L\u00f3pez obrador ya no es considerado el l\u00edder moral de la 4T en el pa\u00eds. Y se ve dif\u00edcil que lo dejen elegir \u00a0candidaturas a gobernadoras o gobernadores en las elecciones de 2027 y 2028.<\/p>\n<p>Eso no quiere decir que AMLO no sea respetado, desde luego que tiene un lugar muy especial en el nuevo orden pol\u00edtico, nacido a partir del 2018. Sin embargo, ha llegado la hora en que la historia posterior a su mandato, se est\u00e1 encargando de juzgarlo.<\/p>\n<p>Todo ello tiene que ver con el surgimiento de una segunda generaci\u00f3n de gobernantes morenistas en el pa\u00eds.\u00a0 Hablamos de \u00a0futuras gobernadoras, gobernadores, \u00a0\u00a0diputadas, diputados alcaldesas y alcaldes, cuyas carreras pol\u00edticas \u00a0ahora \u00a0se encuentran en el umbral del \u00a0poder. Pero ahora bajo el liderazgo de la Presidenta Claudia Sheinbaum, \u00a0desde Palacio Nacional.<\/p>\n<p>En este punto, volvemos con las y los morenistas que, en su momento buscaron cobijarse bajo las alas de Andy en Tamaulipas. Lo peor es que algunos de ellos pregonaron que por esa v\u00eda ten\u00edan asegurado el futuro.<\/p>\n<p>Craso error, apostarle a \u00a0la\u00a0 continuidad de un ejercicio transexenal. Sobre todo cuando sabemos que por encima de ideolog\u00edas o de principios, de trabajo en equipo y de proyecto transformador, el \u00a0ejercicio del poder no se comparte.<\/p>\n<p>Todo este escenario se ver\u00e1 cada vez con mayor nitidez, conforme avance el tiempo. Llegar\u00e1 un momento en que necesariamente tengan que darse los respectivos cambios. Y emerja ya de manera m\u00e1s clara, el sexenio de nuestra primera Presidenta de M\u00e9xico,\u00a0 despojada ya de asomos de maximato.<\/p>\n<p>En lo inmediato, los del Frente Andynista deber\u00e1n de preocuparse por recuperar el terreno perdido. Y sobre todo, redireccionar su estrategia, construyendo sus respectivos proyectos en torno a quienes lideran las instituciones en lo federal y en lo estatal.<\/p>\n<\/div>\n","protected":false},"excerpt":{"rendered":"<p>\u00a0 \u00a0 \u00a0Nos referimos a varios grupos morenistas, y moreno-cabecistas \u00a0aparentemente sin coincidencias, pero convergentes \u00a0como ahijados futuristas del hijo de AMLO, el miembro del CEN del Movimiento de Regeneraci\u00f3n Nacional, \u00a0Andr\u00e9s Manuel \u00a0L\u00f3pez Beltr\u00e1n. El com\u00fan denominador entre ellos, es que son liderados por cuadros de la marca guinda que buscan la sucesi\u00f3n tamaulipeca [&hellip;]<\/p>\n","protected":false},"author":1,"featured_media":207846,"comment_status":"closed","ping_status":"closed","sticky":false,"template":"","format":"standard","meta":{"footnotes":""},"categories":[16],"tags":[],"class_list":["post-209929","post","type-post","status-publish","format-standard","has-post-thumbnail","hentry","category-opinion"],"_links":{"self":[{"href":"https:\/\/www.elsinodaldetamaulipas.com.mx\/index.php?rest_route=\/wp\/v2\/posts\/209929","targetHints":{"allow":["GET"]}}],"collection":[{"href":"https:\/\/www.elsinodaldetamaulipas.com.mx\/index.php?rest_route=\/wp\/v2\/posts"}],"about":[{"href":"https:\/\/www.elsinodaldetamaulipas.com.mx\/index.php?rest_route=\/wp\/v2\/types\/post"}],"author":[{"embeddable":true,"href":"https:\/\/www.elsinodaldetamaulipas.com.mx\/index.php?rest_route=\/wp\/v2\/users\/1"}],"replies":[{"embeddable":true,"href":"https:\/\/www.elsinodaldetamaulipas.com.mx\/index.php?rest_route=%2Fwp%2Fv2%2Fcomments&post=209929"}],"version-history":[{"count":1,"href":"https:\/\/www.elsinodaldetamaulipas.com.mx\/index.php?rest_route=\/wp\/v2\/posts\/209929\/revisions"}],"predecessor-version":[{"id":209930,"href":"https:\/\/www.elsinodaldetamaulipas.com.mx\/index.php?rest_route=\/wp\/v2\/posts\/209929\/revisions\/209930"}],"wp:featuredmedia":[{"embeddable":true,"href":"https:\/\/www.elsinodaldetamaulipas.com.mx\/index.php?rest_route=\/wp\/v2\/media\/207846"}],"wp:attachment":[{"href":"https:\/\/www.elsinodaldetamaulipas.com.mx\/index.php?rest_route=%2Fwp%2Fv2%2Fmedia&parent=209929"}],"wp:term":[{"taxonomy":"category","embeddable":true,"href":"https:\/\/www.elsinodaldetamaulipas.com.mx\/index.php?rest_route=%2Fwp%2Fv2%2Fcategories&post=209929"},{"taxonomy":"post_tag","embeddable":true,"href":"https:\/\/www.elsinodaldetamaulipas.com.mx\/index.php?rest_route=%2Fwp%2Fv2%2Ftags&post=209929"}],"curies":[{"name":"wp","href":"https:\/\/api.w.org\/{rel}","templated":true}]}}