{"id":209936,"date":"2025-08-21T17:54:16","date_gmt":"2025-08-21T21:54:16","guid":{"rendered":"https:\/\/www.elsinodaldetamaulipas.com.mx\/?p=209936"},"modified":"2025-08-21T17:54:29","modified_gmt":"2025-08-21T21:54:29","slug":"tamaulipas-avanza-con-americo","status":"publish","type":"post","link":"https:\/\/www.elsinodaldetamaulipas.com.mx\/?p=209936","title":{"rendered":"TAMAULIPAS AVANZA CON AM\u00c9RICO"},"content":{"rendered":"<div class=\"post-content\">\n<h1>Expediente<\/h1>\n<p>Azahel Jaramillo H.<\/p>\n<p>&nbsp;<\/p>\n<p>\u00bfC\u00f3mo est\u00e1n?\u00a0 Como todos sabemos fue el Ing. Am\u00e9rico Villarreal Guerra quien ante el Gobierno Federal consigui\u00f3 los recursos para construir el Acueducto Presa Vicente Guerrero- Cd.Vuctoria. . Ahora, su hijo el gobernador Dr. Am\u00e9rico Villarreal Anaya emprende la construcci\u00f3n de la Segunda L\u00ednea de este Acueducto.<\/p>\n<p>Es una obra estrategica que se ejecutar\u00e1 por la Comisi\u00f3n Nacional del Agua para fortalecer la infraestructura h\u00eddrica que vendr\u00e1 a suministrar el vital liquido a las familias de Ciudad Victoria, capital de la entidad.<\/p>\n<p>ACUERDO ENTRE GOBTAM Y PEMEX<\/p>\n<p>Pues ah\u00ed tienen que con el objetivo de darle fuerza a la colaboraci\u00f3n instirtucional y atender temas estrategicos relacionados con la industria estrategica, el gobernador del estado, Dr. Am\u00e9rico Villarreal Anaya tuvo esta semna una reuni\u00f3n con representantes de Petr\u00f3leos Mexicanos, PEMEX, y de la empresa Iberoamericana de Hidrocarburos.<\/p>\n<p>Como parte de los acuerdos a los que se llegaron anote usted que se confirm\u00f3 la construcci\u00f3n del Hospital General de San Fernando, Tamaulipas, cuya edificaci\u00f3n dar\u00e1 in\u00edcio en poco tiempo. Ello para fortalecer la infraestructura de salud en la regi\u00f3n.<\/p>\n<p>RADIO Y TV DE TAMAULIPAS INFORMAN DE AVANCES<\/p>\n<p>As\u00ed las cosas: con un enfoquie de mejora continua tenemos que el Sistema Estatal de Radio y Televisi\u00f3n\u00a0 de Tamaulipas que dirige con eficiencia y profesionalismo el Lic. Ulises Brito Aguilar, present\u00f3 los avances del Plan Anual de Trabajo ante representates de distintas dependencias estatales.<\/p>\n<p>Vale decir que en lo personal, Radio Tamaulipas nos ha dado espacio en sus microfonos tanto en el sexenio de Tom\u00e1s Jes\u00fas Yarrington Ruvalcaba como en el actual sexenio de Am\u00e9rico Villarreal Anaya con, desde luego la directiva, primero de Don Manuel Cristobal Montiel Govea (+), originario de Gonz\u00e1lez, Tamaulipas,y, en el arranque de este sexenio americanista con el Licenciado en Relaciones P\u00fablicas,Francisco Cu\u00e9llar Cardona.<\/p>\n<p>En la reuni\u00f3n que presidi\u00f3 Ulises Brito\u00a0 se reafirm\u00f3 el compromiso con una gesti\u00f3n abierta y orientada al beneficio directo de la sociedad.<\/p>\n<p>VITAL ROMAN,EN CANAL DE TV NACIONAL<\/p>\n<p>Y ya que hablamos de medios de comunicaci\u00f3n, vale decir que como ning\u00fan otro funcionario o pol\u00edtico tamaulipeco, aparte del gobernador Am\u00e9rico, claro, pues ahi tienen que un funcionario de Educaci\u00f3n del estado, apareci\u00f3 en importante noticiero de televisi\u00f3n nacional, informando que un grupo de vecinos de una colonia de Ciudad Victoria \u00edmpidieron este martes el atracto el robo de los aires acondicionados de la escuela primaria, logrando adem\u00e1s capturar y p\u00f3ner a dispiosici\u00f3n de la Fiscalia de Justiia a los frustrados rateros.<\/p>\n<p>Me refiero al profesor Juan Vital Rom\u00e1n Mart\u00ednez, actual director del Centro Regional de Desarrollo Educativo,CREDE. Apareci\u00f3 el priofesor en la pandalla chica, explicando c\u00f3mo hab\u00eda sido que los vecinos de una instituci\u00f3n escolar hab\u00edan frustrado el atraco.<\/p>\n<p>Con experencia real de estar frente a grupo \u2013no como otros\u2013 y con la experiencia de haber sido ya diputado local por el partido Movimiento Ciudadano, Vital Rom\u00e1n fue avanzada en el triunfo de Am\u00e9rico Villarreal Anaya en la gubernatura de Tamaulipas.<\/p>\n<p>HUGO RESENDEZ SE P\u00c9RFILA PARA ALCALDE<\/p>\n<p>Y ya que hablamos de sangre joven en el partido en el poder, no dejen de seguirle la huella al desempe\u00f1o del abogado Hugo Arael Res\u00e9ndez Silva, actual Secretario del Ayuntamiento victorense, que est\u00e1 haciedo d\u00eda con d\u00eda un buen trabajo a favor del bienestar de las familias victoreses.<\/p>\n<p>Y es que .el abogado Hugo Arael, es parte imporante del equipo del presidente municipal Eduardo Abraham Gatt\u00e1s B\u00e1ez. \u00bfDe d\u00f3nde saca lo vocaci\u00f3n or serrvir a Victoria? Sin duda de sus padres, el expresidente municipal de Victoria, licenciado Tito Res\u00e9ndez Trevi\u00f1o, y de la ex presidenta del DIF Victoria, Fluvia Silva de Res\u00e9ndez. Sin duda, el abogado Hugo Arael es la mejor opci\u00f3n para convertirse en sucesor de Eduardo Abraham. \u00bfVoy bien o me retorno ?<\/p>\n<p>EL PARTIDO DEL TRBAJO, CON EL PUEBLO<\/p>\n<p>Pues le comparto que el Trabajo (PT) en Tamaulipas, reafirma su compromiso con las causas del pueblo al presentar su renovada Agenda Social 2025-2030, enfocada en garantizar el bienestar, la justicia social y el desarrollo igualitario de todas y todos los mexicanos.<\/p>\n<p>El comisionado pol\u00edtico nacional, Arcenio Ortega Lozano dijo que como fuerza pol\u00edtica aliada del pueblo trabajador, el PT pone al centro de su acci\u00f3n legislativa y territorial la lucha por la construcci\u00f3n de una sociedad m\u00e1s equitativa y solidaria.<\/p>\n<p>Record\u00f3 que los ejes principales de la agenda social del PT son: \u00a0\u2060Educaci\u00f3n p\u00fablica, gratuita y de calidad, salud digna y universal, trabajo digno y salario justo, igualdad de g\u00e9nero y respeto a la diversidad, apoyo al campo y soberan\u00eda alimentaria, finalmente vivienda digna para todos.<\/p>\n<p>\u201cNuestra lucha es por el pueblo, por los trabajadores, por las mujeres, por los j\u00f3venes, por las comunidades ind\u00edgenas y campesinas. No descansaremos hasta que cada hogar mexicano viva con dignidad y justicia social\u201d, declar\u00f3 Ortega Lozano. NOS VEMOS. .<\/p>\n<p><a href=\"mailto:azahel_jaramillo@hotmail.com\" target=\"_blank\" rel=\"noreferrer noopener\">azahel_jaramillo@hotmail.com<\/a><\/p>\n<\/div>\n","protected":false},"excerpt":{"rendered":"<p>Expediente Azahel Jaramillo H. &nbsp; \u00bfC\u00f3mo est\u00e1n?\u00a0 Como todos sabemos fue el Ing. Am\u00e9rico Villarreal Guerra quien ante el Gobierno Federal consigui\u00f3 los recursos para construir el Acueducto Presa Vicente Guerrero- Cd.Vuctoria. . Ahora, su hijo el gobernador Dr. Am\u00e9rico Villarreal Anaya emprende la construcci\u00f3n de la Segunda L\u00ednea de este Acueducto. Es una obra [&hellip;]<\/p>\n","protected":false},"author":1,"featured_media":208823,"comment_status":"closed","ping_status":"closed","sticky":false,"template":"","format":"standard","meta":{"footnotes":""},"categories":[16],"tags":[],"class_list":["post-209936","post","type-post","status-publish","format-standard","has-post-thumbnail","hentry","category-opinion"],"_links":{"self":[{"href":"https:\/\/www.elsinodaldetamaulipas.com.mx\/index.php?rest_route=\/wp\/v2\/posts\/209936","targetHints":{"allow":["GET"]}}],"collection":[{"href":"https:\/\/www.elsinodaldetamaulipas.com.mx\/index.php?rest_route=\/wp\/v2\/posts"}],"about":[{"href":"https:\/\/www.elsinodaldetamaulipas.com.mx\/index.php?rest_route=\/wp\/v2\/types\/post"}],"author":[{"embeddable":true,"href":"https:\/\/www.elsinodaldetamaulipas.com.mx\/index.php?rest_route=\/wp\/v2\/users\/1"}],"replies":[{"embeddable":true,"href":"https:\/\/www.elsinodaldetamaulipas.com.mx\/index.php?rest_route=%2Fwp%2Fv2%2Fcomments&post=209936"}],"version-history":[{"count":1,"href":"https:\/\/www.elsinodaldetamaulipas.com.mx\/index.php?rest_route=\/wp\/v2\/posts\/209936\/revisions"}],"predecessor-version":[{"id":209937,"href":"https:\/\/www.elsinodaldetamaulipas.com.mx\/index.php?rest_route=\/wp\/v2\/posts\/209936\/revisions\/209937"}],"wp:featuredmedia":[{"embeddable":true,"href":"https:\/\/www.elsinodaldetamaulipas.com.mx\/index.php?rest_route=\/wp\/v2\/media\/208823"}],"wp:attachment":[{"href":"https:\/\/www.elsinodaldetamaulipas.com.mx\/index.php?rest_route=%2Fwp%2Fv2%2Fmedia&parent=209936"}],"wp:term":[{"taxonomy":"category","embeddable":true,"href":"https:\/\/www.elsinodaldetamaulipas.com.mx\/index.php?rest_route=%2Fwp%2Fv2%2Fcategories&post=209936"},{"taxonomy":"post_tag","embeddable":true,"href":"https:\/\/www.elsinodaldetamaulipas.com.mx\/index.php?rest_route=%2Fwp%2Fv2%2Ftags&post=209936"}],"curies":[{"name":"wp","href":"https:\/\/api.w.org\/{rel}","templated":true}]}}