{"id":209952,"date":"2025-08-21T18:40:31","date_gmt":"2025-08-21T22:40:31","guid":{"rendered":"https:\/\/www.elsinodaldetamaulipas.com.mx\/?p=209952"},"modified":"2025-08-21T18:40:31","modified_gmt":"2025-08-21T22:40:31","slug":"no-conecta-el-cerebro-con-la-lengua","status":"publish","type":"post","link":"https:\/\/www.elsinodaldetamaulipas.com.mx\/?p=209952","title":{"rendered":"NO CONECTA EL CEREBRO CON LA LENGUA"},"content":{"rendered":"<p>Cada d\u00eda queda de manifiesto que en este M\u00e9xico lindo y querido hacen falta pol\u00edticos coherentes, responsables, comprometidos con la gente y contrario a ello sobran personajes empoderados insolentes que lo \u00fanico que hacen es faltarle el respeto al pueblo.<\/p>\n<p>Nos faltar\u00eda espacio en esta colaboraci\u00f3n para citarlos a todos y todas, pero para muestra ah\u00ed tiene usted a la gobernadora de Campeche, una mujer muy peculiar que se viste con atuendos t\u00edpicos, pero muestra su desprecio por los ind\u00edgenas.<\/p>\n<p>\u201cSer mujer, ser pobre e ind\u00edgena es lo peor que te puede pasar en la vida\u201d, dijo SANSORES en pleno evento de inauguraci\u00f3n de un centro libre para las Mujeres, donde estaba presente la mandataria nacional CLAUDIA SHEINBAUM y CITLALLI HERNANDEZ, titular de la Secretaria de Mujeres.<\/p>\n<p>Las palabras de la gobernadora campechana se escucharon incongruentes, insolentes, despectivas, humillantes, como si fuera para avergonzarse o pecado el ser mujer y ser ind\u00edgena.<\/p>\n<p>Y como estaba presente la Presidenta y escuch\u00f3 de viva voz lo dicho por la SANSORES, seguramente LAYDA dir\u00e1 que se mal interpretaron sus palabras, que no fue lo que quiso decir.<\/p>\n<p>Lo real es que sus dichos son el resultado de no tener capacidad para conectar la lengua con el cerebro, que les gane la soberbia y se retraten tal cual son.<\/p>\n<p>Otra verdad es que lo dicho, quiz\u00e1 sin razonar, pero mostrando su pensar, echa por tierra el discurso de SANSORES y otros empoderados que hablan de que el pueblo bueno y pobre es el mejor, que las mujeres son valiosas y es un orgullo que se tengan pueblos ind\u00edgenas en nuestro pa\u00eds.<\/p>\n<p>Bueno, hasta al Presidente electo de la Suprema Corte de Justicia los encumbrados lo muestran como el segundo hombre de origen ind\u00edgena que mandara en la m\u00e1s alta c\u00fapula de poder legal.<\/p>\n<p>Obviamente las palabras de LAYDA, aunque no fueron cuestionadas por SHEINBAUM ni por CITLALY y las dejaron pasar por boba, no pasaron desapercibidas por la ciudadan\u00eda ni por las personas que de verdad trabajan por los derechos de las mujeres, los pobres y los pueblos ind\u00edgenas.<\/p>\n<p>Primero en redes sociales el pueblo se manifest\u00f3 en contra de lo dicho por la gobernadora campechana que quiz\u00e1, como acaba de llegar \u00c1msterdam, venga muy fif\u00ed, pero no hubo comentarios a su favor ni siquiera del Estado que gobierna.<\/p>\n<p>Pide la gente, en redes sociales, que LAYDA se disculpe por 60 d\u00edas por sus dichos discriminativos, que la pongan en la lista de violentadoras y que todo lo que ella diga o quiera publicar sea primero supervisado por el pueblo, as\u00ed como ella exige que todos aquellos que critiquen su mal actuar y peor desempe\u00f1o laboral, lo hagan.<\/p>\n<p>La Red Nacional de Abogadas de Mujeres Ind\u00edgenas se\u00f1alaron que el lenguaje de la gobernadora de Campeche perpet\u00faa la discriminaci\u00f3n y pidieron que acredite capacitaci\u00f3n en derechos de pueblos ind\u00edgenas y con perspectiva de g\u00e9nero.<\/p>\n<p>Exigen que LAYDA pida una disculpa p\u00fablica por su lenguaje racista contra las mujeres ind\u00edgenas de este M\u00e9xico lindo y querido. Se\u00f1alan que su actuar desigual contribuye mucho a que se contin\u00fae menospreciando a las mujeres, los pobres y los ind\u00edgenas. Contribuye mucho a la discriminaci\u00f3n.<\/p>\n<p>Consideran las integrantes de la Red Nacional de Abogadas Ind\u00edgenas que las declaraciones de LAYDA son clasistas, racistas, llenas de violencia contra el g\u00e9nero femenino. Y tienen raz\u00f3n, pues no es lo peor nacer mujer, al contrario, es una maravilla, ser pobre tampoco es pecado y ser ind\u00edgena debe ser siempre un orgullo, eso s\u00ed, lo peor que le puede pasar a cualquier persona es tener gobernantes como la gobernadora de Campeche.<\/p>\n<p>En fin, la situaci\u00f3n es que las palabras indolentes de la Gobernadora de Campeche siguen causando indignaci\u00f3n entre la poblaci\u00f3n, las abogadas piden que SANSORES se disculpe p\u00fablicamente con las mujeres pobres e ind\u00edgenas y que asista a una capacitaci\u00f3n.<\/p>\n<p>Lo real es que esa mujer ni volviendo a nacer tendr\u00e1 buenas intenciones para sus representados, la traicion\u00f3 su inconsciente, mostr\u00f3 realmente cu\u00e1l es su pensar, llena de soberbia no midi\u00f3 sus palabras ni siquiera frente a la mandataria nacional, y eso tambi\u00e9n se da porque aparte de indolente, racista, clasista, generadora de violencia contra las mujeres, no conecta la lengua con el cerebro.<\/p>\n","protected":false},"excerpt":{"rendered":"<p>Cada d\u00eda queda de manifiesto que en este M\u00e9xico lindo y querido hacen falta pol\u00edticos coherentes, responsables, comprometidos con la gente y contrario a ello sobran personajes empoderados insolentes que lo \u00fanico que hacen es faltarle el respeto al pueblo. Nos faltar\u00eda espacio en esta colaboraci\u00f3n para citarlos a todos y todas, pero para muestra [&hellip;]<\/p>\n","protected":false},"author":1,"featured_media":207611,"comment_status":"closed","ping_status":"closed","sticky":false,"template":"","format":"standard","meta":{"footnotes":""},"categories":[16],"tags":[],"class_list":["post-209952","post","type-post","status-publish","format-standard","has-post-thumbnail","hentry","category-opinion"],"_links":{"self":[{"href":"https:\/\/www.elsinodaldetamaulipas.com.mx\/index.php?rest_route=\/wp\/v2\/posts\/209952","targetHints":{"allow":["GET"]}}],"collection":[{"href":"https:\/\/www.elsinodaldetamaulipas.com.mx\/index.php?rest_route=\/wp\/v2\/posts"}],"about":[{"href":"https:\/\/www.elsinodaldetamaulipas.com.mx\/index.php?rest_route=\/wp\/v2\/types\/post"}],"author":[{"embeddable":true,"href":"https:\/\/www.elsinodaldetamaulipas.com.mx\/index.php?rest_route=\/wp\/v2\/users\/1"}],"replies":[{"embeddable":true,"href":"https:\/\/www.elsinodaldetamaulipas.com.mx\/index.php?rest_route=%2Fwp%2Fv2%2Fcomments&post=209952"}],"version-history":[{"count":1,"href":"https:\/\/www.elsinodaldetamaulipas.com.mx\/index.php?rest_route=\/wp\/v2\/posts\/209952\/revisions"}],"predecessor-version":[{"id":209953,"href":"https:\/\/www.elsinodaldetamaulipas.com.mx\/index.php?rest_route=\/wp\/v2\/posts\/209952\/revisions\/209953"}],"wp:featuredmedia":[{"embeddable":true,"href":"https:\/\/www.elsinodaldetamaulipas.com.mx\/index.php?rest_route=\/wp\/v2\/media\/207611"}],"wp:attachment":[{"href":"https:\/\/www.elsinodaldetamaulipas.com.mx\/index.php?rest_route=%2Fwp%2Fv2%2Fmedia&parent=209952"}],"wp:term":[{"taxonomy":"category","embeddable":true,"href":"https:\/\/www.elsinodaldetamaulipas.com.mx\/index.php?rest_route=%2Fwp%2Fv2%2Fcategories&post=209952"},{"taxonomy":"post_tag","embeddable":true,"href":"https:\/\/www.elsinodaldetamaulipas.com.mx\/index.php?rest_route=%2Fwp%2Fv2%2Ftags&post=209952"}],"curies":[{"name":"wp","href":"https:\/\/api.w.org\/{rel}","templated":true}]}}