{"id":209954,"date":"2025-08-21T18:43:49","date_gmt":"2025-08-21T22:43:49","guid":{"rendered":"https:\/\/www.elsinodaldetamaulipas.com.mx\/?p=209954"},"modified":"2025-08-21T18:43:49","modified_gmt":"2025-08-21T22:43:49","slug":"si-no-los-meten-a-la-carcel-es-puro-show","status":"publish","type":"post","link":"https:\/\/www.elsinodaldetamaulipas.com.mx\/?p=209954","title":{"rendered":"SI NO LOS METEN A LA C\u00c1RCEL, ES PURO SHOW"},"content":{"rendered":"<div class=\"post-content\">\n<p>Para desgracia de los tamaulipecos el Congreso del Estado y su entidad fiscalizadora, La Auditoria Superior del Estado, son poco menos que nada, si aprueban o rechazan una cuenta p\u00fablica es lo mismo, los responsables siguen en la impunidad.<\/p>\n<p>Mire, el sexenio pasado, cometiendo el pecado de torpe, estupidez o de lambisconer\u00eda en exceso, la mayor\u00eda del Congreso del Estado aprobaron cuentas p\u00fablicas de las Comapa\u00b4s, municipios y del gobierno del Estado en la administraci\u00f3n anterior, creyeron que con eso compraban impunidad para la pandilla del pr\u00f3fugo y quienes saquearon Tamaulipas,de nada sirve eso , pero sigamos, en mayo ya de este 2025 se anunci\u00f3 por el Auditor Superior, Francisco Noriega, que todas las cuentas sospechosas se iban a reabrir para turnar ante la autoridad competente a los corruptos, a quienes se les pueda comprobar sus trapacer\u00edas y ya este 20 de agosto se inform\u00f3 que el 90 por ciento de las que han sufrido ese proceso presentan irregularidades y ser\u00e1n reevaluadas para rechazarlas y enviar las mismas a la autoridad competente.<\/p>\n<p>Pero no festine nada, no eche las campanas al vuelo, esto solo es un principio, porque si las cosas siguen como hasta hoy, si no hay voluntad en la Fiscal\u00eda Anticorrupci\u00f3n de investigar y enviar a la c\u00e1rcel a quienes presuntamente nos saquearon, pues nada pasar\u00e1.<\/p>\n<p>Para desgracia nuestra, cada acci\u00f3n del Congreso del Estado de aprobar cuentas p\u00fablicas o rechazarlas parece in\u00fatil, los responsables de manejar el dinero p\u00fablico, aunque hayan cometido conductas muy dudosas en cuanto a su legalidad y buen manejo de los recursos, siguen tan campantes en la calle que hasta se ve m\u00e1s sospechoso todo.<\/p>\n<p>Adem\u00e1s, para recalcar lo in\u00fatil que han sido las legislaturas en la historia, los gobiernos nunca han necesitado la anuencia de una cuenta p\u00fablica, un Auditor Superior, los Diputados o la Contralor\u00eda, para meter a la c\u00e1rcel a quienes consideren peligrosos o enemigos de sus intereses, ah\u00ed tiene a Ge\u00f1o que estuvo preso todo un sexenio por capricho de Cabeza N, o eso parece ya que no le pudieron comprobar ni un delito.<\/p>\n<p>Esa es una triste realidad, en toda la historia moderna de M\u00e9xico hay muy pocos presos por asuntos de saqueo de recursos, por corrupci\u00f3n, apenas unos 20 gargantones y en todo el pa\u00eds, como tampoco hay por v\u00ednculos con la delincuencia, en cambio pueden contarse a montones los hombres y mujeres que han estado tras las rejas, que incluso est\u00e1n detenidos, porque le caen mal a alg\u00fan poderoso.<\/p>\n<p>Y le dec\u00eda, lo triste es que el Congreso parece un mero monigote, hasta la ley los exhibe ya que est\u00e1 es bastante clara cuando detalla que una cuenta p\u00fablica aprobada no exime de responsabilidades a nadie, que est\u00e1s siguen abiertas por cinco a\u00f1os, y lo escriben en sus dict\u00e1menes.<\/p>\n<p>El Congreso, nom\u00e1s por congruencia o sentido com\u00fan, en lugar de portarse como un c\u00f3mplice de la pandilla de saqueadores, rateros, transas lo mejor que puede hacer es dejarle ese paquete a otros, que sean las autoridades y los expertos los que califiquen y les den m\u00e1s seriedad a esos trabajos.<\/p>\n<p>Le repito, la aprobaci\u00f3n de cuentas p\u00fablicas es mero tr\u00e1mite, para desgracia nuestra igual de in\u00fatil es su rechazo, por tanto, la actual legislatura debe presionar a la Fiscal\u00eda Anticorrupci\u00f3n para que se ponga a chambear y por lo menos parezca algo seria.<\/p>\n<p>Conclusi\u00f3n, se pueden calificar cuentas a diestra y siniestra, ya las legislaturas lo hicieron y hasta es legal, pero lamentablemente el rechazo u aprobaci\u00f3n son mero show, un espect\u00e1culo para que unos se vistan de decentes y los otros de corruptos, y ya, es solo eso, exacto, si no encarcelan a alguien todo sigue siendo un triste espect\u00e1culo que exhibe el valor del Congreso, de los Diputados\u2026<\/p>\n<p>MNODERNIZARAN GOBIERNO DE TAMAULIPAS\u2026 El gobernador del Estado, Am\u00e9rico Villarreal Anaya, design\u00f3 a Edwin Tuexi Amaro como Autoridad Local de Simplificaci\u00f3n y Digitalizaci\u00f3n de Tamaulipas, desde donde coordinar\u00e1 la modernizaci\u00f3n de tr\u00e1mites y servicios en la administraci\u00f3n p\u00fablica estatal.<\/p>\n<p>Edwin Tuexi Amaro es Ingeniero en Tecnolog\u00edas de la Informaci\u00f3n y la Computaci\u00f3n, con Maestr\u00eda en Tecnolog\u00edas de la Informaci\u00f3n, y cuenta con m\u00e1s de 18 a\u00f1os de trayectoria en el sector tecnol\u00f3gico.<\/p>\n<p>Ha desempe\u00f1ado cargos estrat\u00e9gicos como director de Tecnolog\u00eda, subsecretario de Innovaci\u00f3n y Tecnolog\u00edas de la Informaci\u00f3n y l\u00edder de Proyectos de Transformaci\u00f3n Digital.<\/p>\n<p>Actualmente funge como coordinador estatal de la Agencia de Innovaci\u00f3n e Inteligencia Digital, instancia que liderar\u00e1 los trabajos de simplificaci\u00f3n y digitalizaci\u00f3n en estrecha coordinaci\u00f3n con el Gobierno de M\u00e9xico y la Agencia de Transformaci\u00f3n Digital y Telecomunicaciones.<\/p>\n<p>La Ley Nacional para Eliminar Tr\u00e1mites Burocr\u00e1ticos, publicada en el Diario Oficial de la Federaci\u00f3n, el 16 de julio de 2025, establece un marco de acci\u00f3n com\u00fan para los tres \u00f3rdenes de gobierno con el objetivo de reducir costos burocr\u00e1ticos, digitalizar servicios y elevar la calidad de la atenci\u00f3n.<\/p>\n<p>Entre sus funciones, la Autoridad Local deber\u00e1 coordinar la implementaci\u00f3n de modelos y herramientas previstos en la ley, habilitar ventanillas digitales, adoptar Llave MX como autenticador \u00fanico y mantener actualizado el inventario de tr\u00e1mites y servicios en el Portal Ciudadano \u00danico.<\/p>\n<p>El objetivo central de esta estrategia es que cualquier tr\u00e1mite en Tamaulipas se realice de manera simple, r\u00e1pida y sin filas innecesarias, impulsando as\u00ed la confianza ciudadana y fomentando una administraci\u00f3n p\u00fablica moderna.<\/p>\n<p>BENEFICIOS PARA LAS Y LOS CIUDADANOS DE TAMAULIPAS\u2026 La designaci\u00f3n de una Autoridad de Simplificaci\u00f3n y Digitalizaci\u00f3n en el Estado permitir\u00e1: tr\u00e1mites gubernamentales m\u00e1s \u00e1giles y sencillos, eliminaci\u00f3n de requisitos innecesarios, ampliaci\u00f3n de servicios digitales en Tamaulipas y mayor transparencia y eficiencia en la atenci\u00f3n.<\/p>\n<p>Con este nombramiento, Tamaulipas acelera la transformaci\u00f3n digital de sus servicios p\u00fablicos y se alinea a los est\u00e1ndares nacionales para reducir costos y tiempos, cerrar espacios de discrecionalidad y mejorar la atenci\u00f3n a las personas.<\/p>\n<p>BUSCA LA UAT MAYOR RECONOCIMIENTO AL TRABAJADOR SOCIAL\u2026 La Universidad Aut\u00f3noma de Tamaulipas (UAT) particip\u00f3 en la elaboraci\u00f3n de una iniciativa de ley que busca clarificar y fortalecer el papel del trabajo social en el \u00e1mbito escolar, especialmente en la prevenci\u00f3n y atenci\u00f3n de problem\u00e1ticas que afectan a ni\u00f1as, ni\u00f1os y adolescentes.<\/p>\n<p>Como parte de este esfuerzo, la directora de la Unidad Acad\u00e9mica de Trabajo Social y Ciencias para el Desarrollo Humano (UATSCDH), Blanca Guadalupe Cid de Le\u00f3n Bujanos, represent\u00f3 a la UAT en el conversatorio que se llev\u00f3 a cabo en el Palacio de San L\u00e1zaro con la Comisi\u00f3n de Educaci\u00f3n de la C\u00e1mara de Diputados, para la presentaci\u00f3n de esta propuesta.<\/p>\n<p>Entrevistada al respecto, la directora del plantel universitario precis\u00f3 que la iniciativa tiene como objetivo reconocer formalmente la figura del trabajador social en el sistema educativo, asegurando su presencia en niveles de educaci\u00f3n b\u00e1sica y media superior para identificar riesgos y prevenir situaciones que obstaculicen el desarrollo integral de los estudiantes.<\/p>\n<p>Mencion\u00f3 que la propuesta formal busca robustecer el art\u00edculo 80 de la Ley General de Educaci\u00f3n y, a su vez, establecer un marco claro de funciones para las y los trabajadores sociales en escuelas, integrando la experiencia acad\u00e9mica y gremial, as\u00ed como pr\u00e1cticas internacionales exitosas.<\/p>\n<p>Reconoci\u00f3 el respaldo del rector de la UAT, D\u00e1maso Anaya Alvarado, que permite a la instituci\u00f3n contribuir de manera efectiva a iniciativas nacionales que benefician a estudiantes, docentes y la sociedad en general, reafirmando el liderazgo de la Universidad en la formaci\u00f3n de profesionales socialmente responsables y comprometidos con el desarrollo humano.<\/p>\n<p>Destac\u00f3 que en la presentaci\u00f3n de la iniciativa participaron las diputadas Mar\u00eda de los \u00c1ngeles Ballesteros Garc\u00eda, quien preside la Comisi\u00f3n de Educaci\u00f3n, y Marisela Z\u00fa\u00f1iga Cer\u00f3n, as\u00ed como la presidenta de la Red Nacional de Instituciones de Educaci\u00f3n Superior en Trabajo Social (RENIESTS), Carmen Casas Ratia, directora de la Escuela Nacional de Trabajo Social de la UNAM, quien encabeza este esfuerzo que ha sumado a representantes de colegios, asociaciones gremiales y acad\u00e9micos del trabajo social de diversas entidades.<\/p>\n<p>ANUNCIA GATT\u00c1S REMODELACI\u00d3N DE LA CENTRAL DE AUTOBUSES\u2026 El presidente municipal de Victoria Lalo Gatt\u00e1s, anunci\u00f3 el proyecto de remodelaci\u00f3n de la Central de Autobuses de la Capital de Tamaulipas que incluye nuevo dise\u00f1o arquitect\u00f3nico, acorde a la transformaci\u00f3n urbana de la ciudad y calidad de servicio al usuario de transporte de l\u00edneas for\u00e1neas.<\/p>\n<p>En la presentaci\u00f3n gr\u00e1fica del boceto, el C.P. Daniel Alfaro Garc\u00eda, Director General de Centrales de Autobuses del Grupo Estrella Blanca, inform\u00f3 que se destinar\u00e1 importante inversi\u00f3n en la renovaci\u00f3n total de fachada, accesos, \u00e1reas de espera, taquillas, \u00e1reas comerciales y estacionamiento que iniciar\u00e1 el 1 de septiembre del a\u00f1o en curso.<\/p>\n<p>\u201cHoy se concreta el inicio de un proyecto anhelado por los victorenses, la remodelaci\u00f3n de la Central de Autobuses, el cual estoy seguro estar\u00e1 a la altura que merece la Capital de Tamaulipas, para incentivar el turismo de conectividad\u201d, expres\u00f3 Gatt\u00e1s B\u00e1ez al reiterar al consorcio empresarial las facilidades para el tr\u00e1mite de licencias de construcci\u00f3n.<\/p>\n<p>En la reuni\u00f3n, donde estuvieron presentes el secretario de Desarrollo Econ\u00f3mico del Municipio Luis Garc\u00eda Mart\u00ednez, la directora de Relaciones P\u00fablicas Diana C\u00e9spedes Gonz\u00e1lez, los gerentes de las centrales de autobuses de Victoria Jos\u00e9 G. Calder\u00f3n Vergara y Carlos Loredo Borjas de Monterrey, el Arquitecto Aldo Ojeda L\u00f3pez, encargado de la obra, estim\u00f3 que el proyecto quedar\u00e1 concluido en junio de 2026.<\/p>\n<p>Coloque en el buscador de facebok @CENADeNegros1 y le agradecer\u00e9 que me regale un Me Gusta, adem\u00e1s nos puede seguir en la cuenta de X @gatovaliente y, como siempre, le dejo el correo electr\u00f3nico a sus \u00f3rdenes para lo que guste y mande\u2026\u00a0<a href=\"mailto:marcovazquez20001@hotmail.com\" target=\"_blank\" rel=\"noreferrer noopener\">marcovazquez20001@hotmail.com<\/a><\/p>\n<\/div>\n","protected":false},"excerpt":{"rendered":"<p>Para desgracia de los tamaulipecos el Congreso del Estado y su entidad fiscalizadora, La Auditoria Superior del Estado, son poco menos que nada, si aprueban o rechazan una cuenta p\u00fablica es lo mismo, los responsables siguen en la impunidad. Mire, el sexenio pasado, cometiendo el pecado de torpe, estupidez o de lambisconer\u00eda en exceso, la [&hellip;]<\/p>\n","protected":false},"author":1,"featured_media":208032,"comment_status":"closed","ping_status":"closed","sticky":false,"template":"","format":"standard","meta":{"footnotes":""},"categories":[16],"tags":[],"class_list":["post-209954","post","type-post","status-publish","format-standard","has-post-thumbnail","hentry","category-opinion"],"_links":{"self":[{"href":"https:\/\/www.elsinodaldetamaulipas.com.mx\/index.php?rest_route=\/wp\/v2\/posts\/209954","targetHints":{"allow":["GET"]}}],"collection":[{"href":"https:\/\/www.elsinodaldetamaulipas.com.mx\/index.php?rest_route=\/wp\/v2\/posts"}],"about":[{"href":"https:\/\/www.elsinodaldetamaulipas.com.mx\/index.php?rest_route=\/wp\/v2\/types\/post"}],"author":[{"embeddable":true,"href":"https:\/\/www.elsinodaldetamaulipas.com.mx\/index.php?rest_route=\/wp\/v2\/users\/1"}],"replies":[{"embeddable":true,"href":"https:\/\/www.elsinodaldetamaulipas.com.mx\/index.php?rest_route=%2Fwp%2Fv2%2Fcomments&post=209954"}],"version-history":[{"count":1,"href":"https:\/\/www.elsinodaldetamaulipas.com.mx\/index.php?rest_route=\/wp\/v2\/posts\/209954\/revisions"}],"predecessor-version":[{"id":209955,"href":"https:\/\/www.elsinodaldetamaulipas.com.mx\/index.php?rest_route=\/wp\/v2\/posts\/209954\/revisions\/209955"}],"wp:featuredmedia":[{"embeddable":true,"href":"https:\/\/www.elsinodaldetamaulipas.com.mx\/index.php?rest_route=\/wp\/v2\/media\/208032"}],"wp:attachment":[{"href":"https:\/\/www.elsinodaldetamaulipas.com.mx\/index.php?rest_route=%2Fwp%2Fv2%2Fmedia&parent=209954"}],"wp:term":[{"taxonomy":"category","embeddable":true,"href":"https:\/\/www.elsinodaldetamaulipas.com.mx\/index.php?rest_route=%2Fwp%2Fv2%2Fcategories&post=209954"},{"taxonomy":"post_tag","embeddable":true,"href":"https:\/\/www.elsinodaldetamaulipas.com.mx\/index.php?rest_route=%2Fwp%2Fv2%2Ftags&post=209954"}],"curies":[{"name":"wp","href":"https:\/\/api.w.org\/{rel}","templated":true}]}}