{"id":209956,"date":"2025-08-21T18:46:26","date_gmt":"2025-08-21T22:46:26","guid":{"rendered":"https:\/\/www.elsinodaldetamaulipas.com.mx\/?p=209956"},"modified":"2025-08-21T18:46:26","modified_gmt":"2025-08-21T22:46:26","slug":"sheimbaum-sus-esfuerzos-por-recuperar-el-sector-salud","status":"publish","type":"post","link":"https:\/\/www.elsinodaldetamaulipas.com.mx\/?p=209956","title":{"rendered":"SHEIMBAUM, SUS ESFUERZOS POR RECUPERAR EL SECTOR SALUD"},"content":{"rendered":"<p>Las Rutas de Salud implementadas por el gobierno de la presidenta Claudia Sheinbaum y replicadas por los gobernadores de las 32 entidades del pa\u00eds, es ante todo una respuesta pol\u00edtica, cuyo objetivo principal es cambar la percepci\u00f3n de desabasto que dej\u00f3 el sexenio federal inmediato anterior. En los pr\u00f3ximos meses veremos y podremos confirmar, si la respuesta va m\u00e1s all\u00e1 de un efecto medi\u00e1tico, y efectivamente habr\u00e1 medicamentos suficientes, en concordancia con la demanda.<\/p>\n<p>Los 215 mil productos de este env\u00edo a Tamaulipas, confirmado por el gobernador Am\u00e9rico Villarreal durante la ma\u00f1anera de este mi\u00e9rcoles, distribuidos entre 289 centros de salud en la entidad, puede representar mucho para los municipios de San Nicol\u00e1s,\u00a0G\u00fc\u00e9mez, Guerrero, M\u00e9ndez, entre otros de los m\u00e1s peque\u00f1os, y ser meramente simb\u00f3lico para Reynosa, Matamoros, Nuevo Laredo, Victoria y Tampico.<\/p>\n<p>No mencionamos una veintena de hospitales entre generales, civiles, de especialidades y alta especialidad, 46 cl\u00ednicas, sin contar las unidades m\u00f3viles y caravanas, que por lo menos te\u00f3ricamente y simb\u00f3licamente, deben de estar recorriendo el estado, y que son elementos que figuran en el inventario de la Secretar\u00eda de Salud.<\/p>\n<p>Ahora, al comparar los 215 mil medicamentos que llegaron a nuestra entidad, con los 3 millones, 527 mil 735 personas censadas por el INEGI en 2020 para Tamaulipas, la brecha observada resulta a\u00fan m\u00e1s grande. Claro, la referencia de posibles pacientes, no es del 100 %, pero el 10 % de ese censo son 352 mil 773 personas, lo cual significa que no alcanzar\u00eda ni a uno de estos productos por paciente.<\/p>\n<p>Este es un c\u00e1lculo tentativo, que no pretende disminuir la carga positiva que pueda tener este insipiente abastecimiento de f\u00e1rmacos, pero pretende ver objetivamente, a que paso marchamos para recuperar el espacio perdido en atenci\u00f3n para la salud.<\/p>\n<p>Ahora solo hablamos del ramo de medicamentos, pero hay otras deficiencias, en equipos, estado de los quir\u00f3fanos, aires acondicionados, y muchos otros elementos que en conjunto hacen posible el funcionamiento del servicio de salud en M\u00e9xico.<\/p>\n<p>La presidenta Sheinbaum, no s\u00f3lo recibi\u00f3 una caja contable vac\u00eda, sino obras inconclusas y con deficiencias, y tendr\u00e1 que apechugarlas calladamente, por disciplina partidista. No le queda otra, que entrarle al rescate de Morena con actos de su gobierno que confirme a los ciudadanos que no se equivocaron al votar por ella. El sepulturero del partido ya se fue, y como heredera del poder y de la historia de ese instituto pol\u00edtico, tiene que seguir escribiendo nuevos cap\u00edtulos con tinta guinda, y hacer un esfuerzo desmesurado para que el partido no se le desmorone en sus manos.<\/p>\n<p>La de la pluma hace votos porque se logren los mejores resultados en la gesti\u00f3n de Claudia Sheinbaum, no s\u00f3lo por el pa\u00eds, sino, porque siendo la primera mujer que ocupa la presidencia de la Rep\u00fablica, su gobierno dejar\u00e1 un precedente, que puede abrir o cerrar puertas al g\u00e9nero. El desempe\u00f1o de las primeras alcaldesas y gobernadoras abrieron camino en la pol\u00edtica a las mujeres de esta \u00e9poca, y la actuaci\u00f3n de la doctora es la apertura a otros niveles de competencia.<\/p>\n<p><strong>A BAJAR EL SWICHE, POR EL BIEN DE TODOS<\/strong>. \u2013 El exhorto de la senadora tampique\u00f1a Olga Sosa, formulado en la C\u00e1mara Alta, de emprender una campa\u00f1a para concientiza sobre un mejor uso del servicio de energ\u00eda el\u00e9ctrica, es muy oportuno Urge fomentar una cultura del ahorro del fluido y su uso eficiente, lo cual est\u00e1 muy bien en estos tiempos, no s\u00f3lo por lo que representa en el bolsillo del consumidor dom\u00e9stico, sino porque el Gobierno Federal en los \u00faltimos a\u00f1os, no hizo nada por mejorar las condiciones de generaci\u00f3n de fluido el\u00e9ctrico.<\/p>\n<p>Tan s\u00f3lo en Tamaulipas, hemos observado el crecimiento de la zona industrial en el corredor de Altamira, pero la capacidad del servicio no ha caminado al mismo ritmo de crecimiento.<\/p>\n<p>Tenemos ya un problema en el abasto. Tan solo en Victoria donde la ciudad tambi\u00e9n ha crecido; en las horas pico de consumo por el uso de aires acondicionados, se observan \u201cbajones\u201d, incluso interrupciones que han ido m\u00e1s all\u00e1, de los 5 minutos, que la misma empresa tiene considerado como suficientes para resolver los apagones.<\/p>\n<p>La inversi\u00f3n federal se estanc\u00f3 en los \u00faltimos seis a\u00f1os de gobierno de ya sabe usted Quien. Periodo en que se emprendieron nuevas aventuras de inversi\u00f3n, que hoy est\u00e1n en pausa, esperando salir del \u201cbache\u201d financiero actual.<\/p>\n<p>En fin, el tema es que, hay que sembrar conciencia en las personas para que, foco que no se necesita se apague, televisi\u00f3n que nadie est\u00e1 viendo, tambi\u00e9n. Los empresarios cuidan el gasto de luz, porque merma sus ganancias; pero el ciudadano com\u00fan no tiene esa cultura del ahorro, si bien ya compra focos Led y aparatos de bajo consumo, la iluminaci\u00f3n en \u00e9poca navide\u00f1a disminuy\u00f3, a\u00fan le falta por adquirir h\u00e1bitos que en autom\u00e1tico frenen el uso innecesario de aparatos el\u00e9ctricos.<\/p>\n<p>Es urgente \u201cbajarle al swich\u201d porque la luz es comodidad, y es operatividad en \u00e1reas como la cocina. Una vida c\u00f3moda con ventiladores, enfriadores que operan con agua y los aires acondicionados, depende en gran parte del uso racional del servicio el\u00e9ctrico. As\u00ed que m\u00e1s vale seguir el consejo de la senadora Sosa.<\/p>\n","protected":false},"excerpt":{"rendered":"<p>Las Rutas de Salud implementadas por el gobierno de la presidenta Claudia Sheinbaum y replicadas por los gobernadores de las 32 entidades del pa\u00eds, es ante todo una respuesta pol\u00edtica, cuyo objetivo principal es cambar la percepci\u00f3n de desabasto que dej\u00f3 el sexenio federal inmediato anterior. En los pr\u00f3ximos meses veremos y podremos confirmar, si [&hellip;]<\/p>\n","protected":false},"author":1,"featured_media":208763,"comment_status":"closed","ping_status":"closed","sticky":false,"template":"","format":"standard","meta":{"footnotes":""},"categories":[16],"tags":[],"class_list":["post-209956","post","type-post","status-publish","format-standard","has-post-thumbnail","hentry","category-opinion"],"_links":{"self":[{"href":"https:\/\/www.elsinodaldetamaulipas.com.mx\/index.php?rest_route=\/wp\/v2\/posts\/209956","targetHints":{"allow":["GET"]}}],"collection":[{"href":"https:\/\/www.elsinodaldetamaulipas.com.mx\/index.php?rest_route=\/wp\/v2\/posts"}],"about":[{"href":"https:\/\/www.elsinodaldetamaulipas.com.mx\/index.php?rest_route=\/wp\/v2\/types\/post"}],"author":[{"embeddable":true,"href":"https:\/\/www.elsinodaldetamaulipas.com.mx\/index.php?rest_route=\/wp\/v2\/users\/1"}],"replies":[{"embeddable":true,"href":"https:\/\/www.elsinodaldetamaulipas.com.mx\/index.php?rest_route=%2Fwp%2Fv2%2Fcomments&post=209956"}],"version-history":[{"count":1,"href":"https:\/\/www.elsinodaldetamaulipas.com.mx\/index.php?rest_route=\/wp\/v2\/posts\/209956\/revisions"}],"predecessor-version":[{"id":209957,"href":"https:\/\/www.elsinodaldetamaulipas.com.mx\/index.php?rest_route=\/wp\/v2\/posts\/209956\/revisions\/209957"}],"wp:featuredmedia":[{"embeddable":true,"href":"https:\/\/www.elsinodaldetamaulipas.com.mx\/index.php?rest_route=\/wp\/v2\/media\/208763"}],"wp:attachment":[{"href":"https:\/\/www.elsinodaldetamaulipas.com.mx\/index.php?rest_route=%2Fwp%2Fv2%2Fmedia&parent=209956"}],"wp:term":[{"taxonomy":"category","embeddable":true,"href":"https:\/\/www.elsinodaldetamaulipas.com.mx\/index.php?rest_route=%2Fwp%2Fv2%2Fcategories&post=209956"},{"taxonomy":"post_tag","embeddable":true,"href":"https:\/\/www.elsinodaldetamaulipas.com.mx\/index.php?rest_route=%2Fwp%2Fv2%2Ftags&post=209956"}],"curies":[{"name":"wp","href":"https:\/\/api.w.org\/{rel}","templated":true}]}}