{"id":209958,"date":"2025-08-21T18:49:58","date_gmt":"2025-08-21T22:49:58","guid":{"rendered":"https:\/\/www.elsinodaldetamaulipas.com.mx\/?p=209958"},"modified":"2025-08-21T18:49:58","modified_gmt":"2025-08-21T22:49:58","slug":"policastros","status":"publish","type":"post","link":"https:\/\/www.elsinodaldetamaulipas.com.mx\/?p=209958","title":{"rendered":"POLICASTROS"},"content":{"rendered":"<div class=\"post-content\">\n<h2>GOLPE A GOLPE<\/h2>\n<p>&nbsp;<\/p>\n<p>Por Juan S\u00e1nchez Mendoza<\/p>\n<p>El recurso con que la insuflada \u2018clase pol\u00edtica\u2019 de Movimiento Regeneraci\u00f3n Nacional (morena) pretende justificar el desorden pol\u00edtico en M\u00e9xico es que la ahora mentada oposici\u00f3n (llamada \u2018PriAn\u2019) es la causante de todo mal. Y por eso la perorata de sus dirigentes est\u00e1 orientada a echarle la culpa, aun cuando ostentan un poder cuasi omn\u00edmodo.<\/p>\n<p>De ah\u00ed un d\u00eda s\u00ed (y al otro tambi\u00e9n), sigan culpando a sus antecesores, priistas y panistas, del status quo, cuando han estado ya casi durante siete a\u00f1os usufructuando el control de los poderes Ejecutivo y Legislativo \u2013hasta el momento\u2013, y a partir del uno de octubre lo har\u00e1n con el Judicial.<\/p>\n<p>\u00bfAcaso lo mejor no es mirar hacia adelante? \u00bfY construir o reconstruir lo que para ellos estuvo \u2018err\u00f3neamente\u2019 construido?<\/p>\n<p>As\u00ed lo creo.<\/p>\n<p>Entonces \u00bfqu\u00e9 necedad hay en insistir que, en el pasado, todo estuvo mal hecho para justificar un cambio de piel?<\/p>\n<p>Obviamente, esos \u2018camaleones\u2019 son los m\u00e1s fren\u00e9ticos en remontarse al pasado, donde igual procuraron figurar, para ahora justificar su mutaci\u00f3n y mostrarse como salvadores de la Patria, cuando, a lo m\u00e1s que llegan, as\u00ed lo creo, es simple y llanamente ser saltimbanquis de la pol\u00edtica, prestos a la orden de sus superiores.<\/p>\n<p>Los vemos en al \u00e1mbito federal y en la geograf\u00eda estatal, mostr\u00e1ndose \u2018graciosos\u2019, \u2018propositivos\u2019, \u2018perdona vidas\u2019, escondiendo su aviesa intenci\u00f3n de querer utilizar a los medios de comunicaci\u00f3n masiva para difundir tantas mentiras que elucubran para disfrazar su connivencia.<\/p>\n<p>De ah\u00ed que nadie les crea. Pero, han dado en buscar el amparo de las instancias federales y estales para amordazar a la prensa, olvidando, ellos, que hay todav\u00eda quienes creemos en la libertad de expresi\u00f3n.<\/p>\n<p>Los policastros, para que quede bien claro, son los pol\u00edticos inh\u00e1biles, rastreros, mal intencionados, que act\u00faan con fines y medios turbios, seg\u00fan la definici\u00f3n literaria.<\/p>\n<p>Y en morena, pululan.<\/p>\n<p>Empezando con Andr\u00e9s Manuel, alias \u2018El Chiquito Andy\u2019; Luisa Mar\u00eda Alcalde Luj\u00e1n y Alfonso Durazo Monta\u00f1o, quienes no comulgan con Ad\u00e1n Augusto L\u00f3pez Hern\u00e1ndez, Ricardo Monreal \u00c1vila y Jos\u00e9 Gerardo Rodolfo Fern\u00e1ndez Noro\u00f1a, quienes han sido militantes priistas o perredistas y son actualmente parta de la nomenclatura importante de morena<\/p>\n<p>En el plano estatal, asoman otros \u2018camaleones\u2019 \u2013Humberto Armando Prieto Herrera es el m\u00e1s visible, por su ex militancia panista\u2013, pero, en la actualidad, se muestran m\u00e1s transformadores que el mismo \u2018Peje\u2019, como, en su oportunidad, lo hicieran los m\u00e1s papistas que el Papa.<\/p>\n<p><strong>Otro descarrilamiento<\/strong><\/p>\n<p>El descarrilamiento m\u00e1s reciente del Tren Maya, ocurrido el martes que nos antecede, obliga a la C\u00e1mara de Diputados a exigir la comparecencia de su director \u2013el general \u00d3scar David Lozano \u00c1guila\u2013, para que explique cu\u00e1les fueron las fallas t\u00e9cnicas y\/o humanas en este nuevo percance ferroviario.<\/p>\n<p>Sobre todo, porque el proyecto insignia del ex presidente ha dejado de ser confiable para quienes pueblan Chiapas, Campeche, Tabasco, Yucat\u00e1n y Quintana Roo, como para el alto turismo que registra el sureste del pa\u00eds y que, desde el primer incidente, ha optado en trasladarse en transporte m\u00e1s seguro.<\/p>\n<p>Hasta junio 30 del mes en curso, en el Tren Maya fueron invertidos +\/- 541 mil 890 millones de pesos. Y anualmente se destinan cerca de seis mil millones en su operaci\u00f3n. Pero s\u00f3lo ha tenido una \u2018recuperaci\u00f3n\u2019 cercana a los 600 millones, hasta ahora, lo que hace presumir que es un proyecto sin raz\u00f3n de ser.<\/p>\n<p>Por cierto, le recuero lo accidentes m\u00e1s recientes del Tren Maya:<\/p>\n<p><strong>+<\/strong>\u00a025 de marzo de 2024, en la estaci\u00f3n Tixkokob (Yucat\u00e1n):<\/p>\n<p><strong>+<\/strong>\u00a030 de enero de 2025. Estaci\u00f3n Limones (Quintana Roo); y<\/p>\n<p><strong>+<\/strong>\u00a019 de agosto de 2025: Estaci\u00f3n Izamal (Yucat\u00e1n).<\/p>\n<p>La lista de accidentes en los que se ha visto involucrado el Tren Maya inici\u00f3 la ma\u00f1ana del 25 de marzo de 2024, cuando un convoy se descarril\u00f3 en la estaci\u00f3n Tixkokob, en Yucat\u00e1n.<\/p>\n<p>En esa ocasi\u00f3n, la empresa del Tren Maya inform\u00f3: \u201cel cuarto vag\u00f3n del tren D006 experiment\u00f3 una interrupci\u00f3n del flujo sobre la v\u00eda, pero sin registrar afectaciones humanas, ni materiales.<\/p>\n<p>La segunda vez que se descarril\u00f3 el Tren Maya ocurri\u00f3 el 30 de enero de 2025 cerca de la estaci\u00f3n Limones, en el estado de Quintana Roo. Y se dijo que la unidad transportaba toneladas de balasto cuando se descarril\u00f3 y se volte\u00f3 sobre su costado izquierdo.<\/p>\n<p>De manera extraoficial se inform\u00f3 sobre una persona herida.<\/p>\n<p>La tercera vez que se descarril\u00f3 el Tren Maya ocurri\u00f3 el 19 de agosto de 2025 en la estaci\u00f3n de Izamal, estado de Yucat\u00e1n, dentro del Tramo 3.<\/p>\n<p>Ciertamente en ninguno de los casos hubo fallecidos<\/p>\n<p>Pero eso no obsta para realizar inspecciones profundas en todo el sistema para prevenir accidentes mayores.<\/p>\n<p>Correo:\u00a0<a href=\"mailto:jusam_gg@hitmail.com\" target=\"_blank\" rel=\"noreferrer noopener\">jusam_gg@hitmail.com<\/a><\/p>\n<\/div>\n","protected":false},"excerpt":{"rendered":"<p>GOLPE A GOLPE &nbsp; Por Juan S\u00e1nchez Mendoza El recurso con que la insuflada \u2018clase pol\u00edtica\u2019 de Movimiento Regeneraci\u00f3n Nacional (morena) pretende justificar el desorden pol\u00edtico en M\u00e9xico es que la ahora mentada oposici\u00f3n (llamada \u2018PriAn\u2019) es la causante de todo mal. Y por eso la perorata de sus dirigentes est\u00e1 orientada a echarle la [&hellip;]<\/p>\n","protected":false},"author":1,"featured_media":207273,"comment_status":"closed","ping_status":"closed","sticky":false,"template":"","format":"standard","meta":{"footnotes":""},"categories":[16],"tags":[],"class_list":["post-209958","post","type-post","status-publish","format-standard","has-post-thumbnail","hentry","category-opinion"],"_links":{"self":[{"href":"https:\/\/www.elsinodaldetamaulipas.com.mx\/index.php?rest_route=\/wp\/v2\/posts\/209958","targetHints":{"allow":["GET"]}}],"collection":[{"href":"https:\/\/www.elsinodaldetamaulipas.com.mx\/index.php?rest_route=\/wp\/v2\/posts"}],"about":[{"href":"https:\/\/www.elsinodaldetamaulipas.com.mx\/index.php?rest_route=\/wp\/v2\/types\/post"}],"author":[{"embeddable":true,"href":"https:\/\/www.elsinodaldetamaulipas.com.mx\/index.php?rest_route=\/wp\/v2\/users\/1"}],"replies":[{"embeddable":true,"href":"https:\/\/www.elsinodaldetamaulipas.com.mx\/index.php?rest_route=%2Fwp%2Fv2%2Fcomments&post=209958"}],"version-history":[{"count":1,"href":"https:\/\/www.elsinodaldetamaulipas.com.mx\/index.php?rest_route=\/wp\/v2\/posts\/209958\/revisions"}],"predecessor-version":[{"id":209959,"href":"https:\/\/www.elsinodaldetamaulipas.com.mx\/index.php?rest_route=\/wp\/v2\/posts\/209958\/revisions\/209959"}],"wp:featuredmedia":[{"embeddable":true,"href":"https:\/\/www.elsinodaldetamaulipas.com.mx\/index.php?rest_route=\/wp\/v2\/media\/207273"}],"wp:attachment":[{"href":"https:\/\/www.elsinodaldetamaulipas.com.mx\/index.php?rest_route=%2Fwp%2Fv2%2Fmedia&parent=209958"}],"wp:term":[{"taxonomy":"category","embeddable":true,"href":"https:\/\/www.elsinodaldetamaulipas.com.mx\/index.php?rest_route=%2Fwp%2Fv2%2Fcategories&post=209958"},{"taxonomy":"post_tag","embeddable":true,"href":"https:\/\/www.elsinodaldetamaulipas.com.mx\/index.php?rest_route=%2Fwp%2Fv2%2Ftags&post=209958"}],"curies":[{"name":"wp","href":"https:\/\/api.w.org\/{rel}","templated":true}]}}