{"id":209962,"date":"2025-08-21T19:08:39","date_gmt":"2025-08-21T23:08:39","guid":{"rendered":"https:\/\/www.elsinodaldetamaulipas.com.mx\/?p=209962"},"modified":"2025-08-21T19:08:39","modified_gmt":"2025-08-21T23:08:39","slug":"muchos-anos-tardo-pero-llego-la-justicia","status":"publish","type":"post","link":"https:\/\/www.elsinodaldetamaulipas.com.mx\/?p=209962","title":{"rendered":"MUCHOS A\u00d1OS TARD\u00d3, PERO LLEG\u00d3 LA JUSTICIA"},"content":{"rendered":"<p>Tomado de Redacci\u00f3n Elefante Blanco<\/p>\n<p>Ciudad Victoria.- Luego m\u00e1s de una d\u00e9cada, la Fiscal\u00eda General de Justicia de Tamaulipas logr\u00f3 una sentencia de 131 a\u00f1os, 6 meses y 3 d\u00edas de prisi\u00f3n contra Enrique Yoel \u201cR\u201d, acusado de secuestro, homicidio y asociaci\u00f3n delictuosa por el asesinato de Karen Alejandra Salinas Rodr\u00edguez, hija de la activista Miriam Rodr\u00edguez Mart\u00ednez.<\/p>\n<p>&nbsp;<\/p>\n<p>El fallo fue emitido por un Juez Mixto de Primera Instancia, quien acredit\u00f3 con \u201cpruebas contundentes\u201d la participaci\u00f3n de Enrique Yoel \u201cR\u201d en los delitos cometidos el 22 de enero de 2014 en San Fernando. Este caso fue tramitado por la Fiscal\u00eda General de Justicia del Estado de Tamaulipas (FGJT).<\/p>\n<p>Secuestro y muerte de Karen Alejandra<\/p>\n<p>&nbsp;<\/p>\n<p>Karen Alejandra fue secuestrada el 22 de enero de 2014 en San Fernando, Tamaulipas. Aunque se pag\u00f3 un rescate, la menor no fue devuelta y posteriormente fue localizada muerta.<\/p>\n<p>&nbsp;<\/p>\n<p>En respuesta a la ausencia de acci\u00f3n gubernamental, Miriam Rodr\u00edguez Mart\u00ednez inici\u00f3 una investigaci\u00f3n personal. Se disfraz\u00f3 como encuestadora, trabajadora de salud y funcionaria electoral para recopilar informaci\u00f3n y logr\u00f3 identificar a los responsables. Gracias a su labor, se detuvieron varias personas implicadas en el crimen.<\/p>\n<p>Asesinato de Miriam Rodr\u00edguez<\/p>\n<p>&nbsp;<\/p>\n<p>El 10 de mayo de 2017, D\u00eda de las Madres, Miriam Rodr\u00edguez fue asesinada a balazos frente a su casa, a pesar de haber solicitado protecci\u00f3n que nunca le fue concedida.<\/p>\n<p>&nbsp;<\/p>\n<p>Miriam se convirti\u00f3 en un referente nacional e internacional en la lucha contra las desapariciones forzadas en Tamaulipas, incluso inspirando la pel\u00edcula La Civil, protagonizada por Arcelia Ram\u00edrez, que obtuvo una ovaci\u00f3n en el Festival de Cannes.<\/p>\n<p>&nbsp;<\/p>\n<p>La Fiscal\u00eda record\u00f3 que \u201cla familia Salinas Mart\u00ednez contin\u00faa con procesos abiertos por el asesinato de Miriam Rodr\u00edguez y por el caso de Karen Alejandra, asegurando que ambos ser\u00e1n atendidos con prioridad\u201d.<\/p>\n","protected":false},"excerpt":{"rendered":"<p>Tomado de Redacci\u00f3n Elefante Blanco Ciudad Victoria.- Luego m\u00e1s de una d\u00e9cada, la Fiscal\u00eda General de Justicia de Tamaulipas logr\u00f3 una sentencia de 131 a\u00f1os, 6 meses y 3 d\u00edas de prisi\u00f3n contra Enrique Yoel \u201cR\u201d, acusado de secuestro, homicidio y asociaci\u00f3n delictuosa por el asesinato de Karen Alejandra Salinas Rodr\u00edguez, hija de la activista [&hellip;]<\/p>\n","protected":false},"author":1,"featured_media":209963,"comment_status":"closed","ping_status":"closed","sticky":false,"template":"","format":"standard","meta":{"footnotes":""},"categories":[25,1],"tags":[],"class_list":["post-209962","post","type-post","status-publish","format-standard","has-post-thumbnail","hentry","category-leyyorden","category-portada"],"_links":{"self":[{"href":"https:\/\/www.elsinodaldetamaulipas.com.mx\/index.php?rest_route=\/wp\/v2\/posts\/209962","targetHints":{"allow":["GET"]}}],"collection":[{"href":"https:\/\/www.elsinodaldetamaulipas.com.mx\/index.php?rest_route=\/wp\/v2\/posts"}],"about":[{"href":"https:\/\/www.elsinodaldetamaulipas.com.mx\/index.php?rest_route=\/wp\/v2\/types\/post"}],"author":[{"embeddable":true,"href":"https:\/\/www.elsinodaldetamaulipas.com.mx\/index.php?rest_route=\/wp\/v2\/users\/1"}],"replies":[{"embeddable":true,"href":"https:\/\/www.elsinodaldetamaulipas.com.mx\/index.php?rest_route=%2Fwp%2Fv2%2Fcomments&post=209962"}],"version-history":[{"count":1,"href":"https:\/\/www.elsinodaldetamaulipas.com.mx\/index.php?rest_route=\/wp\/v2\/posts\/209962\/revisions"}],"predecessor-version":[{"id":209964,"href":"https:\/\/www.elsinodaldetamaulipas.com.mx\/index.php?rest_route=\/wp\/v2\/posts\/209962\/revisions\/209964"}],"wp:featuredmedia":[{"embeddable":true,"href":"https:\/\/www.elsinodaldetamaulipas.com.mx\/index.php?rest_route=\/wp\/v2\/media\/209963"}],"wp:attachment":[{"href":"https:\/\/www.elsinodaldetamaulipas.com.mx\/index.php?rest_route=%2Fwp%2Fv2%2Fmedia&parent=209962"}],"wp:term":[{"taxonomy":"category","embeddable":true,"href":"https:\/\/www.elsinodaldetamaulipas.com.mx\/index.php?rest_route=%2Fwp%2Fv2%2Fcategories&post=209962"},{"taxonomy":"post_tag","embeddable":true,"href":"https:\/\/www.elsinodaldetamaulipas.com.mx\/index.php?rest_route=%2Fwp%2Fv2%2Ftags&post=209962"}],"curies":[{"name":"wp","href":"https:\/\/api.w.org\/{rel}","templated":true}]}}