{"id":209968,"date":"2025-08-21T20:53:03","date_gmt":"2025-08-22T00:53:03","guid":{"rendered":"https:\/\/www.elsinodaldetamaulipas.com.mx\/?p=209968"},"modified":"2025-08-21T20:53:03","modified_gmt":"2025-08-22T00:53:03","slug":"damaso-anaya-reconoce-magmn9itud-de-la-obra-de-almaraz","status":"publish","type":"post","link":"https:\/\/www.elsinodaldetamaulipas.com.mx\/?p=209968","title":{"rendered":"D\u00c1MASO ANAYA, RECONOCE MAGMN9ITUD DE LA OBRA DE ALMARAZ"},"content":{"rendered":"<p>*Recuerdo que saliendo de la comida con motivo del \u201cD\u00eda del Periodista\u201d en Suelo Victorense, fren\u00e9 el paso del rector de la Universidad Aut\u00f3noma de Tamaulipas <strong>D\u00c1MASO ANAYA ALVARADO<\/strong>, y le pregunt\u00e9: \u00bfPorque esa buena relaci\u00f3n con el alcalde de Suelo Riobravense <strong>MIGUEL \u00c1NGEL ALMARAZ MALDONADO?<\/strong><br \/>\nSolt\u00f3 una risa, y solo una breve respuesta: \u201cCon todos\u201d, y se iba a extender, pero bajaba el gobernador <strong>AM\u00c9RICO VILLARREAL ANAYA,<\/strong> y los elementos de seguridad pidieron que se avanzar\u00e1 y ya no se pudo continuar con la charla con el rector.<br \/>\nY efectivamente esa buena relaci\u00f3n, a lo mejor rayando en lo excelente, se da entre ambos y una prueba contundente de ello es que el rector Anaya Alvarado, vino desde la capital del estado exclusivamente a mi querido y adorado pueblo a darle las gracias al alcalde Almaraz Maldonado, por pavimentar la brecha 115, que es la arteria vehicular que transitan los estudiantes, maestros y padres de familia, lleguen a la Unidad Multidisciplinaria.<br \/>\nAhora llegaran a su destino sin ning\u00fan contratiempo.<br \/>\nHasta filmaron un video, tir\u00e1ndose flores mutuamente y es valido porque en el pensamiento de ambos est\u00e1 el bienestar de los j\u00f3venes y futuros profesionistas.<br \/>\nY honor a quien honor merece.<br \/>\nDurante su visita a Suelo Riobravense el rector Anaya Alvarado, tuvo una charla productiva con hombres del campo.<br \/>\nEn una acci\u00f3n conjunta para fortalecer el desarrollo del sector agr\u00edcola en el estado, acompa\u00f1\u00f3 al subsecretario de Desarrollo Agr\u00edcola, <strong>ELISEO CAMACHO NIETO<\/strong> en representaci\u00f3n del secretario de Desarrollo Rural, Pesca y Acuacultura <strong>ANTONIO VARELA FLORES<\/strong>, a una visita de supervisi\u00f3n a la despepitadora de algod\u00f3n y a los cultivos de ajonjol\u00ed.<br \/>\n*ATENDI\u00d3 en Palacio de Gobierno el Gobernador <strong>AM\u00c9RICO VILLARREAL ANAYA<\/strong>, a funcionarios de Petr\u00f3leos Mexicanos y de la empresa Iberoamericana de Hidrocarburos, con la finalidad de poner sobre la mesa temas estrat\u00e9gicos relacionados con la industria energ\u00e9tica en la entidad y seguir fortaleciendo la colaboraci\u00f3n institucional.<br \/>\nEn la reuni\u00f3n de trabajo estuvieron R<strong>ICARDO FRITZ <\/strong>y <strong>RAMIRO REND\u00d3N<\/strong> por parte de Pemex, exponiendo diversos temas vinculados con las acciones de responsabilidad civil de la empresa productiva del Estado.<br \/>\nSe cont\u00f3 con la presencia del director de la empresa de hidrocarburos JOS\u00c9 LUIS HERN\u00c1NDEZ SIFONTES, quien manifest\u00f3 el inter\u00e9s de la compa\u00f1\u00eda en continuar generando sinergias con el gobierno estatal para impulsar proyectos que beneficien a las comunidades y fortalezcan el desarrollo sustentable en Tamaulipas.<br \/>\nEl doctor gobernador destac\u00f3 la importancia de mantener un di\u00e1logo constante entre autoridades y actores clave del sector energ\u00e9tico, con el fin de garantizar el bienestar social, el cumplimiento normativo y el respeto al medio ambiente en todas las actividades relacionadas con la exploraci\u00f3n, producci\u00f3n y transporte de hidrocarburos, queda de manifiesto el compromiso del Gobierno de Tamaulipas de trabajar de manera coordinada con empresas p\u00fablicas y privadas, priorizando la responsabilidad social y el desarrollo econ\u00f3mico del estado.<br \/>\nComo parte de los acuerdos, se confirm\u00f3 la construcci\u00f3n del Hospital General en el municipio de San Fernando, la cual ya es una realidad y cuya edificaci\u00f3n dar\u00e1 inicio en poco tiempo; obra permitir\u00e1 fortalecer la infraestructura de salud en la regi\u00f3n y garantizar el cumplimiento de las obligaciones sociales estipuladas en el PACMA.<br \/>\n*TARDE pero no le hace, cuando ya todo mundo pensaba que el crimen de los dos cercanos colaboradores de la gobernadora de la Ciudad de M\u00e9xico <strong>CLARA BRUGADA, iban a quedar en la absoluta impunidad, sopas perico, que dan el campanazo.<\/strong><br \/>\nA tres meses del asesinato de <strong>XIMENA GUZM\u00c1N<\/strong> y<strong> JOS\u00c9 MU\u00d1OZ,<\/strong> las autoridades informaron la detenci\u00f3n de 13 personas presuntamente vinculadas al crimen, entre ellas tres se\u00f1aladas como autores materiales.<br \/>\nEl operativo, realizado en coordinaci\u00f3n con el gobierno federal, incluy\u00f3 11 cateos en inmuebles de la Ciudad de M\u00e9xico y el Estado de M\u00e9xico, donde se incautaron veh\u00edculos y se rastrearon rutas de escape utilizadas por los agresores.<br \/>\nAunque el ataque qued\u00f3 registrado en video y se identificaron a varios implicados por labores de inteligencia, el tirador principal a\u00fan no ha sido capturado.<br \/>\nHasta el momento, las autoridades no han revelado el m\u00f3vil del doble homicidio, lo que mantiene abiertas diversas l\u00edneas de investigaci\u00f3n, incluyendo posibles v\u00ednculos con redes delictivas locales.<br \/>\nLa fiscal\u00eda capitalina ha reiterado que la indagatoria sigue en curso y que no se descansar\u00e1 hasta esclarecer completamente los hechos.<br \/>\n*EL PAISANO secretario General de Gobierno \u201cEl Calabazo\u201d, encabez\u00f3 la instalaci\u00f3n del Comit\u00e9 Estatal de Informaci\u00f3n Estad\u00edstica y Geogr\u00e1fica de Tamaulipas, en sesi\u00f3n presidida de manera virtual, en calidad de presidente y con ello darle cumplimiento al convenio celebrado entre el Gobierno del Estado de Tamaulipas y el Instituto Nacional de Estad\u00edstica y Geograf\u00eda.<br \/>\n\u201cEl Calabazo\u201d, destac\u00f3 que este comit\u00e9 representa un espacio de coordinaci\u00f3n y trabajo conjunto entre instituciones estatales, con el prop\u00f3sito de fortalecer las pol\u00edticas p\u00fablicas a partir de informaci\u00f3n clara, precisa y \u00fatil, en consonancia con la visi\u00f3n humanista y social del gobernador <strong>AM\u00c9RICO VILLRREAL ANAYA<\/strong>.<br \/>\nExpresando: \u201cEste espacio tiene como misi\u00f3n fundamental establecer las bases para el desarrollo de un sistema s\u00f3lido de generaci\u00f3n, an\u00e1lisis y difusi\u00f3n de informaci\u00f3n estad\u00edstica y geogr\u00e1fica, que sirva de fundamento para la planeaci\u00f3n estrat\u00e9gica, tanto en el \u00e1mbito estatal como municipal; la informaci\u00f3n confiable y oportuna es una herramienta indispensable para el dise\u00f1o de pol\u00edticas p\u00fablicas efectivas y para la correcta toma de decisiones en beneficio de nuestra sociedad\u201d.<br \/>\n*PESE A TODAS las cochinadas que se vieron durante la elecci\u00f3n del nuevo Poder Judicial, fue algo maravilloso dijo la presidenta CLAUDIA SHEINBAUM, el Tribunal Electoral del Poder Judicial de la Federaci\u00f3n, valid\u00f3 este martes la elecci\u00f3n de ministros de la Suprema Corte, magistrados y jueces por voto popular.<br \/>\nReconoci\u00f3 la existencia de los llamados acordeones que guiaban a los ciudadanos sobre por qui\u00e9n votar, pero hasta ah\u00ed.<br \/>\nTramposos y burros, de ese calibre ser\u00e1n los nuevos miembros del Poder Judicial.<br \/>\nChulada mi M\u00e9xico.<br \/>\nEl M\u00e9xico de \u201cLa Cuatrot\u00e9\u201d.<br \/>\n*CERQUITA de los suyos, escuch\u00e1ndolos y hasta apapach\u00e1ndolos se vio a la alcaldesa de Suelo Neolaredense <strong>CARMEN LILIA CANTUROSAS VILLARREAL<\/strong>, al encabezar una nueva edici\u00f3n del programa \u201cPresidencia Cerquita de Ti, que en esta ocasi\u00f3n tuvo como sede la colonia El Campanario.<br \/>\nSe atienden en forma directa las necesidades m\u00e1s apremiantes de la ciudadan\u00eda, para que no le digan y no le cuenten a Carmen Lilia.<br \/>\nY expres\u00f3: \u201cNuestro objetivo es que la ciudadan\u00eda sienta la cercan\u00eda de su gobierno; que no tenga que trasladarse hasta la presidencia para ser atendida, porque nosotros estamos saliendo a las colonias para llevarles directamente los servicios que necesitan, de manera r\u00e1pida, sencilla y con calidez humana\u201d.<br \/>\nAdem\u00e1s, la alcaldesa hizo entrega de apoyos concretos tales como medicamentos, sillas de ruedas, atenci\u00f3n m\u00e9dica especializada y apoyos alimentarios.<br \/>\n*NO SE HAN visto muestras de solidaridad p\u00fablicas, de apoyo, respaldo para el compa\u00f1ero ca\u00eddo en desgracia en este caso el regidor del Gobierno Municipal de Suelo Riobravense <strong>BERNARDO \u201cNayo\u201d G\u00d3MEZ GUAJARDO<\/strong>, por parte de miembros del cuerpo edilicio, que se han visto como si la Virgen les hablara.<br \/>\nNayo enfrenta cargos criminales del otro lado dl r\u00edo \u201cBravo\u201d de una acusaci\u00f3n formal de ocho apartados que se\u00f1ala que los implicados presentaron solicitudes fraudulentas al Programa de Protecci\u00f3n de Cheques de Pago (PPP) y al Programa de Pr\u00e9stamos por Desastres Econ\u00f3micos (EIDL), creados por el gobierno gringo para apoyar a peque\u00f1as empresas durante la emergencia sanitaria.<br \/>\nLa investigaci\u00f3n detalla que, de junio de 2020 a noviembre de 2021, los acusados alteraron documentos fiscales y comerciales para inflar solicitudes y obtener mayores recursos; una vez aprobados, desviaron los fondos para gastos personales, inversiones privadas e incluso criptomonedas, en lugar de destinarlos a n\u00f3mina y operaciones de negocio.<br \/>\nLe preguntamos al presidente municipal <strong>MIGUEL \u00c1NGEL ALMARAZ MALDONADO<\/strong>, su opini\u00f3n sobre el tema, pero no tuvimos respuesta, mucho menos de algunos regidores, como diciendo: \u201cQue se las arregle solo\u201d.<br \/>\nCon esos amigos.<br \/>\nBueno, hay que reconocerlo, si le brind\u00f3 todo su respaldo y apoyo su compa\u00f1ero<strong> ROBERTO REYNA DE LE\u00d3N<\/strong>, que escribi\u00f3 en su cuenta de Facebook: \u201cHoy quiero decirlo claro: \u201cEl desprestigio y las cr\u00edticas sin fundamento nunca podr\u00e1n m\u00e1s que la verdad y los resultados\u201d.<br \/>\nY otras palabras de apoyo, de aliento, de solidaridad.<br \/>\nY presumi\u00f3 una foto desayunando con \u201cNayo\u201d.<br \/>\nY eso dej\u00f3 buenos comentarios por parte de conocidos personajes de Suelo Riobravense como<strong> BLANCA ESTHELA P\u00c9REZ, SALVADOR ABULARACH, PATRICIO GARZA FLORES, \u00c1NGEL V\u00c1ZQUEZ, JUAN MANUEL PINAL PADILL<\/strong>A, y otros m\u00e1s.<br \/>\nLa pregunt\u00e9, la tarde de este jueves, a Roberto como andaba de \u00e1nimo \u201cNayo\u201d, ante la dif\u00edcil situaci\u00f3n que atraviesa y esto me respondi\u00f3: \u201cAnda bien, aunque angustiado x la situaci\u00f3n, pero est\u00e1 bien\u201d.<br \/>\n*PORQUE a\u00fan hay tiempo no se le pase felicitar este jueves con motivo de sus cumplea\u00f1os a mi estimado amigo <strong>JORGE ADRI\u00c1N QUINTANILLA,<\/strong> al l\u00edder estatal de Acci\u00f3n Nacional <strong>LUIS REN\u00c9 \u201cEl Cachorro\u201d CANT\u00da GALV\u00c1N,<\/strong> a <strong>JOS\u00c9 JULI\u00c1N SACRAMENTO,<\/strong> al presb\u00edtero AL\u00c1N CAMARGO, y al comentarista deportivo en Espn <strong>ISMAEL \u201cEl Rocket\u201d VALDEZ.<\/strong><br \/>\nUn monumental abrazo y que vengan muchos m\u00e1s.<br \/>\nVolveremos, HL\u2026D\u2026M\u2026<br \/>\nCorreo electr\u00f3nico: barre283@hotmail.com<\/p>\n","protected":false},"excerpt":{"rendered":"<p>*Recuerdo que saliendo de la comida con motivo del \u201cD\u00eda del Periodista\u201d en Suelo Victorense, fren\u00e9 el paso del rector de la Universidad Aut\u00f3noma de Tamaulipas D\u00c1MASO ANAYA ALVARADO, y le pregunt\u00e9: \u00bfPorque esa buena relaci\u00f3n con el alcalde de Suelo Riobravense MIGUEL \u00c1NGEL ALMARAZ MALDONADO? Solt\u00f3 una risa, y solo una breve respuesta: \u201cCon [&hellip;]<\/p>\n","protected":false},"author":1,"featured_media":208752,"comment_status":"closed","ping_status":"closed","sticky":false,"template":"","format":"standard","meta":{"footnotes":""},"categories":[16],"tags":[],"class_list":["post-209968","post","type-post","status-publish","format-standard","has-post-thumbnail","hentry","category-opinion"],"_links":{"self":[{"href":"https:\/\/www.elsinodaldetamaulipas.com.mx\/index.php?rest_route=\/wp\/v2\/posts\/209968","targetHints":{"allow":["GET"]}}],"collection":[{"href":"https:\/\/www.elsinodaldetamaulipas.com.mx\/index.php?rest_route=\/wp\/v2\/posts"}],"about":[{"href":"https:\/\/www.elsinodaldetamaulipas.com.mx\/index.php?rest_route=\/wp\/v2\/types\/post"}],"author":[{"embeddable":true,"href":"https:\/\/www.elsinodaldetamaulipas.com.mx\/index.php?rest_route=\/wp\/v2\/users\/1"}],"replies":[{"embeddable":true,"href":"https:\/\/www.elsinodaldetamaulipas.com.mx\/index.php?rest_route=%2Fwp%2Fv2%2Fcomments&post=209968"}],"version-history":[{"count":1,"href":"https:\/\/www.elsinodaldetamaulipas.com.mx\/index.php?rest_route=\/wp\/v2\/posts\/209968\/revisions"}],"predecessor-version":[{"id":209969,"href":"https:\/\/www.elsinodaldetamaulipas.com.mx\/index.php?rest_route=\/wp\/v2\/posts\/209968\/revisions\/209969"}],"wp:featuredmedia":[{"embeddable":true,"href":"https:\/\/www.elsinodaldetamaulipas.com.mx\/index.php?rest_route=\/wp\/v2\/media\/208752"}],"wp:attachment":[{"href":"https:\/\/www.elsinodaldetamaulipas.com.mx\/index.php?rest_route=%2Fwp%2Fv2%2Fmedia&parent=209968"}],"wp:term":[{"taxonomy":"category","embeddable":true,"href":"https:\/\/www.elsinodaldetamaulipas.com.mx\/index.php?rest_route=%2Fwp%2Fv2%2Fcategories&post=209968"},{"taxonomy":"post_tag","embeddable":true,"href":"https:\/\/www.elsinodaldetamaulipas.com.mx\/index.php?rest_route=%2Fwp%2Fv2%2Ftags&post=209968"}],"curies":[{"name":"wp","href":"https:\/\/api.w.org\/{rel}","templated":true}]}}