{"id":209970,"date":"2025-08-21T21:35:52","date_gmt":"2025-08-22T01:35:52","guid":{"rendered":"https:\/\/www.elsinodaldetamaulipas.com.mx\/?p=209970"},"modified":"2025-08-21T21:38:25","modified_gmt":"2025-08-22T01:38:25","slug":"sub-secretario-de-educacion-superior-visita-uttn","status":"publish","type":"post","link":"https:\/\/www.elsinodaldetamaulipas.com.mx\/?p=209970","title":{"rendered":"SUB SECRETARIO DE EDUCACI\u00d3N SUPERIOR VISITA UTTN"},"content":{"rendered":"<p><em><strong>EL SINODAL DE TAMAULIPAS<\/strong><\/em><\/p>\n<p>Reynosa, Tamaulipas. &#8211;\u00a0 La Universidad Tecnol\u00f3gica de Tamaulipas Norte (UTTN) recibi\u00f3 este jueves la visita del Dr. Igor Crespo Sol\u00eds, Subsecretario de Educaci\u00f3n Media Superior y Superior del Estado de Tamaulipas, quien en compa\u00f1\u00eda del Rector Mtro. Edgar Garza Hern\u00e1ndez, realizaron un recorrido por las instalaciones de la universidad con el objetivo de constatar los avances, tanto en el \u00e1mbito acad\u00e9mico como en el fortalecimiento de su infraestructura f\u00edsica y tecnol\u00f3gica<\/p>\n<p>&nbsp;<\/p>\n<p>Durante su visita, el Dr. Crespo Sol\u00eds, recorri\u00f3 diversos espacios como los laboratorios especializados y los edificios acad\u00e9micos, donde pudo observar de primera mano el equipamiento y las condiciones en las que se forman los estudiantes de la UTTN.<\/p>\n<p><img loading=\"lazy\" decoding=\"async\" class=\"aligncenter wp-image-209974 size-full\" src=\"https:\/\/www.elsinodaldetamaulipas.com.mx\/wp-content\/uploads\/2025\/08\/TECNOLOGICA-2.jpg\" alt=\"\" width=\"894\" height=\"487\" srcset=\"https:\/\/www.elsinodaldetamaulipas.com.mx\/wp-content\/uploads\/2025\/08\/TECNOLOGICA-2.jpg 894w, https:\/\/www.elsinodaldetamaulipas.com.mx\/wp-content\/uploads\/2025\/08\/TECNOLOGICA-2-300x163.jpg 300w, https:\/\/www.elsinodaldetamaulipas.com.mx\/wp-content\/uploads\/2025\/08\/TECNOLOGICA-2-768x418.jpg 768w\" sizes=\"auto, (max-width: 894px) 100vw, 894px\" \/><\/p>\n<p>El Subsecretario reconoci\u00f3 el compromiso y la gesti\u00f3n del rector, Mtro. Edgar Garza Hern\u00e1ndez, destacando su labor al frente de la universidad y los resultados obtenidos en beneficio de la comunidad estudiantil.<\/p>\n<p>&nbsp;<\/p>\n<p>\u201cEl trabajo que se est\u00e1 realizando aqu\u00ed en la UTTN es un ejemplo del rumbo que debe seguir la educaci\u00f3n tecnol\u00f3gica en Tamaulipas, invit\u00f3 a los estudiantes aprovechar los programas, servicios y laboratorios que ofrece esta instituci\u00f3n educativa, ya que son programas acad\u00e9micos muy pertinentes al desarrollo econ\u00f3mico de la regi\u00f3n y que dan la oportunidad de insertarse de forma efectiva al campo laboral\u201d, expuso el subsecretario de educaci\u00f3n.<\/p>\n<p><img loading=\"lazy\" decoding=\"async\" class=\"aligncenter wp-image-209975 size-full\" src=\"https:\/\/www.elsinodaldetamaulipas.com.mx\/wp-content\/uploads\/2025\/08\/TECNOLOGICA-3.jpg\" alt=\"\" width=\"894\" height=\"487\" srcset=\"https:\/\/www.elsinodaldetamaulipas.com.mx\/wp-content\/uploads\/2025\/08\/TECNOLOGICA-3.jpg 894w, https:\/\/www.elsinodaldetamaulipas.com.mx\/wp-content\/uploads\/2025\/08\/TECNOLOGICA-3-300x163.jpg 300w, https:\/\/www.elsinodaldetamaulipas.com.mx\/wp-content\/uploads\/2025\/08\/TECNOLOGICA-3-768x418.jpg 768w\" sizes=\"auto, (max-width: 894px) 100vw, 894px\" \/><\/p>\n<p>Por su parte, el rector de la UTTN, Mtro. Edgar Garza Hern\u00e1ndez agradeci\u00f3 al subsecretario por su visita, en el que inform\u00f3 de los nuevos proyectos que se tienen para la comunidad estudiantil, priorizando el desarrollo de las competencias de los pr\u00f3ximos talentos que se van a integrar al sector productivo, agradeciendo tambi\u00e9n el apoyo del gobernador del estado Dr. Am\u00e9rico Villarreal Anaya y del Secretario de Educaci\u00f3n, Dr. Miguel \u00c1ngel Valdez Garc\u00eda.<\/p>\n","protected":false},"excerpt":{"rendered":"<p>EL SINODAL DE TAMAULIPAS Reynosa, Tamaulipas. &#8211;\u00a0 La Universidad Tecnol\u00f3gica de Tamaulipas Norte (UTTN) recibi\u00f3 este jueves la visita del Dr. Igor Crespo Sol\u00eds, Subsecretario de Educaci\u00f3n Media Superior y Superior del Estado de Tamaulipas, quien en compa\u00f1\u00eda del Rector Mtro. Edgar Garza Hern\u00e1ndez, realizaron un recorrido por las instalaciones de la universidad con el [&hellip;]<\/p>\n","protected":false},"author":1,"featured_media":209971,"comment_status":"closed","ping_status":"closed","sticky":false,"template":"","format":"standard","meta":{"footnotes":""},"categories":[1,2],"tags":[],"class_list":["post-209970","post","type-post","status-publish","format-standard","has-post-thumbnail","hentry","category-portada","category-reynosa"],"_links":{"self":[{"href":"https:\/\/www.elsinodaldetamaulipas.com.mx\/index.php?rest_route=\/wp\/v2\/posts\/209970","targetHints":{"allow":["GET"]}}],"collection":[{"href":"https:\/\/www.elsinodaldetamaulipas.com.mx\/index.php?rest_route=\/wp\/v2\/posts"}],"about":[{"href":"https:\/\/www.elsinodaldetamaulipas.com.mx\/index.php?rest_route=\/wp\/v2\/types\/post"}],"author":[{"embeddable":true,"href":"https:\/\/www.elsinodaldetamaulipas.com.mx\/index.php?rest_route=\/wp\/v2\/users\/1"}],"replies":[{"embeddable":true,"href":"https:\/\/www.elsinodaldetamaulipas.com.mx\/index.php?rest_route=%2Fwp%2Fv2%2Fcomments&post=209970"}],"version-history":[{"count":4,"href":"https:\/\/www.elsinodaldetamaulipas.com.mx\/index.php?rest_route=\/wp\/v2\/posts\/209970\/revisions"}],"predecessor-version":[{"id":209978,"href":"https:\/\/www.elsinodaldetamaulipas.com.mx\/index.php?rest_route=\/wp\/v2\/posts\/209970\/revisions\/209978"}],"wp:featuredmedia":[{"embeddable":true,"href":"https:\/\/www.elsinodaldetamaulipas.com.mx\/index.php?rest_route=\/wp\/v2\/media\/209971"}],"wp:attachment":[{"href":"https:\/\/www.elsinodaldetamaulipas.com.mx\/index.php?rest_route=%2Fwp%2Fv2%2Fmedia&parent=209970"}],"wp:term":[{"taxonomy":"category","embeddable":true,"href":"https:\/\/www.elsinodaldetamaulipas.com.mx\/index.php?rest_route=%2Fwp%2Fv2%2Fcategories&post=209970"},{"taxonomy":"post_tag","embeddable":true,"href":"https:\/\/www.elsinodaldetamaulipas.com.mx\/index.php?rest_route=%2Fwp%2Fv2%2Ftags&post=209970"}],"curies":[{"name":"wp","href":"https:\/\/api.w.org\/{rel}","templated":true}]}}