{"id":210005,"date":"2025-08-22T18:40:47","date_gmt":"2025-08-22T22:40:47","guid":{"rendered":"https:\/\/www.elsinodaldetamaulipas.com.mx\/?p=210005"},"modified":"2025-08-22T18:40:47","modified_gmt":"2025-08-22T22:40:47","slug":"educacion-superior","status":"publish","type":"post","link":"https:\/\/www.elsinodaldetamaulipas.com.mx\/?p=210005","title":{"rendered":"EDUCACI\u00d3N SUPERIOR"},"content":{"rendered":"<h3>\nPor Oscar D\u00edaz Salazar<\/h3>\n<p>En el siempre interesante tema de la educaci\u00f3n superior, tenemos dos buenas noticias en la regi\u00f3n de Reynosa \/ R\u00edo Bravo.<\/p>\n<p>La primera es el inicio de los estudios de ingeniera en agronom\u00eda en la Unidad Acad\u00e9mica de R\u00edo Bravo, para lo cual se present\u00f3 en el vecino municipio el rector de la Universidad Aut\u00f3noma de Tamaulipas, MVZ Damasco Anaya.<\/p>\n<p>La capital nacional del sorgo y granero del noreste de M\u00e9xico, contar\u00e1 a partir de este ciclo semestral escolar, con una escuela para la formaci\u00f3n de agr\u00f3nomos y eso por supuesto que es una excelente noticia.<\/p>\n<p>La pertinencia de crear la carrera de agronom\u00eda en R\u00edo Bravo es obvia\u2026 para los habitantes de la regi\u00f3n, y hasta me atrever\u00eda a comentar que se hab\u00edan tardado, aunque por supuesto que vale m\u00e1s tarde que nunca.<\/p>\n<p>La otra buena noticia, aunque en este momento sea solo una promesa para materializarse el a\u00f1o pr\u00f3ximo, es la creaci\u00f3n de una Universidad Rosario Castellanos.<\/p>\n<p>El anuncio de establecer en Reynosa un campus de lo que se pretende sea un sistema nacional de educacion superior cuyo modelo inici\u00f3 en la CDMX durante los gobiernos \u201cprogresistas\u201d, lo realiz\u00f3 el secretario de educaci\u00f3n del gobierno de Tamaulipas en el marco de su visita a Reynosa realizada esta misma semana.<\/p>\n<p>Positiva y muy constructiva fue la reuni\u00f3n del secretario Miguel \u00c1ngel Valdez con las figuras directivas del sistema educativo en Reynosa, y creo que la cereza del pastel para los reynosenses fue escuchar la promesa de contar con un plantel de la Universidad Rosario Castellanos a partir del pr\u00f3ximo a\u00f1o escolar.<\/p>\n<p>Supongo que en Altamira, que ser\u00e1 la otra sede de la Universidad \u201cRosario Castellanos\u201d el pr\u00f3ximo a\u00f1o, de acuerdo al anuncio del secretario Valdez, tambi\u00e9n estar\u00e1n contentos por esa nueva opci\u00f3n de preparaci\u00f3n profesional para sus j\u00f3venes.<\/p>\n<p>En resumen les digo que la escuela de agronom\u00eda en R\u00edo Bravo y la promesa de fundar una universidad el pr\u00f3ximo a\u00f1o en Reynosa, son dos excelentes noticias para el re inicio de las actividades educativas en nuestro Estado.<\/p>\n","protected":false},"excerpt":{"rendered":"<p>Por Oscar D\u00edaz Salazar En el siempre interesante tema de la educaci\u00f3n superior, tenemos dos buenas noticias en la regi\u00f3n de Reynosa \/ R\u00edo Bravo. La primera es el inicio de los estudios de ingeniera en agronom\u00eda en la Unidad Acad\u00e9mica de R\u00edo Bravo, para lo cual se present\u00f3 en el vecino municipio el rector [&hellip;]<\/p>\n","protected":false},"author":1,"featured_media":210006,"comment_status":"closed","ping_status":"closed","sticky":false,"template":"","format":"standard","meta":{"footnotes":""},"categories":[16],"tags":[],"class_list":["post-210005","post","type-post","status-publish","format-standard","has-post-thumbnail","hentry","category-opinion"],"_links":{"self":[{"href":"https:\/\/www.elsinodaldetamaulipas.com.mx\/index.php?rest_route=\/wp\/v2\/posts\/210005","targetHints":{"allow":["GET"]}}],"collection":[{"href":"https:\/\/www.elsinodaldetamaulipas.com.mx\/index.php?rest_route=\/wp\/v2\/posts"}],"about":[{"href":"https:\/\/www.elsinodaldetamaulipas.com.mx\/index.php?rest_route=\/wp\/v2\/types\/post"}],"author":[{"embeddable":true,"href":"https:\/\/www.elsinodaldetamaulipas.com.mx\/index.php?rest_route=\/wp\/v2\/users\/1"}],"replies":[{"embeddable":true,"href":"https:\/\/www.elsinodaldetamaulipas.com.mx\/index.php?rest_route=%2Fwp%2Fv2%2Fcomments&post=210005"}],"version-history":[{"count":1,"href":"https:\/\/www.elsinodaldetamaulipas.com.mx\/index.php?rest_route=\/wp\/v2\/posts\/210005\/revisions"}],"predecessor-version":[{"id":210007,"href":"https:\/\/www.elsinodaldetamaulipas.com.mx\/index.php?rest_route=\/wp\/v2\/posts\/210005\/revisions\/210007"}],"wp:featuredmedia":[{"embeddable":true,"href":"https:\/\/www.elsinodaldetamaulipas.com.mx\/index.php?rest_route=\/wp\/v2\/media\/210006"}],"wp:attachment":[{"href":"https:\/\/www.elsinodaldetamaulipas.com.mx\/index.php?rest_route=%2Fwp%2Fv2%2Fmedia&parent=210005"}],"wp:term":[{"taxonomy":"category","embeddable":true,"href":"https:\/\/www.elsinodaldetamaulipas.com.mx\/index.php?rest_route=%2Fwp%2Fv2%2Fcategories&post=210005"},{"taxonomy":"post_tag","embeddable":true,"href":"https:\/\/www.elsinodaldetamaulipas.com.mx\/index.php?rest_route=%2Fwp%2Fv2%2Ftags&post=210005"}],"curies":[{"name":"wp","href":"https:\/\/api.w.org\/{rel}","templated":true}]}}