{"id":210009,"date":"2025-08-22T18:45:41","date_gmt":"2025-08-22T22:45:41","guid":{"rendered":"https:\/\/www.elsinodaldetamaulipas.com.mx\/?p=210009"},"modified":"2025-08-22T18:45:41","modified_gmt":"2025-08-22T22:45:41","slug":"jr-como-senador-nada-digno-de-escribir-a-casa","status":"publish","type":"post","link":"https:\/\/www.elsinodaldetamaulipas.com.mx\/?p=210009","title":{"rendered":"JR, COMO SENADOR, NADA DIGNO DE ESCRIBIR A CASA"},"content":{"rendered":"<p>T E C L A Z O S<br \/>\nPor Guadalupe E. Gonz\u00e1lez<\/p>\n<p>X.-En el Estado, junto a Maki Ortiz, est\u00e1<br \/>\nconvertido \u201cen contumaz enemigo de Morena\u201d<br \/>\nQUIEN de plano \u201cno tiene moral y menos verg\u00fcenza\u201d es el Senador de<br \/>\nla Rep\u00fablica Jos\u00e9 Ram\u00f3n G\u00f3mez Leal \u201cEl Jr.\u201d, quien sin boletar hacia<br \/>\natr\u00e1s y verse como anda de sucio, sobre que ha hecho \u00e9l, como Senador<br \/>\nen Tamaulipas, el muy insensato y pendenciero DEL JOTAERRE, \u201cse<br \/>\npuso a discrepar, (con indirectas) contra el gobierno estatal\u201d, tir\u00e1ndole<br \/>\nque, \u201chay gobernadores que, se quieren agenciar (\u00e9l dijo achacar) la<br \/>\nreducci\u00f3n en la pobreza extrema\u201d.<br \/>\nEL C\u00cdNICO del \u201cJr.\u201d, al inicio del video que subi\u00f3 a las redes, habl\u00f3<br \/>\nexcelentemente del ex presidente Andr\u00e9s Manuel L\u00f3pez Obrador de<br \/>\nquien dijo que, los recursos que, en los pasados gobiernos, \u201cse<br \/>\ndestinaban a las despensas para abatir la pobreza\u201d, AMLO los destin\u00f3<br \/>\na las pensiones de los adultos mayores y que este beneficio, lo sigue<br \/>\nllevando \u00edntegramente la presidenta de M\u00e9xico Claudia Sheinbaum<br \/>\nPardo. Pero, LO QUE NO DIJO \u201cel Jr.\u201d, es \u00bfqu\u00e9 ha hecho \u00e9l, por<br \/>\nabatir la pobreza?,<br \/>\nY, SI NO hizo exposici\u00f3n alguna sobre el tema, es porque Jos\u00e9 Ram\u00f3n<br \/>\nG\u00f3mez Leal, \u201ces un inservible Senador\u201d. O que le diga al pueblo de<br \/>\nTamaulipas, \u201ccu\u00e1l ha sido su participaci\u00f3n en este rubro\u201d, ser\u00eda<br \/>\ninteresante saberlo \u00bfverdad?<br \/>\nTAMBI\u00c9N detall\u00f3 Jos\u00e9 Ram\u00f3n que, desde que lleg\u00f3 a la presidencia el<br \/>\nLic. Andr\u00e9s Manuel \u201clos salarios empezaron a aumentar\u201d y, ya lo<br \/>\nanunci\u00f3 nuestra presidenta que, \u201cvan a seguir aumentando\u201d, otro de<br \/>\nlos detalles a los que, \u201cel oportunista y acomodaticio Jr.\u201d hizo hincapi\u00e9<\/p>\n<p>fue \u201cla manera de c\u00f3mo se entregan los programas sociales, aludiendo<br \/>\nque antes, por ejemplo: \u00bfQu\u00e9 hac\u00edan los gobiernos federales?, daban<br \/>\nlas despensas.<br \/>\nALUDIENDO que, los \u00fanicos que se beneficiaban con esas despensas,<br \/>\n\u201ceran los grandes empresarios que, le vend\u00edan las despensas al<br \/>\ngobierno\u201d. \u00a1Que notici\u00f3n! del perverso JR, porque, lo que este sujeto<br \/>\nde \u00ednfima calidad moral dice, desde el gobierno de AMLO, es un tema<br \/>\n\u201cdel dominio p\u00fablico\u201d, porque el mismo L\u00f3pez Obrador lo hizo saber<br \/>\nY, este in\u00fatil Senador de Tamaulipas \u201ccon este y otros temas, del<br \/>\ngobierno federal, se anda luciendo\u201d. \u00bfc\u00f3mo la ven?<br \/>\nAL HABLAR Jos\u00e9 Ram\u00f3n del tema de las becas dijo que, antes el<br \/>\nGobierno Federal en lugar de becas daban mochilas cuadernos y<br \/>\nl\u00e1pices, y PARA SEGUIRLE TIRANDO AL ESTADO, dijo que HOY,<br \/>\n\u201calgunos gobernadores siguen dando despensas\u201d, lo que el muy<br \/>\nperverso asegur\u00f3: \u201clo hacen para tener cuotas de poder y liderazgo,<br \/>\npor falta de territorio y no visitar a las comunidades\u201d.<br \/>\nEL AHIJADO DE AD\u00c1N AUGUSTO, QUIERE SER GOBERNADOR<br \/>\nJOS\u00c9 RAM\u00d3N G\u00f3mez Leal \u201cel Jr.\u201d, desde que arrib\u00f3 al esca\u00f1o del<br \/>\nSenado de la Rep\u00fablica, gracias al voto del pueblo y, GRACIAS A<br \/>\nMORENA, (no se sabe que ha hecho de bien, por las y los<br \/>\ntamaulipecos\u201d. Lo que, desde mi \u00f3ptica, repito, ser\u00eda ideal lo<br \/>\ninformara, (en lugar de andarse adornando) para intentar quedar bien<br \/>\ncon el ex presidente L\u00f3pez Obrador y con la presidenta Claudia<br \/>\nSheinbaum, porque, JR., al perder \u201cel arropamiento de su padrino\u201d<br \/>\nAD\u00c1N AUGUSTO LOPEZ, ahora busca desesperado que, lo tomen en<br \/>\ncuenta y, \u201cLOS HAGAN CANDIDATO A GOBERNADOR\u201d.<br \/>\nSIN EMBARGO, les dir\u00e9 que lo evidente aqu\u00ed en Tamaulipas es que,<br \/>\n\u201cel Jr.\u201d, est\u00e1 convertido (en el principal enemigo del Partido Morena) y<br \/>\nde los aut\u00e9nticos morenistas, uni\u00e9ndose a las verdes arribistas como la<br \/>\nsenadora \u201cpluri\u201d Maki Ortiz Dom\u00ednguez y las diputadas federales<br \/>\nOlga Juliana Elizondo, Casandra de los Santos, sin olvidar a Claudia<br \/>\nHern\u00e1ndez, otra que carece de bonos (ahijada de Jos\u00e9 Ram\u00f3n) a la que<br \/>\n\u00e9ste sujeto, BUSCA HACERLA ALCALDESA de Reynosa.<br \/>\nAFORTUNADAMENTE, la gente en Reynosa, como en todo el estado,<br \/>\nya conocen perfectamente bien \u201cal in\u00fatil Jr.\u201d como (un pol\u00edtico<br \/>\noportunista y no benefactor), porque, desde los espacios p\u00fablicos en los<br \/>\nque ha estado, \u201cno le ha servido para nada a los reynosenses\u201d y menos<br \/>\na los tamaulipecos del resto del Estado. Y, con esta clase de etiquetas,<\/p>\n<p>\u201ccomo abanderado a gobernador por el Verde o Morena\u201d SER\u00cdA UNA<br \/>\nPRESA F\u00c1CIL para los adversarios del PRI, PAN y PRD.<br \/>\nPor hoy es todo y hasta ma\u00f1ana.<br \/>\nPara sugerencias y puntos de vista en general al email:<br \/>\nlupeernesto@yahoo.com.mx<\/p>\n","protected":false},"excerpt":{"rendered":"<p>T E C L A Z O S Por Guadalupe E. Gonz\u00e1lez X.-En el Estado, junto a Maki Ortiz, est\u00e1 convertido \u201cen contumaz enemigo de Morena\u201d QUIEN de plano \u201cno tiene moral y menos verg\u00fcenza\u201d es el Senador de la Rep\u00fablica Jos\u00e9 Ram\u00f3n G\u00f3mez Leal \u201cEl Jr.\u201d, quien sin boletar hacia atr\u00e1s y verse como [&hellip;]<\/p>\n","protected":false},"author":1,"featured_media":208061,"comment_status":"closed","ping_status":"closed","sticky":false,"template":"","format":"standard","meta":{"footnotes":""},"categories":[16],"tags":[],"class_list":["post-210009","post","type-post","status-publish","format-standard","has-post-thumbnail","hentry","category-opinion"],"_links":{"self":[{"href":"https:\/\/www.elsinodaldetamaulipas.com.mx\/index.php?rest_route=\/wp\/v2\/posts\/210009","targetHints":{"allow":["GET"]}}],"collection":[{"href":"https:\/\/www.elsinodaldetamaulipas.com.mx\/index.php?rest_route=\/wp\/v2\/posts"}],"about":[{"href":"https:\/\/www.elsinodaldetamaulipas.com.mx\/index.php?rest_route=\/wp\/v2\/types\/post"}],"author":[{"embeddable":true,"href":"https:\/\/www.elsinodaldetamaulipas.com.mx\/index.php?rest_route=\/wp\/v2\/users\/1"}],"replies":[{"embeddable":true,"href":"https:\/\/www.elsinodaldetamaulipas.com.mx\/index.php?rest_route=%2Fwp%2Fv2%2Fcomments&post=210009"}],"version-history":[{"count":1,"href":"https:\/\/www.elsinodaldetamaulipas.com.mx\/index.php?rest_route=\/wp\/v2\/posts\/210009\/revisions"}],"predecessor-version":[{"id":210010,"href":"https:\/\/www.elsinodaldetamaulipas.com.mx\/index.php?rest_route=\/wp\/v2\/posts\/210009\/revisions\/210010"}],"wp:featuredmedia":[{"embeddable":true,"href":"https:\/\/www.elsinodaldetamaulipas.com.mx\/index.php?rest_route=\/wp\/v2\/media\/208061"}],"wp:attachment":[{"href":"https:\/\/www.elsinodaldetamaulipas.com.mx\/index.php?rest_route=%2Fwp%2Fv2%2Fmedia&parent=210009"}],"wp:term":[{"taxonomy":"category","embeddable":true,"href":"https:\/\/www.elsinodaldetamaulipas.com.mx\/index.php?rest_route=%2Fwp%2Fv2%2Fcategories&post=210009"},{"taxonomy":"post_tag","embeddable":true,"href":"https:\/\/www.elsinodaldetamaulipas.com.mx\/index.php?rest_route=%2Fwp%2Fv2%2Ftags&post=210009"}],"curies":[{"name":"wp","href":"https:\/\/api.w.org\/{rel}","templated":true}]}}