{"id":210061,"date":"2025-08-23T23:53:27","date_gmt":"2025-08-24T03:53:27","guid":{"rendered":"https:\/\/www.elsinodaldetamaulipas.com.mx\/?p=210061"},"modified":"2025-08-23T23:54:13","modified_gmt":"2025-08-24T03:54:13","slug":"fernand-ya-es-huracan-en-el-atlantico","status":"publish","type":"post","link":"https:\/\/www.elsinodaldetamaulipas.com.mx\/?p=210061","title":{"rendered":"\u201cFERNAND\u201d YA ES HURAC\u00c1N EN EL ATL\u00c1NTICO"},"content":{"rendered":"<p><em><strong>Por Gil Vicente Galindo\/EL SINODAL DE TAMAULIPAS<\/strong><\/em><\/p>\n<p>Reynosa, Tam.- En el Atl\u00e1ntico norte se ha formado otro hurac\u00e1n llamado \u201cFernand\u201d, esto luego de que \u201cErin\u201d se desintegro al enfilar hacia aguas fr\u00edas del norte, por lo pronto, este nuevo cicl\u00f3n tropical, lleva la misma ruta.<\/p>\n<p>Este sistema tropical ser\u00eda el sexto de la temporada de huracanes 2025, mientras que en el Pac\u00edfico, han pasado ya nueve disturbios, de los cuales dos han sido de categor\u00eda 4 y 5, siendo \u201cErick\u201d y \u201cFlossie\u201d.<\/p>\n<p>\u201cFernand\u201d, registra un promedio de 40 millas por horas en sus vientos sostenidos, casi a 65 kil\u00f3metros por hora y se enfila hacia el norte del Atl\u00e1ntico a una velocidad de 15 millas por hora.<img loading=\"lazy\" decoding=\"async\" class=\"aligncenter wp-image-210063 size-full\" src=\"https:\/\/www.elsinodaldetamaulipas.com.mx\/wp-content\/uploads\/2025\/08\/FERNAND.jpeg\" alt=\"\" width=\"696\" height=\"457\" srcset=\"https:\/\/www.elsinodaldetamaulipas.com.mx\/wp-content\/uploads\/2025\/08\/FERNAND.jpeg 696w, https:\/\/www.elsinodaldetamaulipas.com.mx\/wp-content\/uploads\/2025\/08\/FERNAND-300x197.jpeg 300w\" sizes=\"auto, (max-width: 696px) 100vw, 696px\" \/><\/p>\n<p>Al momento no representa peligro alguno para la costa este de los Estados Unidos de Norteam\u00e9rica.<\/p>\n<p>Mientras ac\u00e1 en el golfo de M\u00e9xico, registra una baja presi\u00f3n ante la presencia de un frente fr\u00edo muy leve, por lo que estar\u00e1 generando lluvias en todo el norte del estado.<\/p>\n<p>Las lluvias en Reynosa y la regi\u00f3n est\u00e1n presentes con un 80% de posibilidades durante este domingo y lunes.<\/p>\n<p>Lo mejor es mantener calles limpias, no arrojar basura a la v\u00eda p\u00fablica, no \u201clevantar\u201d las tapas del sistema de alcantarillas del drenaje sanitario y retirarse de m\u00e1rgenes de canales, drenes y calicheras.<\/p>\n","protected":false},"excerpt":{"rendered":"<p>Por Gil Vicente Galindo\/EL SINODAL DE TAMAULIPAS Reynosa, Tam.- En el Atl\u00e1ntico norte se ha formado otro hurac\u00e1n llamado \u201cFernand\u201d, esto luego de que \u201cErin\u201d se desintegro al enfilar hacia aguas fr\u00edas del norte, por lo pronto, este nuevo cicl\u00f3n tropical, lleva la misma ruta. Este sistema tropical ser\u00eda el sexto de la temporada de [&hellip;]<\/p>\n","protected":false},"author":1,"featured_media":210062,"comment_status":"closed","ping_status":"closed","sticky":false,"template":"","format":"standard","meta":{"footnotes":""},"categories":[1,2],"tags":[],"class_list":["post-210061","post","type-post","status-publish","format-standard","has-post-thumbnail","hentry","category-portada","category-reynosa"],"_links":{"self":[{"href":"https:\/\/www.elsinodaldetamaulipas.com.mx\/index.php?rest_route=\/wp\/v2\/posts\/210061","targetHints":{"allow":["GET"]}}],"collection":[{"href":"https:\/\/www.elsinodaldetamaulipas.com.mx\/index.php?rest_route=\/wp\/v2\/posts"}],"about":[{"href":"https:\/\/www.elsinodaldetamaulipas.com.mx\/index.php?rest_route=\/wp\/v2\/types\/post"}],"author":[{"embeddable":true,"href":"https:\/\/www.elsinodaldetamaulipas.com.mx\/index.php?rest_route=\/wp\/v2\/users\/1"}],"replies":[{"embeddable":true,"href":"https:\/\/www.elsinodaldetamaulipas.com.mx\/index.php?rest_route=%2Fwp%2Fv2%2Fcomments&post=210061"}],"version-history":[{"count":1,"href":"https:\/\/www.elsinodaldetamaulipas.com.mx\/index.php?rest_route=\/wp\/v2\/posts\/210061\/revisions"}],"predecessor-version":[{"id":210064,"href":"https:\/\/www.elsinodaldetamaulipas.com.mx\/index.php?rest_route=\/wp\/v2\/posts\/210061\/revisions\/210064"}],"wp:featuredmedia":[{"embeddable":true,"href":"https:\/\/www.elsinodaldetamaulipas.com.mx\/index.php?rest_route=\/wp\/v2\/media\/210062"}],"wp:attachment":[{"href":"https:\/\/www.elsinodaldetamaulipas.com.mx\/index.php?rest_route=%2Fwp%2Fv2%2Fmedia&parent=210061"}],"wp:term":[{"taxonomy":"category","embeddable":true,"href":"https:\/\/www.elsinodaldetamaulipas.com.mx\/index.php?rest_route=%2Fwp%2Fv2%2Fcategories&post=210061"},{"taxonomy":"post_tag","embeddable":true,"href":"https:\/\/www.elsinodaldetamaulipas.com.mx\/index.php?rest_route=%2Fwp%2Fv2%2Ftags&post=210061"}],"curies":[{"name":"wp","href":"https:\/\/api.w.org\/{rel}","templated":true}]}}