{"id":210065,"date":"2025-08-24T16:30:43","date_gmt":"2025-08-24T20:30:43","guid":{"rendered":"https:\/\/www.elsinodaldetamaulipas.com.mx\/?p=210065"},"modified":"2025-08-24T16:42:41","modified_gmt":"2025-08-24T20:42:41","slug":"seran-mujeres-candidatas-a-la-alcaldia-de-reynosa","status":"publish","type":"post","link":"https:\/\/www.elsinodaldetamaulipas.com.mx\/?p=210065","title":{"rendered":"SER\u00c1N MUJERES, CANDIDATAS A LA ALCALD\u00cdA DE REYNOSA"},"content":{"rendered":"<p><em><strong>*Se ver\u00e1n las caras, Cabeza de Vaca, Maki y \u201cJr.\u201d<\/strong><\/em><\/p>\n<p><em><strong>*Por ello, \u201cNo descarten f\u00e9rreas confrontaciones\u201d<\/strong><\/em><\/p>\n<p>PARA La elecci\u00f3n del 2027, la alcald\u00eda de Reynosa, estar\u00e1 ultra mega disputada. Y, por ello, \u201cestar\u00e1n vi\u00e9ndose las caras\u201d el ex gobernador Francisco Garc\u00eda Cabeza de Vaca, la actual Senadora Maki Esther Ortiz Dom\u00ednguez y el tambi\u00e9n Senador Jos\u00e9 Ram\u00f3n G\u00f3mez Leal \u201cEl Jr.\u201d, porque cada quien (trae su abanderada) y, por este motivo, medir\u00e1n fuerzas, para \u201cagenciarse el codiciado Ayuntamiento de Reynosa\u201d.<\/p>\n<p>PORQUE, sin lugar a dudas Cabeza de Vaca, buscar\u00e1 postular a su hija actual regidora Sof\u00eda Garc\u00eda G\u00f3mez, mientras que Maki Ortiz, para intentar no perder el poder municipal, proyectar\u00e1 postular a su futura nuera Yelitza Garza y Jos\u00e9 Ram\u00f3n G\u00f3mez Leal, igual pugnar\u00e1 por imponer como candidata a alcaldesa a la hoy Diputada Federal Claudia Hern\u00e1ndez. Ese es el escenario en Reynosa, para el futuro pol\u00edtico inmediato 2027.<\/p>\n<p>POR este motivo, les dir\u00e9 que, esto, sin lugar a dudas, generar\u00e1 \u201cf\u00e9rreas confrontaciones\u201d, por los fuertes intereses que traen consigo, los referidos actores pol\u00edticos que, al precio que sea buscar\u00e1n adjudicarse el Ayuntamiento de Reynosa, comunidad muy disputada, la que por mas de una d\u00e9cada, tendr\u00e1n finalmente bajo su dominio \u201clos Pe\u00f1a Ortiz\u201d, ciudad fronteriza que, aducen \u201cya merece un urgente cambio\u201d, porque, desde que la dej\u00f3 el priista Jos\u00e9 \u201cPepe\u201d El\u00edas Leal, \u201cReynosa, ha ido de mal en peor\u201d.<\/p>\n<p>ANALIZANDO a fondo este relevante tema, les coment\u00f3 que, \u201cla futura guerra electoral\u201d que, se avecina en Reynosa, es porque, de por medio, hay dos actores como Maki Ortiz y Cabeza de Vaca, que, \u201ctienen algunos pendientitos\u201d por diferencias y confrontaciones pol\u00edticas del pasado, diferencias que, obviamente, son del dominio p\u00fablico. Y, Jos\u00e9 Ram\u00f3n, al final de cuentas se har\u00eda a un lado, por asuntos meramente familiares y se le comprender\u00eda. Pero como \u201cen\u00bf pol\u00edtica, no hay nada escrito\u201d, todo puede suceder.<\/p>\n<p>LA familia Pe\u00f1a Ortiz, tiene hasta hoy en d\u00eda poco mas de 9 a\u00f1os de manejar a su libre albedrio el Ayuntamiento de Reynosa. Y, como nadie quiere perder el poder pol\u00edtico, es obvio que, Maki Ortiz, har\u00e1 lo propio, repito, para proyectar a Yelitza Garza, como candidata a alcaldesa, pero esta jovencita tendr\u00eda que contender por el partido Verde o el MC, porque en MORENA, no tendr\u00eda oportunidad, por su relaci\u00f3n afectiva o ser la pareja sentimental del alcalde Carlos Pe\u00f1a Ortiz.<\/p>\n<p>RESPECTO a la regidora Sofia Garc\u00eda G\u00f3mez, hija del ex gobernador Francisco Garc\u00eda Cabeza de Vaca, ella, ser\u00eda postulada por el Partido Acci\u00f3n Nacional y, aunque esta jovencita \u201cno cuenta con un rating pol\u00edtico preponderante\u201d, tengan la certeza que, los panistas, \u201cestar\u00edan haciendo hasta lo imposible\u201d por volverse a agenciar el Ayuntamiento de Reynosa.<\/p>\n<p>EN relaci\u00f3n a la Diputada Claudia Hern\u00e1ndez, que es la carta del Senador Jos\u00e9 Ram\u00f3n G\u00f3mez Leal \u201cel Jr.\u201d, igual buscar\u00e1 el abanderamiento a la presidencia municipal de Reynosa, pero esta mujer, lamentablemente, como legisladora federal, \u201cno ha hecho nada favorable en bien de las familias reynosenses y, por ello, creo que, \u201csolo podr\u00eda llegar a ser candidata, mas no alcaldesa\u201d, porque no tiene bonos que la puedan llevar a la silla municipal.<\/p>\n<p>EN ESTE escenario, ya lo dije, \u201cvolver\u00e1n a verse las caras\u201d Maki Ortiz y Cabeza de Vaca y, por esta raz\u00f3n, no descarten que, ambos estar\u00e1n d\u00e1ndose con todo, con tal de salir avantes y llevar a sus candidatas a la alcald\u00eda de Reynosa, lo que har\u00eda m\u00e1s interesante y atractivo el panorama electoral 2027, porque, repito y reitero que, el ex gobernador y la Senadora \u201cpluri\u201d, buscar\u00e1n cobrarse \u201clas afrentas\u201d del pasado, raz\u00f3n por la que, no descarten \u201clas f\u00e9rreas confrontaciones\u201d entre este dueto de evidentes enemigos pol\u00edticos.<\/p>\n<p>DE Jos\u00e9 Ram\u00f3n G\u00f3mez Leal, le diremos que este se ver\u00eda entre dilemas y compromisos, algo as\u00ed como \u201centre la espada y la pared\u201d, porque recuerden que, \u201cel Jr.\u201d es t\u00edo de la regidora y viable candidata del PAN a alcaldesa Sofia Garc\u00eda G\u00f3mez y, por ello, bien podr\u00eda hacerse a un Lado y sacrificar a su abanderada Claudia Hern\u00e1ndez, pero como siempre se ha dicho que, \u201c\u00e9l, no se lleva bien con Cabeza de Vaca\u201d podr\u00eda unirse a la candidata de Maki Ortiz, porque dicen en el argot pol\u00edtico que, \u201cambos son socios en COMAPA de Reynosa y andan muy unidos\u201d y por ende, esta posibilidad, \u201cno la descarten\u201d.<\/p>\n<p>LO interesante en este marco pol\u00edtico es que, estar\u00e1n en el mismo cuadro del juego electoral venidero, (dos enemigos ac\u00e9rrimos) Maki Ortiz y Cabeza de Vaca los que, por sus experiencias en estas lides, har\u00e1n uso de sus respectivas estrategias, para lograr su objetivo. Sin olvidar que, ambos con sus respectivas candidatas, tendr\u00edan que verse las caras con quien el partido Morena, defina como su candidato a presidente municipal por Reynosa.<\/p>\n<p>Por hoy es todo y hasta ma\u00f1ana.<\/p>\n<p>Para sugerencias y puntos de vista en general al email:<\/p>\n<p>lupeernesto@yahoo.com.mx<\/p>\n","protected":false},"excerpt":{"rendered":"<p>*Se ver\u00e1n las caras, Cabeza de Vaca, Maki y \u201cJr.\u201d *Por ello, \u201cNo descarten f\u00e9rreas confrontaciones\u201d PARA La elecci\u00f3n del 2027, la alcald\u00eda de Reynosa, estar\u00e1 ultra mega disputada. Y, por ello, \u201cestar\u00e1n vi\u00e9ndose las caras\u201d el ex gobernador Francisco Garc\u00eda Cabeza de Vaca, la actual Senadora Maki Esther Ortiz Dom\u00ednguez y el tambi\u00e9n Senador [&hellip;]<\/p>\n","protected":false},"author":1,"featured_media":210066,"comment_status":"closed","ping_status":"closed","sticky":false,"template":"","format":"standard","meta":{"footnotes":""},"categories":[16],"tags":[],"class_list":["post-210065","post","type-post","status-publish","format-standard","has-post-thumbnail","hentry","category-opinion"],"_links":{"self":[{"href":"https:\/\/www.elsinodaldetamaulipas.com.mx\/index.php?rest_route=\/wp\/v2\/posts\/210065","targetHints":{"allow":["GET"]}}],"collection":[{"href":"https:\/\/www.elsinodaldetamaulipas.com.mx\/index.php?rest_route=\/wp\/v2\/posts"}],"about":[{"href":"https:\/\/www.elsinodaldetamaulipas.com.mx\/index.php?rest_route=\/wp\/v2\/types\/post"}],"author":[{"embeddable":true,"href":"https:\/\/www.elsinodaldetamaulipas.com.mx\/index.php?rest_route=\/wp\/v2\/users\/1"}],"replies":[{"embeddable":true,"href":"https:\/\/www.elsinodaldetamaulipas.com.mx\/index.php?rest_route=%2Fwp%2Fv2%2Fcomments&post=210065"}],"version-history":[{"count":4,"href":"https:\/\/www.elsinodaldetamaulipas.com.mx\/index.php?rest_route=\/wp\/v2\/posts\/210065\/revisions"}],"predecessor-version":[{"id":210071,"href":"https:\/\/www.elsinodaldetamaulipas.com.mx\/index.php?rest_route=\/wp\/v2\/posts\/210065\/revisions\/210071"}],"wp:featuredmedia":[{"embeddable":true,"href":"https:\/\/www.elsinodaldetamaulipas.com.mx\/index.php?rest_route=\/wp\/v2\/media\/210066"}],"wp:attachment":[{"href":"https:\/\/www.elsinodaldetamaulipas.com.mx\/index.php?rest_route=%2Fwp%2Fv2%2Fmedia&parent=210065"}],"wp:term":[{"taxonomy":"category","embeddable":true,"href":"https:\/\/www.elsinodaldetamaulipas.com.mx\/index.php?rest_route=%2Fwp%2Fv2%2Fcategories&post=210065"},{"taxonomy":"post_tag","embeddable":true,"href":"https:\/\/www.elsinodaldetamaulipas.com.mx\/index.php?rest_route=%2Fwp%2Fv2%2Ftags&post=210065"}],"curies":[{"name":"wp","href":"https:\/\/api.w.org\/{rel}","templated":true}]}}