{"id":210068,"date":"2025-08-24T17:56:27","date_gmt":"2025-08-24T21:56:27","guid":{"rendered":"https:\/\/www.elsinodaldetamaulipas.com.mx\/?p=210068"},"modified":"2025-08-24T17:56:27","modified_gmt":"2025-08-24T21:56:27","slug":"210068","status":"publish","type":"post","link":"https:\/\/www.elsinodaldetamaulipas.com.mx\/?p=210068","title":{"rendered":""},"content":{"rendered":"<p>SINGULAR.<\/p>\n<p>&nbsp;<\/p>\n<p>Por: Luis Enrique Arreola Vidal<\/p>\n<p>&nbsp;<\/p>\n<p>La Sombra de las Ausencias.<\/p>\n<p>&nbsp;<\/p>\n<p>Tamaulipas vive atrapado en un n\u00famero que hiela la sangre: 13,498 desaparecidos hasta junio de 2025, seg\u00fan el Registro Nacional de Personas Desaparecidas. No es un simple dato estad\u00edstico; es una herida abierta que coloca al estado en el podio de la tragedia nacional, solo detr\u00e1s de Jalisco y el Estado de M\u00e9xico.<\/p>\n<p>&nbsp;<\/p>\n<p>Entre la Desesperaci\u00f3n y la Indiferencia<\/p>\n<p>&nbsp;<\/p>\n<p>Cada ausencia es una historia mutilada. Un hijo que no volvi\u00f3 a casa, una madre que a\u00fan espera, un rostro que se borra de las fotos familiares pero no de la memoria colectiva. La tragedia se perpet\u00faa entre carpetas empolvadas, excusas oficiales y una justicia que nunca llega. El grito de las familias se topa con la sordera institucional, mientras el silencio de los desaparecidos se convierte en eco interminable.<\/p>\n<p>&nbsp;<\/p>\n<p>Responsabilidades Difusas, Realidades Ineludibles<\/p>\n<p>&nbsp;<\/p>\n<p>La narrativa oficial habla de avances, mesas de coordinaci\u00f3n y programas de b\u00fasqueda. La realidad es otra: omisiones sistem\u00e1ticas, negligencia acumulada y complicidad disfrazada de burocracia. Tamaulipas se ha convertido en un laboratorio de la impunidad, donde las autoridades estatales y federales comparten la misma incapacidad \u2014o falta de voluntad\u2014 para enfrentar el problema.<\/p>\n<p>&nbsp;<\/p>\n<p>Un Llamado a la Memoria y a la Justicia<\/p>\n<p>&nbsp;<\/p>\n<p>Este no es un texto m\u00e1s; es una exigencia. Porque detr\u00e1s de cada cifra hay una vida y detr\u00e1s de cada vida hay una familia que merece justicia. El dolor no se archiva. No puede ser que Tamaulipas normalice la desaparici\u00f3n como parte del paisaje cotidiano. La memoria es resistencia, y la justicia, una deuda impostergable.<\/p>\n","protected":false},"excerpt":{"rendered":"<p>SINGULAR. &nbsp; Por: Luis Enrique Arreola Vidal &nbsp; La Sombra de las Ausencias. &nbsp; Tamaulipas vive atrapado en un n\u00famero que hiela la sangre: 13,498 desaparecidos hasta junio de 2025, seg\u00fan el Registro Nacional de Personas Desaparecidas. No es un simple dato estad\u00edstico; es una herida abierta que coloca al estado en el podio de [&hellip;]<\/p>\n","protected":false},"author":1,"featured_media":0,"comment_status":"closed","ping_status":"closed","sticky":false,"template":"","format":"standard","meta":{"footnotes":""},"categories":[1],"tags":[],"class_list":["post-210068","post","type-post","status-publish","format-standard","hentry","category-portada"],"_links":{"self":[{"href":"https:\/\/www.elsinodaldetamaulipas.com.mx\/index.php?rest_route=\/wp\/v2\/posts\/210068","targetHints":{"allow":["GET"]}}],"collection":[{"href":"https:\/\/www.elsinodaldetamaulipas.com.mx\/index.php?rest_route=\/wp\/v2\/posts"}],"about":[{"href":"https:\/\/www.elsinodaldetamaulipas.com.mx\/index.php?rest_route=\/wp\/v2\/types\/post"}],"author":[{"embeddable":true,"href":"https:\/\/www.elsinodaldetamaulipas.com.mx\/index.php?rest_route=\/wp\/v2\/users\/1"}],"replies":[{"embeddable":true,"href":"https:\/\/www.elsinodaldetamaulipas.com.mx\/index.php?rest_route=%2Fwp%2Fv2%2Fcomments&post=210068"}],"version-history":[{"count":1,"href":"https:\/\/www.elsinodaldetamaulipas.com.mx\/index.php?rest_route=\/wp\/v2\/posts\/210068\/revisions"}],"predecessor-version":[{"id":210080,"href":"https:\/\/www.elsinodaldetamaulipas.com.mx\/index.php?rest_route=\/wp\/v2\/posts\/210068\/revisions\/210080"}],"wp:attachment":[{"href":"https:\/\/www.elsinodaldetamaulipas.com.mx\/index.php?rest_route=%2Fwp%2Fv2%2Fmedia&parent=210068"}],"wp:term":[{"taxonomy":"category","embeddable":true,"href":"https:\/\/www.elsinodaldetamaulipas.com.mx\/index.php?rest_route=%2Fwp%2Fv2%2Fcategories&post=210068"},{"taxonomy":"post_tag","embeddable":true,"href":"https:\/\/www.elsinodaldetamaulipas.com.mx\/index.php?rest_route=%2Fwp%2Fv2%2Ftags&post=210068"}],"curies":[{"name":"wp","href":"https:\/\/api.w.org\/{rel}","templated":true}]}}