{"id":210074,"date":"2025-08-24T16:51:25","date_gmt":"2025-08-24T20:51:25","guid":{"rendered":"https:\/\/www.elsinodaldetamaulipas.com.mx\/?p=210074"},"modified":"2025-08-24T16:51:25","modified_gmt":"2025-08-24T20:51:25","slug":"en-tamaulipas-asegura-morena-un-segundo-periodo-sexenal","status":"publish","type":"post","link":"https:\/\/www.elsinodaldetamaulipas.com.mx\/?p=210074","title":{"rendered":"EN TAMAULIPAS ASEGURA MORENA UN SEGUNDO PERIODO SEXENAL"},"content":{"rendered":"<p>En la agenda del liderazgo tamaulipeco, el Desarrollo social, salud, energ\u00eda y seguridad, fueron los temas de esta semana reci\u00e9n concluida.<\/p>\n<p>&nbsp;<\/p>\n<p>Cuando vemos que el gobernador Am\u00e9rico Villarreal Anaya reduce a un cincuenta por ciento los \u00edndices de pobreza extrema; cuando constatamos su imparable agenda de beneficios para la poblaci\u00f3n, que lo mismo se refleja en nuevas instalaciones para la guardia nacional y abasto de medicamentos en todo el estado, que en la modernizaci\u00f3n de la infraestructura deportiva estamos abordando un abanico tem\u00e1tico de corte estructural.<\/p>\n<p>&nbsp;<\/p>\n<p>Le estamos entrando a una cuesti\u00f3n de fondo.\u00a0 \u00bfPara efectos de an\u00e1lisis, de que estamos hablando?<\/p>\n<p>&nbsp;<\/p>\n<p>Am\u00e9rico, como, le llama fraternalmente la Presidenta de la Rep\u00fablica Claudia Sheinbaum, est\u00e1 construyendo con vocaci\u00f3n pol\u00edtica y con disciplina, las condiciones para asegurar el advenimiento de un segundo periodo de seis a\u00f1os de la marca guinda en el poder estatal.<\/p>\n<p>&nbsp;<\/p>\n<p>Este trabajo por parte del gobernador, reconocido de manera reiterada por la jefa de Palacio Nacional, puede tener lecturas interesantes, en la ruta hacia la sucesi\u00f3n estatal. Les diremos por qu\u00e9.<\/p>\n<p>&nbsp;<\/p>\n<p>Cuando un gobernador est\u00e1 fuerte, ello implica en primer t\u00e9rmino, fortalecer la instituci\u00f3n presidencial, abonar con creces al liderazgo de quien gobierna\u00a0\u00a0 el pa\u00eds. Pero tambi\u00e9n garantizar el triunfo de las candidaturas a cargos de elecci\u00f3n popular. La voz de estos gobernadores o gobernadoras se vuelven confiables en el o\u00eddo presidencial. Y llegada la hora, su propuesta o su recurso de veto, puede funcionar.<\/p>\n<p>&nbsp;<\/p>\n<p>Por eso la clase pol\u00edtica morenista que actualmente se mueve en el escenario estatal, no debe de alejarse de Am\u00e9rico, antes m\u00e1s bien hacer equipo con \u00e9l, porque AVA est\u00e1 haciendo bien las cosas. Y ello le es puntual y gr\u00e1ficamente reconocido desde el centro del pa\u00eds.<\/p>\n<p>&nbsp;<\/p>\n<p>\u2014Hemos sido uno de los diez estados que m\u00e1s ha bajado los \u00edndices de pobreza a nivel nacional. Todo ello en la medici\u00f3n del INEGI, comparativa entre estos dos periodos de dos a\u00f1os, la pobreza extrema baj\u00f3 en m\u00e1s del 50 por ciento, constituy\u00f3 sin duda, este fin de semana,\u00a0 el mensaje m\u00e1s contundente\u00a0 del mandatario tamaulipeco, colocando a nuestro estado, entre los principales\u00a0 liderazgos del pa\u00eds,\u00a0 en materia de alianza\u00a0 con la clase trabajadora.<\/p>\n<p>&nbsp;<\/p>\n<p>Eso no lo pudieron hacer los cabecistas, porque les falt\u00f3 inteligencia y les sobr\u00f3 soberbia.<\/p>\n<p>&nbsp;<\/p>\n<p>El PAN tuvo la oportunidad hist\u00f3rica de hilvanar dos sexenios consecutivos. Lo tuvieron todo, pero en lugar de hacer de la pol\u00edtica un instrumento de sumas sociales y pol\u00edticas, rompieron el marranito de su triunfo en el 2016. Y con sus acciones dieron a entender que ellos solo ven\u00edan a servirse a manos llenas, y no a servir y\u00a0 hacer equipo con el pueblo de Tamaulipas.<\/p>\n<p>&nbsp;<\/p>\n<p>Am\u00e9rico en cambio est\u00e1 fortaleciendo una estrategia de multi alianzas. La primera y m\u00e1s poderosa de ellas, es con los sectores sociales m\u00e1s populosos de Tamaulipas. AVA se ha echado a la bolsa al voto masivo de los grandes centros urbanos. Villarreal Anaya le ha dado a la marca MORENA en Tamaulipas, un plus electoral que no ten\u00eda antes del 2022.<\/p>\n<p>&nbsp;<\/p>\n<p>Este acierto por parte del doctor, le est\u00e1 generando una calidad de imbatible en los principales municipios de nuestra entidad federativa. El PAN cabecista se observa muy rezagado. Y si como dicen por ah\u00ed, enviar\u00e1n de nuevo al Truco Verastegui, en el 2028, peor tantito. Ahora la diferencia de votos en el triunfo de MORENA, ser\u00e1 mucho m\u00e1s grande. Eso se los d\u00e9cimos desde ahora, para que despu\u00e9s no vayan a decir que no se los anticipamos.<\/p>\n<p>&nbsp;<\/p>\n<p>El hecho de que los Cabeza le hayan dado luz verde al Truco, obedece a que, el cu\u00f1ado Jos\u00e9 Ram\u00f3n G\u00f3mez Leal, acaba de ver derrumbarse a sus padrinazgos morenistas en el escenario nacional.<\/p>\n<p>&nbsp;<\/p>\n<p>A prop\u00f3sito del panismo cuya militancia se derrumb\u00f3 a ra\u00edz de que los del clan texano, convirtieron la instituci\u00f3n fundada por Manuel G\u00f3mez Mor\u00edn, en un club familiar, podemos decir que,\u00a0 no se han generado alternativas azules, que desplacen a los cabecistas de la dirigencia azul. El \u00fanico que podr\u00eda pelearles la posici\u00f3n cupular en el PAN, es el empresario jaibo Chucho Nader, a quien acabamos de ver pescando con sus nietos.<\/p>\n<p>&nbsp;<\/p>\n<p>\u00bfVa a pelear Chucho una diputaci\u00f3n federal en el 2027? Tal vez le devuelvan el favor y lo dejen llegar a un esca\u00f1o federal. Lo anterior le dar\u00eda suficiente fuerza para pelearles a los Cabeza el juguetito blanquiaziul, pues mientras ellos lo tengan, el juego panista seguir\u00e1 siendo demasiado reducido.<\/p>\n<p>&nbsp;<\/p>\n","protected":false},"excerpt":{"rendered":"<p>En la agenda del liderazgo tamaulipeco, el Desarrollo social, salud, energ\u00eda y seguridad, fueron los temas de esta semana reci\u00e9n concluida. &nbsp; Cuando vemos que el gobernador Am\u00e9rico Villarreal Anaya reduce a un cincuenta por ciento los \u00edndices de pobreza extrema; cuando constatamos su imparable agenda de beneficios para la poblaci\u00f3n, que lo mismo se [&hellip;]<\/p>\n","protected":false},"author":1,"featured_media":210075,"comment_status":"closed","ping_status":"closed","sticky":false,"template":"","format":"standard","meta":{"footnotes":""},"categories":[16],"tags":[],"class_list":["post-210074","post","type-post","status-publish","format-standard","has-post-thumbnail","hentry","category-opinion"],"_links":{"self":[{"href":"https:\/\/www.elsinodaldetamaulipas.com.mx\/index.php?rest_route=\/wp\/v2\/posts\/210074","targetHints":{"allow":["GET"]}}],"collection":[{"href":"https:\/\/www.elsinodaldetamaulipas.com.mx\/index.php?rest_route=\/wp\/v2\/posts"}],"about":[{"href":"https:\/\/www.elsinodaldetamaulipas.com.mx\/index.php?rest_route=\/wp\/v2\/types\/post"}],"author":[{"embeddable":true,"href":"https:\/\/www.elsinodaldetamaulipas.com.mx\/index.php?rest_route=\/wp\/v2\/users\/1"}],"replies":[{"embeddable":true,"href":"https:\/\/www.elsinodaldetamaulipas.com.mx\/index.php?rest_route=%2Fwp%2Fv2%2Fcomments&post=210074"}],"version-history":[{"count":1,"href":"https:\/\/www.elsinodaldetamaulipas.com.mx\/index.php?rest_route=\/wp\/v2\/posts\/210074\/revisions"}],"predecessor-version":[{"id":210076,"href":"https:\/\/www.elsinodaldetamaulipas.com.mx\/index.php?rest_route=\/wp\/v2\/posts\/210074\/revisions\/210076"}],"wp:featuredmedia":[{"embeddable":true,"href":"https:\/\/www.elsinodaldetamaulipas.com.mx\/index.php?rest_route=\/wp\/v2\/media\/210075"}],"wp:attachment":[{"href":"https:\/\/www.elsinodaldetamaulipas.com.mx\/index.php?rest_route=%2Fwp%2Fv2%2Fmedia&parent=210074"}],"wp:term":[{"taxonomy":"category","embeddable":true,"href":"https:\/\/www.elsinodaldetamaulipas.com.mx\/index.php?rest_route=%2Fwp%2Fv2%2Fcategories&post=210074"},{"taxonomy":"post_tag","embeddable":true,"href":"https:\/\/www.elsinodaldetamaulipas.com.mx\/index.php?rest_route=%2Fwp%2Fv2%2Ftags&post=210074"}],"curies":[{"name":"wp","href":"https:\/\/api.w.org\/{rel}","templated":true}]}}