{"id":210090,"date":"2025-08-24T18:26:35","date_gmt":"2025-08-24T22:26:35","guid":{"rendered":"https:\/\/www.elsinodaldetamaulipas.com.mx\/?p=210090"},"modified":"2025-08-24T18:26:35","modified_gmt":"2025-08-24T22:26:35","slug":"morita-recibe-nuevo-apodo-en-el-futbol-europeo","status":"publish","type":"post","link":"https:\/\/www.elsinodaldetamaulipas.com.mx\/?p=210090","title":{"rendered":"MORITA RECIBE NUEVO APODO EN EL FUTBOL EUROPEO"},"content":{"rendered":"<h3>\u201cThe Mexican Pedri\u201d es<\/h3>\n<h3>el nuevo mote del novato<\/h3>\n<p>&nbsp;<\/p>\n<p><strong><em>El SINODAL DE TAMAULIPAS<\/em><\/strong><\/p>\n<p>Tijuana, BCN.- El joven mediocampista Gilberto Mora sigue dando de qu\u00e9 hablar dentro y fuera de M\u00e9xico. Su actuaci\u00f3n en el duelo entre Tijuana y Chivas, donde firm\u00f3 un doblete que fue clave para los Xolos, no pas\u00f3 desapercibida y r\u00e1pidamente encendi\u00f3 las redes sociales, incluso m\u00e1s all\u00e1 del continente.<\/p>\n<p>&nbsp;<\/p>\n<p>Con apenas 16 a\u00f1os, Mora se gan\u00f3 un lugar en la historia al debutar con la Selecci\u00f3n Mexicana en la Copa Oro, torneo en el que el Tricolor conquist\u00f3 el t\u00edtulo ante Estados Unidos. Desde entonces, el futbolista apodado \u2018Morita\u2019 se ha convertido en una de las mayores promesas del balompi\u00e9 nacional y ahora su nombre empieza a sonar con fuerza en Europa.<\/p>\n<p>&nbsp;<\/p>\n<p>\u201cTHE MEXICAN PEDRI\u201d: EL NUEVO APODO DE GILBERTO MORA<\/p>\n<p>La prensa internacional no tard\u00f3 en reaccionar al buen momento del jugador de Tijuana. El medio ingl\u00e9s The Touchline public\u00f3 una imagen en la que compar\u00f3 al mexicano con Pedri, la estrella del FC Barcelona, y lo bautiz\u00f3 como \u201cThe Mexican Pedri\u201d.<\/p>\n<p>&nbsp;<\/p>\n<p>&nbsp;<\/p>\n<p>&nbsp;<\/p>\n<p>&nbsp;<\/p>\n<p>El mote no es gratuito: su visi\u00f3n de campo, capacidad para distribuir el bal\u00f3n y llegada al \u00e1rea rival han hecho que su estilo de juego recuerde al del mediocampista espa\u00f1ol. Para muchos aficionados, se trata de un reconocimiento que confirma el enorme potencial que posee Mora a tan corta edad.<\/p>\n<p>&nbsp;<\/p>\n<p>LOS N\u00daMEROS DE MORA EN EL APERTURA 2025<\/p>\n<p>Las estad\u00edsticas respaldan su buen momento. En lo que va del Apertura 2025, Mora suma seis partidos disputados, con cinco de ellos como titular y un total de 395 minutos jugados. En ese lapso, ya registra tres anotaciones, lo que significa que marca un gol cada 132 minutos.<\/p>\n<p>&nbsp;<\/p>\n<p>De acuerdo con datos de Sofascore, tambi\u00e9n tiene un promedio de 25.5 toques por encuentro, lo que refleja su constante participaci\u00f3n en el armado del juego de los Xolos. Su desempe\u00f1o ha sido clave para que el equipo fronterizo se mantenga competitivo en el torneo.<\/p>\n<p>&nbsp;<\/p>\n<p>El brillo de Gilberto Mora apenas comienza, pero su nombre ya se escucha fuerte en el radar internacional. Si mantiene este nivel, el futuro europeo podr\u00eda estar m\u00e1s cerca de lo que muchos imaginan.<\/p>\n","protected":false},"excerpt":{"rendered":"<p>\u201cThe Mexican Pedri\u201d es el nuevo mote del novato &nbsp; El SINODAL DE TAMAULIPAS Tijuana, BCN.- El joven mediocampista Gilberto Mora sigue dando de qu\u00e9 hablar dentro y fuera de M\u00e9xico. Su actuaci\u00f3n en el duelo entre Tijuana y Chivas, donde firm\u00f3 un doblete que fue clave para los Xolos, no pas\u00f3 desapercibida y r\u00e1pidamente [&hellip;]<\/p>\n","protected":false},"author":1,"featured_media":210091,"comment_status":"closed","ping_status":"closed","sticky":false,"template":"","format":"standard","meta":{"footnotes":""},"categories":[5,1],"tags":[],"class_list":["post-210090","post","type-post","status-publish","format-standard","has-post-thumbnail","hentry","category-deportes","category-portada"],"_links":{"self":[{"href":"https:\/\/www.elsinodaldetamaulipas.com.mx\/index.php?rest_route=\/wp\/v2\/posts\/210090","targetHints":{"allow":["GET"]}}],"collection":[{"href":"https:\/\/www.elsinodaldetamaulipas.com.mx\/index.php?rest_route=\/wp\/v2\/posts"}],"about":[{"href":"https:\/\/www.elsinodaldetamaulipas.com.mx\/index.php?rest_route=\/wp\/v2\/types\/post"}],"author":[{"embeddable":true,"href":"https:\/\/www.elsinodaldetamaulipas.com.mx\/index.php?rest_route=\/wp\/v2\/users\/1"}],"replies":[{"embeddable":true,"href":"https:\/\/www.elsinodaldetamaulipas.com.mx\/index.php?rest_route=%2Fwp%2Fv2%2Fcomments&post=210090"}],"version-history":[{"count":1,"href":"https:\/\/www.elsinodaldetamaulipas.com.mx\/index.php?rest_route=\/wp\/v2\/posts\/210090\/revisions"}],"predecessor-version":[{"id":210092,"href":"https:\/\/www.elsinodaldetamaulipas.com.mx\/index.php?rest_route=\/wp\/v2\/posts\/210090\/revisions\/210092"}],"wp:featuredmedia":[{"embeddable":true,"href":"https:\/\/www.elsinodaldetamaulipas.com.mx\/index.php?rest_route=\/wp\/v2\/media\/210091"}],"wp:attachment":[{"href":"https:\/\/www.elsinodaldetamaulipas.com.mx\/index.php?rest_route=%2Fwp%2Fv2%2Fmedia&parent=210090"}],"wp:term":[{"taxonomy":"category","embeddable":true,"href":"https:\/\/www.elsinodaldetamaulipas.com.mx\/index.php?rest_route=%2Fwp%2Fv2%2Fcategories&post=210090"},{"taxonomy":"post_tag","embeddable":true,"href":"https:\/\/www.elsinodaldetamaulipas.com.mx\/index.php?rest_route=%2Fwp%2Fv2%2Ftags&post=210090"}],"curies":[{"name":"wp","href":"https:\/\/api.w.org\/{rel}","templated":true}]}}