{"id":210093,"date":"2025-08-24T18:36:59","date_gmt":"2025-08-24T22:36:59","guid":{"rendered":"https:\/\/www.elsinodaldetamaulipas.com.mx\/?p=210093"},"modified":"2025-08-24T18:36:59","modified_gmt":"2025-08-24T22:36:59","slug":"canelo-dice-que-hara-sentir-su-pounch-a-crawford","status":"publish","type":"post","link":"https:\/\/www.elsinodaldetamaulipas.com.mx\/?p=210093","title":{"rendered":"CANELO DICE QUE HAR\u00c1 SENTIR SU POUNCH A CRAWFORD"},"content":{"rendered":"<h3>Lanz\u00f3 su amenaza faltando<\/h3>\n<h3>menos de un mes para su pelea<\/h3>\n<h3><\/h3>\n<h3>EL SINODAL DE TAMAULIPAS<\/h3>\n<p>Los \u00c1ngeles, California.- La expectativa crece rumbo al combate entre Sa\u00fal \u2018Canelo\u2019 \u00c1lvarez y Terence Crawford, programado para el pr\u00f3ximo 13 de septiembre en el Allegiant Stadium de Las Vegas. El pugilista tapat\u00edo, tras su \u00faltima presentaci\u00f3n que dej\u00f3 opiniones divididas, encendi\u00f3 la previa con una amenaza directa para el estadunidense, asegurando que vivir\u00e1 en carne propia el verdadero poder de sus pu\u00f1os.<\/p>\n<p>&nbsp;<\/p>\n<p>En entrevista con ESPN, el mexicano rest\u00f3 importancia a la diferencia de estatura entre ambos y dej\u00f3 en claro que no ser\u00e1 un factor determinante. \u201cSiempre he sido m\u00e1s bajo que mis rivales, con un peleador como \u00e9l no creo que habr\u00eda mucha diferencia, pero al final ya veremos el 13 de septiembre. Lo que s\u00ed te aseguro es que voy a ser el peleador con el que m\u00e1s va a sentir el poder\u201d, advirti\u00f3 \u00c1lvarez.<\/p>\n<p>&nbsp;<\/p>\n<p>EL AMBIENTE DEL ALLEGIANT STADIUM MOTIVA A &#8216;CANELO&#8217;<\/p>\n<p>La sede del combate tambi\u00e9n ha generado expectativa. El Allegiant Stadium, casa de los Raiders de la NFL, recibir\u00e1 a m\u00e1s de 70 mil aficionados para presenciar una de las peleas m\u00e1s esperadas del a\u00f1o. Para &#8216;Canelo&#8217;, este escenario representa una motivaci\u00f3n extra.<\/p>\n<p>&nbsp;<\/p>\n<p>El estadio tiene una vibra muy diferente, cuando sales y escuchas a la gente gritar es algo impresionante. Entre m\u00e1s personas hay, m\u00e1s se siente c\u00f3mo vibra el cuadril\u00e1tero. Me encanta pelear en estadios, lo he disfrutado much\u00edsimo\u201d, declar\u00f3 el campe\u00f3n mexicano, quien ya sabe lo que es protagonizar veladas hist\u00f3ricas ante multitudes.<\/p>\n<p>&nbsp;<\/p>\n<p><em><strong>&#8216;CANELO&#8217; NO DESCARTA PELEAR CON JAKE PAUL EN EL FUTURO<\/strong><\/em><\/p>\n<p>&nbsp;<\/p>\n<p>Otro tema que rodea al tapat\u00edo es la posibilidad de enfrentar a Jake Paul, creador de contenido y boxeador que ha buscado un combate contra \u00e9l. Si bien \u00c1lvarez descart\u00f3 la pelea por ahora, dej\u00f3 abierta la puerta para m\u00e1s adelante.<\/p>\n<p>&nbsp;<\/p>\n<p>Por dinero no, no me har\u00e1 ni m\u00e1s pobre ni m\u00e1s rico. En su momento quiz\u00e1s, veremos, pero no es el momento para m\u00ed\u201d, explic\u00f3 &#8216;Canelo&#8217;, cerrando de momento esa posibilidad pero sin descartarla por completo.<\/p>\n<p>&nbsp;<\/p>\n<p>El combate contra Crawford marcar\u00e1 una nueva prueba en la carrera del mexicano, quien buscar\u00e1 ratificar su poder\u00edo en una funci\u00f3n que promete ser inolvidable.<\/p>\n","protected":false},"excerpt":{"rendered":"<p>Lanz\u00f3 su amenaza faltando menos de un mes para su pelea EL SINODAL DE TAMAULIPAS Los \u00c1ngeles, California.- La expectativa crece rumbo al combate entre Sa\u00fal \u2018Canelo\u2019 \u00c1lvarez y Terence Crawford, programado para el pr\u00f3ximo 13 de septiembre en el Allegiant Stadium de Las Vegas. El pugilista tapat\u00edo, tras su \u00faltima presentaci\u00f3n que dej\u00f3 opiniones [&hellip;]<\/p>\n","protected":false},"author":1,"featured_media":210094,"comment_status":"closed","ping_status":"closed","sticky":false,"template":"","format":"standard","meta":{"footnotes":""},"categories":[5,1],"tags":[],"class_list":["post-210093","post","type-post","status-publish","format-standard","has-post-thumbnail","hentry","category-deportes","category-portada"],"_links":{"self":[{"href":"https:\/\/www.elsinodaldetamaulipas.com.mx\/index.php?rest_route=\/wp\/v2\/posts\/210093","targetHints":{"allow":["GET"]}}],"collection":[{"href":"https:\/\/www.elsinodaldetamaulipas.com.mx\/index.php?rest_route=\/wp\/v2\/posts"}],"about":[{"href":"https:\/\/www.elsinodaldetamaulipas.com.mx\/index.php?rest_route=\/wp\/v2\/types\/post"}],"author":[{"embeddable":true,"href":"https:\/\/www.elsinodaldetamaulipas.com.mx\/index.php?rest_route=\/wp\/v2\/users\/1"}],"replies":[{"embeddable":true,"href":"https:\/\/www.elsinodaldetamaulipas.com.mx\/index.php?rest_route=%2Fwp%2Fv2%2Fcomments&post=210093"}],"version-history":[{"count":1,"href":"https:\/\/www.elsinodaldetamaulipas.com.mx\/index.php?rest_route=\/wp\/v2\/posts\/210093\/revisions"}],"predecessor-version":[{"id":210095,"href":"https:\/\/www.elsinodaldetamaulipas.com.mx\/index.php?rest_route=\/wp\/v2\/posts\/210093\/revisions\/210095"}],"wp:featuredmedia":[{"embeddable":true,"href":"https:\/\/www.elsinodaldetamaulipas.com.mx\/index.php?rest_route=\/wp\/v2\/media\/210094"}],"wp:attachment":[{"href":"https:\/\/www.elsinodaldetamaulipas.com.mx\/index.php?rest_route=%2Fwp%2Fv2%2Fmedia&parent=210093"}],"wp:term":[{"taxonomy":"category","embeddable":true,"href":"https:\/\/www.elsinodaldetamaulipas.com.mx\/index.php?rest_route=%2Fwp%2Fv2%2Fcategories&post=210093"},{"taxonomy":"post_tag","embeddable":true,"href":"https:\/\/www.elsinodaldetamaulipas.com.mx\/index.php?rest_route=%2Fwp%2Fv2%2Ftags&post=210093"}],"curies":[{"name":"wp","href":"https:\/\/api.w.org\/{rel}","templated":true}]}}