{"id":210096,"date":"2025-08-24T19:40:38","date_gmt":"2025-08-24T23:40:38","guid":{"rendered":"https:\/\/www.elsinodaldetamaulipas.com.mx\/?p=210096"},"modified":"2025-08-24T19:58:41","modified_gmt":"2025-08-24T23:58:41","slug":"dan-identidad-a-dos-hijos-de-internos-del-cedes","status":"publish","type":"post","link":"https:\/\/www.elsinodaldetamaulipas.com.mx\/?p=210096","title":{"rendered":"DAN IDENTIDAD A DOS HIJOS DE INTERNOS DEL CEDES"},"content":{"rendered":"<h3>LES OTORGAN APELLIDOS,<\/h3>\n<h3>NACIONALIDAD Y FAMILIA<\/h3>\n<p><em>EL SINODAL DE TAMAULIPAS<\/em><\/p>\n<p>Reynosa, Tamaulipas.- Teniendo como prioridad el Inter\u00e9s Superior de la Ni\u00f1ez (ISN), la Secretar\u00eda de Seguridad P\u00fablica de Tamaulipas (SSPT) llev\u00f3 a cabo el registro de dos menores de edad hijos de personas privadas de la libertad (PPLs) en el \u00e1rea varonil del Centro de Ejecuci\u00f3n de Sanciones (CEDES) de Reynosa.<\/p>\n<h3><img loading=\"lazy\" decoding=\"async\" class=\"aligncenter wp-image-210100 size-full\" src=\"https:\/\/www.elsinodaldetamaulipas.com.mx\/wp-content\/uploads\/2025\/08\/CEDES-2.jpeg\" alt=\"\" width=\"1280\" height=\"486\" srcset=\"https:\/\/www.elsinodaldetamaulipas.com.mx\/wp-content\/uploads\/2025\/08\/CEDES-2.jpeg 1280w, https:\/\/www.elsinodaldetamaulipas.com.mx\/wp-content\/uploads\/2025\/08\/CEDES-2-300x114.jpeg 300w, https:\/\/www.elsinodaldetamaulipas.com.mx\/wp-content\/uploads\/2025\/08\/CEDES-2-1024x389.jpeg 1024w, https:\/\/www.elsinodaldetamaulipas.com.mx\/wp-content\/uploads\/2025\/08\/CEDES-2-768x292.jpeg 768w\" sizes=\"auto, (max-width: 1280px) 100vw, 1280px\" \/><\/h3>\n<p>Para realizar este registro, personal de la Oficial\u00eda Primera del Registro Civil acudi\u00f3 al centro para entregar la documentaci\u00f3n a trav\u00e9s del cual se le otorga una identidad legal, incluyendo nombre, nacionalidad y familia.<\/p>\n<p>&nbsp;<\/p>\n<p>De esta manera se da cumplimiento al derecho de las ni\u00f1as y ni\u00f1os a tener una identidad, asimismo, se garantiza el acceso a servicios de salud y educaci\u00f3n desde la primera infancia.<\/p>\n<h3><img loading=\"lazy\" decoding=\"async\" class=\"aligncenter wp-image-210101 size-full\" src=\"https:\/\/www.elsinodaldetamaulipas.com.mx\/wp-content\/uploads\/2025\/08\/CEDES-3.jpeg\" alt=\"\" width=\"1280\" height=\"960\" srcset=\"https:\/\/www.elsinodaldetamaulipas.com.mx\/wp-content\/uploads\/2025\/08\/CEDES-3.jpeg 1280w, https:\/\/www.elsinodaldetamaulipas.com.mx\/wp-content\/uploads\/2025\/08\/CEDES-3-300x225.jpeg 300w, https:\/\/www.elsinodaldetamaulipas.com.mx\/wp-content\/uploads\/2025\/08\/CEDES-3-1024x768.jpeg 1024w, https:\/\/www.elsinodaldetamaulipas.com.mx\/wp-content\/uploads\/2025\/08\/CEDES-3-768x576.jpeg 768w, https:\/\/www.elsinodaldetamaulipas.com.mx\/wp-content\/uploads\/2025\/08\/CEDES-3-272x204.jpeg 272w\" sizes=\"auto, (max-width: 1280px) 100vw, 1280px\" \/><\/h3>\n<p>Este acto protocolario cont\u00f3 con la presencia del director del CEDES Reynosa, Fernando Aguilar De la Garza, personal t\u00e9cnico, jur\u00eddico y de seguridad de este centro, as\u00ed como las madres de los ni\u00f1os beneficiado<\/p>\n","protected":false},"excerpt":{"rendered":"<p>LES OTORGAN APELLIDOS, NACIONALIDAD Y FAMILIA EL SINODAL DE TAMAULIPAS Reynosa, Tamaulipas.- Teniendo como prioridad el Inter\u00e9s Superior de la Ni\u00f1ez (ISN), la Secretar\u00eda de Seguridad P\u00fablica de Tamaulipas (SSPT) llev\u00f3 a cabo el registro de dos menores de edad hijos de personas privadas de la libertad (PPLs) en el \u00e1rea varonil del Centro de [&hellip;]<\/p>\n","protected":false},"author":1,"featured_media":210098,"comment_status":"closed","ping_status":"closed","sticky":false,"template":"","format":"standard","meta":{"footnotes":""},"categories":[1,2],"tags":[],"class_list":["post-210096","post","type-post","status-publish","format-standard","has-post-thumbnail","hentry","category-portada","category-reynosa"],"_links":{"self":[{"href":"https:\/\/www.elsinodaldetamaulipas.com.mx\/index.php?rest_route=\/wp\/v2\/posts\/210096","targetHints":{"allow":["GET"]}}],"collection":[{"href":"https:\/\/www.elsinodaldetamaulipas.com.mx\/index.php?rest_route=\/wp\/v2\/posts"}],"about":[{"href":"https:\/\/www.elsinodaldetamaulipas.com.mx\/index.php?rest_route=\/wp\/v2\/types\/post"}],"author":[{"embeddable":true,"href":"https:\/\/www.elsinodaldetamaulipas.com.mx\/index.php?rest_route=\/wp\/v2\/users\/1"}],"replies":[{"embeddable":true,"href":"https:\/\/www.elsinodaldetamaulipas.com.mx\/index.php?rest_route=%2Fwp%2Fv2%2Fcomments&post=210096"}],"version-history":[{"count":4,"href":"https:\/\/www.elsinodaldetamaulipas.com.mx\/index.php?rest_route=\/wp\/v2\/posts\/210096\/revisions"}],"predecessor-version":[{"id":210104,"href":"https:\/\/www.elsinodaldetamaulipas.com.mx\/index.php?rest_route=\/wp\/v2\/posts\/210096\/revisions\/210104"}],"wp:featuredmedia":[{"embeddable":true,"href":"https:\/\/www.elsinodaldetamaulipas.com.mx\/index.php?rest_route=\/wp\/v2\/media\/210098"}],"wp:attachment":[{"href":"https:\/\/www.elsinodaldetamaulipas.com.mx\/index.php?rest_route=%2Fwp%2Fv2%2Fmedia&parent=210096"}],"wp:term":[{"taxonomy":"category","embeddable":true,"href":"https:\/\/www.elsinodaldetamaulipas.com.mx\/index.php?rest_route=%2Fwp%2Fv2%2Fcategories&post=210096"},{"taxonomy":"post_tag","embeddable":true,"href":"https:\/\/www.elsinodaldetamaulipas.com.mx\/index.php?rest_route=%2Fwp%2Fv2%2Ftags&post=210096"}],"curies":[{"name":"wp","href":"https:\/\/api.w.org\/{rel}","templated":true}]}}