{"id":210106,"date":"2025-08-24T20:01:14","date_gmt":"2025-08-25T00:01:14","guid":{"rendered":"https:\/\/www.elsinodaldetamaulipas.com.mx\/?p=210106"},"modified":"2025-08-24T20:01:14","modified_gmt":"2025-08-25T00:01:14","slug":"lluvias-traen-mas-beneficios-que-danos","status":"publish","type":"post","link":"https:\/\/www.elsinodaldetamaulipas.com.mx\/?p=210106","title":{"rendered":"LLUVIAS TRAEN M\u00c1S BENEFICIOS QUE DA\u00d1OS"},"content":{"rendered":"<h3>EXPEDIENTE<\/h3>\n<p>Azahel Jaramillo H.<\/p>\n<p>&nbsp;<\/p>\n<p><strong>\u00a0 \u00a0 \u00a0 \u00a0 \u00a0 \u00a0 \u00a0 \u00a0 \u00a0 \u00a0 Estamos en temporada de huracanes. De momneto, hay pronostico de lluvias fuertes a muy fuertes para Tamaulipas y el vecino estado de Veracruz desde este lunes 25 al mi\u00e9rcoles 27 de agosto.<\/strong><\/p>\n<p><strong>\u00a0 \u00a0 \u00a0 \u00a0 \u00a0 \u00a0 \u00a0 \u00a0 \u00a0 \u00a0 La tarde de este pasado viernes llovi\u00f3 con intensidad en el tramo carretero que conecta la fronteriza Cd. Reynosa con Cd. Victoria, lo que oblig\u00f3 a una marcha lenta de los automovilistas, que hiceron casi seis horas en llegar esta ciudad capital.<\/strong><\/p>\n<p><strong>\u00a0 \u00a0 \u00a0 \u00a0 \u00a0 \u00a0 \u00a0 \u00a0 \u00a0 \u00a0Con todos los da\u00f1os que suelen causar las abundantes lluvias, al final creemos son m\u00e1s los beneficios que reportan. Esperemos que la Presa Vicente Guerrero \u2014 principal abastecimiento de agua para Victoria capital \u2014 obtenga buenos niveles. Y es el que el reporte se\u00f1ala que dicha presa ha bajado a un 59.3 % de su capacidad.\u00a0<\/strong><\/p>\n<p><strong>\u00a0 \u00a0 \u00a0 \u00a0 \u00a0 \u00a0 \u00a0 \u00a0La \u00abVicente Guerrero\u00bb abastece el 70 % del agua para Ciudad Victoria , en tanto que el manantial \u00abLa Pe\u00f1ita\u00bb aporta el 30 por ciento restante.\u00a0<\/strong><\/p>\n<p><strong>\u00a0 \u00a0 \u00a0 \u00a0 \u00a0 \u00a0 \u00a0 Estamos pues en temporada de huracanes. Muchos han de recordar el huracan \u00abGilberto\u00bb que se empez\u00f3 a sentir en Ciudad Victoria la noche del 15 de septiembre de 1988. Recordamos que\u00a0 estabamos en la Plaza Ju\u00e1rez, la del 15. Ya hab\u00eda terminado la ceremonia del Grito de Independencia y se dej\u00f3 caer en ese momento un ventarron.\u00a0\u00a0<\/strong><\/p>\n<p><strong>\u00a0 \u00a0 \u00a0 \u00a0 \u00a0 \u00a0 SE ENFOCAN CONTRA DENGUE Y SARAMPION\u00a0 \u00a0 \u00a0 \u00a0 \u00a0 \u00a0 \u00a0 \u00a0 \u00a0 \u00a0\u00a0<\/strong><\/p>\n<p><strong>\u00a0 \u00a0 \u00a0 \u00a0 \u00a0 \u00a0 \u00a0 Pues ahi tienen que el mero jefe de la Salud en Tamaulipas, el Dr. Vicente Joel Hern\u00e1ndez Navarro presidi\u00f3 re<\/strong><strong>uni\u00f3n extraordinaria del Comando Estatal Interinstitucional del Sector Salud (CEISS), donde reafirm\u00f3 el compromiso para trabajar de manera conjunta para prevenir y reducir la presencia de enfermedades de relevancia epidemiol\u00f3gica y alto impacto como son el sarampi\u00f3n y el dengue.<\/strong><\/p>\n<p><strong>En del Comando Estatal, se definieron las acciones, que en conjunto con el Sector Salud y dependencias como Educaci\u00f3n, Bienestar Social, Universidades y Ayuntamientos, se han realizado para prevenirlos como las campa\u00f1as intensivas de vacunaci\u00f3n y las jornadas de lucha contra el dengue.<\/strong><\/p>\n<p><strong>Acompa\u00f1ado por el subsecretario de Atenci\u00f3n M\u00e9dica y secretario T\u00e9cnico del CEISS, Mart\u00edn Arturo Rodr\u00edguez Alcocer, el Dr. Vicente Joel present\u00f3 el avance del trabajo realizado para el combate al dengue, en donde destac\u00f3 que la intervenci\u00f3n oportuna es clave para evitar complicaciones.<\/strong><\/p>\n<p><strong>\u00a0 \u00a0 \u00a0 \u00a0 \u00a0 Contra el dengue lo que se busca es romper la cadena de transmisi\u00f3n. Para lograr esto, adem\u00e1s del trabajo que se ha realizado desde inicio de a\u00f1o, se elabor\u00f3 la plataforma oficial de seguimiento cl\u00ednico, que a trav\u00e9s de grupos de WhatsApp activos en las unidades de salud IMSS Bienestar, se detecta a los pacientes con s\u00edntomas de la enfermedad.<\/strong><\/p>\n<p><strong>PRESENTAN AVANCES DEL PUENTE COMERCIO INTERNACIONAL<\/strong><\/p>\n<p><strong>\u00a0 \u00a0 \u00a0 \u00a0Pues ahi tienen que en la vecina poblaci\u00f3n de Laredo, Texas, la secretaria de Econom\u00eda de Tamaulipas, Ninfa Cant\u00fa De\u00e1ndar encabez\u00f3 la reuni\u00f3n binacional de seguimiento al Proyecto de Ampliaci\u00f3n del Puente del Comercio Mundial junto al alcalde dicha tejana ciudad, V\u00edctor Trevi\u00f1o.<\/strong><\/p>\n<p><strong>\u00a0 \u00a0 \u00a0 \u00a0 \u00a0 En la reuni\u00f3n se presentaron los avances y resultados m\u00e1s recientes de ete proyecto estrategico, catalogado clave para el fortalecimiento del comerico entre M\u00e9xico y Estados Unidos.<\/strong><\/p>\n<p><strong>Se contempla la construcci\u00f3n\u00a0 de ocho nuevas casetas de peaje, ocho carriles adicionales hacia el norte, la adhesi\u00f3n de dos carriles m\u00e1s en la estructura existente, cuatro nuevos portales \u00abMulti-Energy\u00bb entre otras obras.\u00a0<\/strong><\/p>\n<p><strong>\u00a0 \u00a0 \u00a0 \u00a0 Vale decir que adicional a la ampliaci\u00f3n del puente, el gobierno del Dr. Am\u00e9rico Villarreal Anaya incluye la conclusi\u00f3n de obras sobre el Libramiento Mex ii que en conjunto representan una inversi\u00f3n de poco m\u00e1s de 1, 400 millones de pesos.<\/strong><\/p>\n<p><strong>NOS VEMOS.\u00a0 \u00a0 \u00a0 \u00a0 \u00a0 \u00a0 \u00a0 \u00a0 \u00a0 \u00a0<\/strong><\/p>\n","protected":false},"excerpt":{"rendered":"<p>EXPEDIENTE Azahel Jaramillo H. &nbsp; \u00a0 \u00a0 \u00a0 \u00a0 \u00a0 \u00a0 \u00a0 \u00a0 \u00a0 \u00a0 Estamos en temporada de huracanes. De momneto, hay pronostico de lluvias fuertes a muy fuertes para Tamaulipas y el vecino estado de Veracruz desde este lunes 25 al mi\u00e9rcoles 27 de agosto. \u00a0 \u00a0 \u00a0 \u00a0 \u00a0 \u00a0 \u00a0 \u00a0 [&hellip;]<\/p>\n","protected":false},"author":1,"featured_media":207110,"comment_status":"closed","ping_status":"closed","sticky":false,"template":"","format":"standard","meta":{"footnotes":""},"categories":[16],"tags":[],"class_list":["post-210106","post","type-post","status-publish","format-standard","has-post-thumbnail","hentry","category-opinion"],"_links":{"self":[{"href":"https:\/\/www.elsinodaldetamaulipas.com.mx\/index.php?rest_route=\/wp\/v2\/posts\/210106","targetHints":{"allow":["GET"]}}],"collection":[{"href":"https:\/\/www.elsinodaldetamaulipas.com.mx\/index.php?rest_route=\/wp\/v2\/posts"}],"about":[{"href":"https:\/\/www.elsinodaldetamaulipas.com.mx\/index.php?rest_route=\/wp\/v2\/types\/post"}],"author":[{"embeddable":true,"href":"https:\/\/www.elsinodaldetamaulipas.com.mx\/index.php?rest_route=\/wp\/v2\/users\/1"}],"replies":[{"embeddable":true,"href":"https:\/\/www.elsinodaldetamaulipas.com.mx\/index.php?rest_route=%2Fwp%2Fv2%2Fcomments&post=210106"}],"version-history":[{"count":1,"href":"https:\/\/www.elsinodaldetamaulipas.com.mx\/index.php?rest_route=\/wp\/v2\/posts\/210106\/revisions"}],"predecessor-version":[{"id":210107,"href":"https:\/\/www.elsinodaldetamaulipas.com.mx\/index.php?rest_route=\/wp\/v2\/posts\/210106\/revisions\/210107"}],"wp:featuredmedia":[{"embeddable":true,"href":"https:\/\/www.elsinodaldetamaulipas.com.mx\/index.php?rest_route=\/wp\/v2\/media\/207110"}],"wp:attachment":[{"href":"https:\/\/www.elsinodaldetamaulipas.com.mx\/index.php?rest_route=%2Fwp%2Fv2%2Fmedia&parent=210106"}],"wp:term":[{"taxonomy":"category","embeddable":true,"href":"https:\/\/www.elsinodaldetamaulipas.com.mx\/index.php?rest_route=%2Fwp%2Fv2%2Fcategories&post=210106"},{"taxonomy":"post_tag","embeddable":true,"href":"https:\/\/www.elsinodaldetamaulipas.com.mx\/index.php?rest_route=%2Fwp%2Fv2%2Ftags&post=210106"}],"curies":[{"name":"wp","href":"https:\/\/api.w.org\/{rel}","templated":true}]}}