{"id":210108,"date":"2025-08-24T20:11:02","date_gmt":"2025-08-25T00:11:02","guid":{"rendered":"https:\/\/www.elsinodaldetamaulipas.com.mx\/?p=210108"},"modified":"2025-08-24T20:11:34","modified_gmt":"2025-08-25T00:11:34","slug":"rutas-de-la-salud-programa-disenado-por-sheinbaum","status":"publish","type":"post","link":"https:\/\/www.elsinodaldetamaulipas.com.mx\/?p=210108","title":{"rendered":"RUTAS DE LA SALUD, PROGRAMA DISE\u00d1ADO POR SHEINBAUM"},"content":{"rendered":"<p>Desde el pasado martes 19 de agosto, la presidenta Claudia Sheinbaum<br \/>\nPardo, puso en marcha un nuevo mecanismo de distribuci\u00f3n de medicamentos e<br \/>\ninsumos m\u00e9dicos en el pa\u00eds y lo hizo de manera virtual, simult\u00e1neamente con los<br \/>\nestados ya inscritos en este programa ambicioso que ya se esperaba por todos.<br \/>\nLa operaci\u00f3n va viento en popa por 23 estados de la Republica que ya<br \/>\nforman parte del sistema federalizado y Tamaulipas, nuestro estado, es uno de<br \/>\nellos. Que bueno.<br \/>\nEn su primera etapa se dijo que ser\u00e1n 15 millones de piezas de 147 tipos<br \/>\nde medicamentos e insumos de primer nivel a las 8 mil 61 Unidades M\u00e9dicas del<br \/>\nIMSS-Bienestar. Desde ese d\u00eda ya se reparten en los Centros de Salud los<br \/>\nmedicamentos y se va a seguir haciendo de forma progresiva mediante programas<br \/>\ny estrategias.<br \/>\nTotal que en Tamaulipas ya arranc\u00f3 con todo la\u00a0distribuci\u00f3n de medicinas e<br \/>\ninici\u00f3 en el Centro de Salud de Ciudad Mier el pasado viernes 22 de agosto al filo<br \/>\ndel mediod\u00eda y lo encabez\u00f3 el propio gobernador Dr. Am\u00e9rico Villarreal Anaya,<br \/>\nconstatando la presencia ya en su farmacia el arribo de los medicamentos y el<br \/>\nsurtimiento de los mismos.<br \/>\nDijo, como ustedes recordar\u00e1n, hoy a principios de semana, el d\u00eda martes<br \/>\npasado dimos el arranque a las Rutas de la Salud a nivel nacional con la<br \/>\npresidenta Claudia, y de eso nos tocaban a nosotros 35 rutas con 15 camiones<br \/>\nque est\u00e1n enfocados en esa Misi\u00f3n; y se iban a repartir m\u00e1s de 215 mil piezas de<br \/>\nmedicamento y nos da mucho gusto que hasta ac\u00e1, hasta la frontera grande de<br \/>\nTamaulipas, en Ciudad Mier, en su Centro de Salud ya est\u00e1 debidamente<br \/>\nabastecido con estos medicamentos para atenci\u00f3n de nuestra gente. As\u00ed es que,<br \/>\nEnhorabuena y Seguimos avanzando, expres\u00f3.<br \/>\nM\u00e1s tarde el mandatario estatal recorri\u00f3 el Centro de Salud de Gustavo<br \/>\nD\u00edaz Ordaz,\u00a0donde verific\u00f3 la entrega de medicamentos como parte del programa<br \/>\n\u201cRutas de la Salud\u201d emprendida por la mandataria nacional y que llegue a las<br \/>\nzonas m\u00e1s alejadas.<br \/>\n\u201cDeben saber que nuestra presidenta, con el humanismo que le caracteriza,<br \/>\nha dado una instrucci\u00f3n contundente, ning\u00fan medicamento tiene que estar<\/p>\n<p>guardado en los almacenes y con ello evitar que falten medicamentos en las<br \/>\ncl\u00ednicas\u201d, estableci\u00f3 Villarreal Anaya.<br \/>\nCelebran aniversario del Ejido \u201cLa Presita\u201d<br \/>\nCon gran \u00e9xito se llevaron a cabo los festejos del 89 aniversario del Ejido<br \/>\n\u201cLa Presita\u201d en Ciudad Victoria este s\u00e1bado pasado, evento que encabez\u00f3 el<br \/>\nsecretario del Ayuntamiento Hugo Res\u00e9ndez Silva, en representaci\u00f3n del alcalde<br \/>\nLalo Gatt\u00e1s. En su mensaje el funcionario municipal agradeci\u00f3 la invitaci\u00f3n a esta<br \/>\ncelebraci\u00f3n del 89 aniversario de este Ejido, tierra de hombres y mujeres<br \/>\ntrabajadoras bien echadas pa\u2019 delante, los cuales todos los d\u00edas dan su mayor<br \/>\nesfuerzo para salir adelante.<br \/>\nRemarc\u00f3 que, el Ejido \u201cLa Presita\u201d es un ejido al cual el alcalde Lalo Gatt\u00e1s<br \/>\ny su esposa Lucy de Gattas le quiere mucho y eso, se les ha demostrado con<br \/>\nhechos.<br \/>\nAsegur\u00f3 que las y los ejidatarios pueden estar seguros que la<br \/>\nadministraci\u00f3n est\u00e1 trabajando firmemente para garantizar una mejor calidad de<br \/>\nvida para las personas de todos los sectores, en particular aqu\u00ed en el Ejido \u201cLa<br \/>\nPresita\u201d y se han atendido oportunamente y con la presencia de Carlos Charles,<br \/>\nSecretario de Servicios P\u00fablicos se constata la importancia y el compromiso de<br \/>\ncontinuar redoblando el trabajo que se ha venido realizando, sobre todo en<br \/>\nalumbrado p\u00fablico y en la recolecci\u00f3n de basura.<br \/>\n\u201cVamos a estar muy cercanos a la gente de las comunidades rurales,<br \/>\npueden estar seguros que en Presidencia Municipal tienen un amigo que va a<br \/>\napoyarlos en lo que est\u00e9 dentro de nuestras posibilidades\u201d, afirm\u00f3 el funcionario<br \/>\nmunicipal.<\/p>\n<p>NOTAS CORTAS<\/p>\n<p>1.- Compromiso legislativo del diputado federal de Nuevo Laredo, Carlos<br \/>\nEnrique Canturosas Villarreal, quien afirma en sus redes sociales que muy pronto<br \/>\nestar\u00e1 de regreso en la C\u00e1mara de Diputados, por lo que este 1 de septiembre<br \/>\ninicia el primer periodo del segundo a\u00f1o legislativo y est\u00e1 listo para seguir<br \/>\ntrabajando con todo por su natal tierra y por Tamaulipas, pues hay muchos temas<br \/>\npendientes que tratar. As\u00ed \u00a1seguiremos avanzando, con paso firme, para construir<br \/>\njuntos un mejor futuro para todas y todos!, agreg\u00f3.<br \/>\n2.- Es cierto, muy cierto, la Guardia Estatal con sede en Bustamante, no<br \/>\nsolo intimida, agrede, golpea y tambi\u00e9n echa la mano a los bolsillos de la<br \/>\nindefensa gente de ese municipio y todo lo hacen o lo hac\u00edan en complicidad del<br \/>\nex Secretario de Seguridad Sergio Ch\u00e1vez Garc\u00eda, a quien ya lo corrieron por lo<br \/>\nmismo, aunque me dicen que ya cambiaron a casi todos por ah\u00ed, lo cierto es que<br \/>\nquedan tres m\u00e1s bribones y andan como si nada, adem\u00e1s afirman que no les<br \/>\nhar\u00e1n nada y que est\u00e1n bien parados arriba. \u00bfSer\u00e1?<br \/>\nPor hoy es todo, en la pr\u00f3xima seguiremos dialogando del acontecer<br \/>\npol\u00edtico tamaulipeco.<\/p>\n","protected":false},"excerpt":{"rendered":"<p>Desde el pasado martes 19 de agosto, la presidenta Claudia Sheinbaum Pardo, puso en marcha un nuevo mecanismo de distribuci\u00f3n de medicamentos e insumos m\u00e9dicos en el pa\u00eds y lo hizo de manera virtual, simult\u00e1neamente con los estados ya inscritos en este programa ambicioso que ya se esperaba por todos. La operaci\u00f3n va viento en [&hellip;]<\/p>\n","protected":false},"author":1,"featured_media":210109,"comment_status":"closed","ping_status":"closed","sticky":false,"template":"","format":"standard","meta":{"footnotes":""},"categories":[16],"tags":[],"class_list":["post-210108","post","type-post","status-publish","format-standard","has-post-thumbnail","hentry","category-opinion"],"_links":{"self":[{"href":"https:\/\/www.elsinodaldetamaulipas.com.mx\/index.php?rest_route=\/wp\/v2\/posts\/210108","targetHints":{"allow":["GET"]}}],"collection":[{"href":"https:\/\/www.elsinodaldetamaulipas.com.mx\/index.php?rest_route=\/wp\/v2\/posts"}],"about":[{"href":"https:\/\/www.elsinodaldetamaulipas.com.mx\/index.php?rest_route=\/wp\/v2\/types\/post"}],"author":[{"embeddable":true,"href":"https:\/\/www.elsinodaldetamaulipas.com.mx\/index.php?rest_route=\/wp\/v2\/users\/1"}],"replies":[{"embeddable":true,"href":"https:\/\/www.elsinodaldetamaulipas.com.mx\/index.php?rest_route=%2Fwp%2Fv2%2Fcomments&post=210108"}],"version-history":[{"count":3,"href":"https:\/\/www.elsinodaldetamaulipas.com.mx\/index.php?rest_route=\/wp\/v2\/posts\/210108\/revisions"}],"predecessor-version":[{"id":210118,"href":"https:\/\/www.elsinodaldetamaulipas.com.mx\/index.php?rest_route=\/wp\/v2\/posts\/210108\/revisions\/210118"}],"wp:featuredmedia":[{"embeddable":true,"href":"https:\/\/www.elsinodaldetamaulipas.com.mx\/index.php?rest_route=\/wp\/v2\/media\/210109"}],"wp:attachment":[{"href":"https:\/\/www.elsinodaldetamaulipas.com.mx\/index.php?rest_route=%2Fwp%2Fv2%2Fmedia&parent=210108"}],"wp:term":[{"taxonomy":"category","embeddable":true,"href":"https:\/\/www.elsinodaldetamaulipas.com.mx\/index.php?rest_route=%2Fwp%2Fv2%2Fcategories&post=210108"},{"taxonomy":"post_tag","embeddable":true,"href":"https:\/\/www.elsinodaldetamaulipas.com.mx\/index.php?rest_route=%2Fwp%2Fv2%2Ftags&post=210108"}],"curies":[{"name":"wp","href":"https:\/\/api.w.org\/{rel}","templated":true}]}}