{"id":210119,"date":"2025-08-24T20:14:05","date_gmt":"2025-08-25T00:14:05","guid":{"rendered":"https:\/\/www.elsinodaldetamaulipas.com.mx\/?p=210119"},"modified":"2025-08-24T20:14:05","modified_gmt":"2025-08-25T00:14:05","slug":"nuevo-laredo-el-futuro-es-hoy","status":"publish","type":"post","link":"https:\/\/www.elsinodaldetamaulipas.com.mx\/?p=210119","title":{"rendered":"NUEVO LAREDO, EL FUTURO ES HOY"},"content":{"rendered":"<div class=\"title-post\">\n<h3 class=\"post-views content-post post-226871 entry-meta load-static\">LA COMUNA<\/h3>\n<\/div>\n<div class=\"post-content\">\n<p>Jos\u00e9 \u00c1ngel Solorio Mart\u00ednez<\/p>\n<p>Las pol\u00edticas socioecon\u00f3micas de la federaci\u00f3n le est\u00e1n cambiando el rostro a Tamaulipas. La sociedad ya no es la misma que antes del 2018. La pobreza se ha abatido notoriamente; la econom\u00eda est\u00e1 en constante crecimiento y desarrollo; los salarios se han incrementado como nunca y por lo mismo el consumo dom\u00e9stico se ha expandido.<br \/>\nEn mucho, esas pol\u00edticas nacionales, han apuntalado los esfuerzos locales por estar a la altura que demanda la IV T y su Segundo Piso.<br \/>\nFalta lo mejor: la instalaci\u00f3n de la Direcci\u00f3n Nacional de Aduanas, en Nuevo Laredo.<br \/>\nEse proyecto, por su impacto econ\u00f3mico en la regi\u00f3n -se compara al boom algodonero, a la bonanza de los granos (ma\u00edz y sorgo), y deja atr\u00e1s el desarrollo con dependencia de la ficticia bonanza de la industria maquiladora- se convertir\u00e1 en un verdadero polo de desarrollo para el comercio y la movilizaci\u00f3n de mercanc\u00edas hacia el gigantesco mercado latinoamericano.<br \/>\nPara operar la monumental maquinaria de esa infraestructura, se espera la llegada de m\u00e1s de tres mil familias y el arribo de un grupo de militares que se encargar\u00e1n de la seguridad de las instalaciones que depender\u00e1n de la Secretar\u00eda de Hacienda.<br \/>\nUna verdadera ciudad fiscal.<br \/>\nSu instalaci\u00f3n obedece a la necesidad del comercio internacional, que demanda mayor fluidez en ambos lados de la frontera para agilizar el intercambio de productos.<br \/>\n\u00bfQu\u00e9 cambios se ver\u00e1n en Nuevo Laredo?<br \/>\nMuchos.<br \/>\nMuy positivos.<br \/>\nDinamizar\u00e1 la econom\u00eda de la ciudad, al incrementarse los flujos econ\u00f3micos.<br \/>\nAumentar\u00e1 el transporte terrestre (actualmente, pasan por la aduana, casi 15 mil camiones diarios).<br \/>\nSe acrecentar\u00e1n los ingresos federales, estatales y locales, producto del crecimiento comercial y hacendario.<br \/>\nNuevo Laredo, pasar\u00e1 de ser una ciudad fronteriza importante, a un centro de inter\u00e9s y vigilancia nacionales.<br \/>\nTodo desarrollo genera paz. Veremos una disminuci\u00f3n en los hechos desarrollados por los grupos antisociales.<br \/>\nLa instalaci\u00f3n de ese nuevo puerto fiscal impactar\u00e1 favorablemente en zonas aleda\u00f1as. Necesariamente, brotar\u00e1 del enorme incremento de la actividad aduanera, el contar con mejores v\u00edas de comunicaci\u00f3n. Principalmente hacia el Puerto de Matamoros.<br \/>\nEl futuro alcanzar\u00e1 a Nuevo Laredo, m\u00e1s pronto de lo imaginado.<br \/>\nEl d\u00eda de la inauguraci\u00f3n de esa notable obra de la federaci\u00f3n, dar\u00e1 comienzo una de las mejores etapas en la historia de la ciudad.<br \/>\nDichosa la clase pol\u00edtica que hoy gobierna.<br \/>\nLleg\u00f3 el tiempo de ser convocada a tareas m\u00e1s relevantes.<\/p>\n<\/div>\n","protected":false},"excerpt":{"rendered":"<p>LA COMUNA Jos\u00e9 \u00c1ngel Solorio Mart\u00ednez Las pol\u00edticas socioecon\u00f3micas de la federaci\u00f3n le est\u00e1n cambiando el rostro a Tamaulipas. La sociedad ya no es la misma que antes del 2018. La pobreza se ha abatido notoriamente; la econom\u00eda est\u00e1 en constante crecimiento y desarrollo; los salarios se han incrementado como nunca y por lo mismo [&hellip;]<\/p>\n","protected":false},"author":1,"featured_media":208697,"comment_status":"closed","ping_status":"closed","sticky":false,"template":"","format":"standard","meta":{"footnotes":""},"categories":[16],"tags":[],"class_list":["post-210119","post","type-post","status-publish","format-standard","has-post-thumbnail","hentry","category-opinion"],"_links":{"self":[{"href":"https:\/\/www.elsinodaldetamaulipas.com.mx\/index.php?rest_route=\/wp\/v2\/posts\/210119","targetHints":{"allow":["GET"]}}],"collection":[{"href":"https:\/\/www.elsinodaldetamaulipas.com.mx\/index.php?rest_route=\/wp\/v2\/posts"}],"about":[{"href":"https:\/\/www.elsinodaldetamaulipas.com.mx\/index.php?rest_route=\/wp\/v2\/types\/post"}],"author":[{"embeddable":true,"href":"https:\/\/www.elsinodaldetamaulipas.com.mx\/index.php?rest_route=\/wp\/v2\/users\/1"}],"replies":[{"embeddable":true,"href":"https:\/\/www.elsinodaldetamaulipas.com.mx\/index.php?rest_route=%2Fwp%2Fv2%2Fcomments&post=210119"}],"version-history":[{"count":1,"href":"https:\/\/www.elsinodaldetamaulipas.com.mx\/index.php?rest_route=\/wp\/v2\/posts\/210119\/revisions"}],"predecessor-version":[{"id":210120,"href":"https:\/\/www.elsinodaldetamaulipas.com.mx\/index.php?rest_route=\/wp\/v2\/posts\/210119\/revisions\/210120"}],"wp:featuredmedia":[{"embeddable":true,"href":"https:\/\/www.elsinodaldetamaulipas.com.mx\/index.php?rest_route=\/wp\/v2\/media\/208697"}],"wp:attachment":[{"href":"https:\/\/www.elsinodaldetamaulipas.com.mx\/index.php?rest_route=%2Fwp%2Fv2%2Fmedia&parent=210119"}],"wp:term":[{"taxonomy":"category","embeddable":true,"href":"https:\/\/www.elsinodaldetamaulipas.com.mx\/index.php?rest_route=%2Fwp%2Fv2%2Fcategories&post=210119"},{"taxonomy":"post_tag","embeddable":true,"href":"https:\/\/www.elsinodaldetamaulipas.com.mx\/index.php?rest_route=%2Fwp%2Fv2%2Ftags&post=210119"}],"curies":[{"name":"wp","href":"https:\/\/api.w.org\/{rel}","templated":true}]}}