{"id":210124,"date":"2025-08-25T08:54:50","date_gmt":"2025-08-25T12:54:50","guid":{"rendered":"https:\/\/www.elsinodaldetamaulipas.com.mx\/?p=210124"},"modified":"2025-08-25T08:54:50","modified_gmt":"2025-08-25T12:54:50","slug":"quien-dice-que-no-se-puede","status":"publish","type":"post","link":"https:\/\/www.elsinodaldetamaulipas.com.mx\/?p=210124","title":{"rendered":"\u00bfQUI\u00c9N DICE QUE NO SE PUEDE?"},"content":{"rendered":"<p>LOS HECHOS<br \/>\nPOR Jos\u00e9 In\u00e9s Figueroa Vitela<\/p>\n<p>&nbsp;<\/p>\n<p>\u201cAl Gobernador d\u00edganle que algo no se puede para que te demuestre lo contrario\u201d.<br \/>\nLa expresi\u00f3n, que a nadie le he escuchado decir literal, parece surgir de los hechos<br \/>\ncon los que el doctor AM\u00c9RICO VILLARREAL ANAYA, ha transitado la primera<br \/>\nparte de su gesti\u00f3n al frente del Ejecutivo tamaulipeco, prometiendo para lo que resta<br \/>\nde su mandato.<br \/>\n\u201cEl Puente Roto\u201d, dur\u00f3 d\u00e9cadas, \u201ctirado\u201d en Altamira, como un cuello de botella en<br \/>\nel desenlace de la ruta de las industrias del norte y el baj\u00edo al puerto y de los paseante<br \/>\nde los m\u00e1s variados or\u00edgenes terrestres a la playa, porque se dec\u00eda estaba entrampado<br \/>\ny no pod\u00eda ni eliminarse, ni recuperarse al paso de los tiempos.<br \/>\nLo mismo pas\u00f3 con, por ejemplo, la Supercarretera Ocampo-Tula que est\u00e1 por<br \/>\nconcluirse, al tiempo que se hacen las obras complementarias del libramiento Mante y<br \/>\nse prepara el viaducto en la zona conurbada del sur, que no estaban incluidas en el<br \/>\nproyecto original.<br \/>\nO el Puerto de Matamoros, que literalmente, de un siglo a otro se construy\u00f3 y se<br \/>\ndestruy\u00f3 repetidamente, sin que lograra su cometido de que pudiera entrar y salir un<br \/>\nbuque de gran calado libremente, como ya sucedi\u00f3, ya en calidad de un destino<br \/>\nmar\u00edtimo consolidado en su infraestructura y en proceso de agenda y promoci\u00f3n con<br \/>\ngrandes expectativas.<br \/>\nDesde tiempos inmemoriales, la llamada Ribere\u00f1a, o Frontera Chica, esa franja<br \/>\nfronteriza del mapa tamaulipeco entre Reynosa y Nuevo Laredo, fue una zona vedada<br \/>\npara los extra\u00f1os, habida cuenta de su vocaci\u00f3n natural, asumida por los menos, las<br \/>\nm\u00e1s de las veces re\u00f1ida con la legalidad, por su condici\u00f3n breve, aislada e<br \/>\ninternacional.<br \/>\nCuando la p\u00e1gina oscura de la historia del Estado y el pa\u00eds, entre el 2 mil 10 y el<br \/>\n2014, en que la delincuencia asumi\u00f3 el poder total del territorio, ensangrentando a<br \/>\nnuestro pueblo y secuestrando la tranquilidad de todos, en esa zona, particularmente<br \/>\nen el municipio de Mier, se instal\u00f3 un cuartel del Ej\u00e9rcito mexicano.<br \/>\nAlgunos periodistas que dimos cobertura a la apertura de la base militar, por<br \/>\nprimera vez fuimos testigos de los edificios p\u00fablicos y domicilios particulares<\/p>\n<p>incendiados y tupidos de balas en sus fachadas, en torno de la plaza principal y<br \/>\nperiferias del primer cuadro.<br \/>\n\u201dEso se acab\u00f3\u201d, nos dijeron, aunque la osad\u00eda con la que camionetas con j\u00f3venes en<br \/>\nsu cajas, con el volumen alto y la mirada altiva, merodeando por donde estuvimos y<br \/>\ntransitamos, sembraba la duda hasta en los menos esc\u00e9pticos.<br \/>\nPas\u00f3 m\u00e1s de una d\u00e9cada y aunque no se ha sabido de incidentes mayores, el temor<br \/>\nsigue proponiendo a los m\u00e1s, otros trayectos, por ejemplo para llegar a Nuevo Laredo,<br \/>\n\u201cpor el lado americano\u201d, en el caso de los fronterizos, y por Monterrey para los del<br \/>\ncentro.<br \/>\nAhora el doctor y gobernador, AM\u00c9RICO VILLARREAL, dispuso la construcci\u00f3n<br \/>\nde \u201cestaciones seguras\u201d de la Guardia estatal cada 50 kil\u00f3metros por la carretera en<br \/>\nesa direcci\u00f3n y reci\u00e9n inaugur\u00f3 la sede de la militarizada Guardia Nacional,<br \/>\nprecisamente en ese punto central de Mier.<br \/>\nIgual, como en lo otros \u201cno se puede\u201d, hoy hay la confianza de que s\u00ed se puede; con<br \/>\nlas acciones impulsadas por la actual administraci\u00f3n estatal, los ciudadanos podr\u00e1n<br \/>\nvolver a circular seguros por esas rutas, ir a disfrutar del pueblo m\u00e1gico de Mier, a<br \/>\nPescar en la presa internacional del municipio de Guerrero, a transitar el camino de<br \/>\nMiguel Alem\u00e1n que como todos, tambi\u00e9n conduce a Roma y a integrar esos pueblos<br \/>\npujantes ensanchando el orgullo de ser tamaulipecos.<br \/>\nIgual, hay quienes de un tiempo ac\u00e1 han venido repitiendo que al exgobernador<br \/>\npr\u00f3fugo, nunca lo van a meter a la c\u00e1rcel en M\u00e9xico, para que pague las fechor\u00edas que<br \/>\ncometi\u00f3 a su paso por la administraci\u00f3n estatal, porque ha ganado otro manto de<br \/>\nimpunidad entre las autoridades norteamericanas, jugando con su doble nacionalidad.<br \/>\nLa sentencia condenatoria, reci\u00e9n emitida en contra de quien fue su Secretario de<br \/>\nEducaci\u00f3n, MARIO \u201cN\u201d y el proceso que se sigue contra quien despach\u00f3 como<br \/>\nSecretario de Bienestar, tras las rejas, forman parte de la ruta que m\u00e1s temprano que<br \/>\ntarde alcanzar\u00e1n a FRANCISCO JAVIER \u201cN\u201d.<br \/>\nHay un sinf\u00edn de averiguaciones abiertas por las ilegalidades registradas en las<br \/>\ndistintas dependencias del gobierno pasado, que no hab\u00edan avanzado por la estructura<br \/>\npara la impunidad que hab\u00eda dejado sembrada el jefe de la banda de los cuernos<br \/>\nlargos.<br \/>\nEs del dominio p\u00fablico que el saqueo del presupuesto asignado a las dependencias<br \/>\nse lo repartieron como parcelas los integrantes de la familia del exgobernador.<br \/>\nSus protectores en las fiscal\u00edas y tribunales est\u00e1n en v\u00edas de extinci\u00f3n; en menos de<\/p>\n<p>un mes quienes le brindaron amparos a granel andar\u00e1n como \u00e9l, a salto de mata y en<br \/>\notro mes m\u00e1s, jueces y magistrados que uso de manera discrecional para alimentar sus<br \/>\napetitos insanos, seguir\u00e1n la misma suerte.<br \/>\n\u00bfHasta d\u00f3nde los procesados van a resignarse a endosar su vida tras las rejas en<br \/>\nabono a la impunidad, libertad y alegr\u00eda con la que FRANCISCO y parientes<br \/>\nderrochan los tesoros mal habidos acumulados?<br \/>\n\u00bfVan a encarcelar a los CABEZA?<br \/>\n\u00bfQui\u00e9n dice que no se puede?<\/p>\n","protected":false},"excerpt":{"rendered":"<p>LOS HECHOS POR Jos\u00e9 In\u00e9s Figueroa Vitela &nbsp; \u201cAl Gobernador d\u00edganle que algo no se puede para que te demuestre lo contrario\u201d. La expresi\u00f3n, que a nadie le he escuchado decir literal, parece surgir de los hechos con los que el doctor AM\u00c9RICO VILLARREAL ANAYA, ha transitado la primera parte de su gesti\u00f3n al frente [&hellip;]<\/p>\n","protected":false},"author":1,"featured_media":210125,"comment_status":"closed","ping_status":"closed","sticky":false,"template":"","format":"standard","meta":{"footnotes":""},"categories":[16],"tags":[],"class_list":["post-210124","post","type-post","status-publish","format-standard","has-post-thumbnail","hentry","category-opinion"],"_links":{"self":[{"href":"https:\/\/www.elsinodaldetamaulipas.com.mx\/index.php?rest_route=\/wp\/v2\/posts\/210124","targetHints":{"allow":["GET"]}}],"collection":[{"href":"https:\/\/www.elsinodaldetamaulipas.com.mx\/index.php?rest_route=\/wp\/v2\/posts"}],"about":[{"href":"https:\/\/www.elsinodaldetamaulipas.com.mx\/index.php?rest_route=\/wp\/v2\/types\/post"}],"author":[{"embeddable":true,"href":"https:\/\/www.elsinodaldetamaulipas.com.mx\/index.php?rest_route=\/wp\/v2\/users\/1"}],"replies":[{"embeddable":true,"href":"https:\/\/www.elsinodaldetamaulipas.com.mx\/index.php?rest_route=%2Fwp%2Fv2%2Fcomments&post=210124"}],"version-history":[{"count":1,"href":"https:\/\/www.elsinodaldetamaulipas.com.mx\/index.php?rest_route=\/wp\/v2\/posts\/210124\/revisions"}],"predecessor-version":[{"id":210126,"href":"https:\/\/www.elsinodaldetamaulipas.com.mx\/index.php?rest_route=\/wp\/v2\/posts\/210124\/revisions\/210126"}],"wp:featuredmedia":[{"embeddable":true,"href":"https:\/\/www.elsinodaldetamaulipas.com.mx\/index.php?rest_route=\/wp\/v2\/media\/210125"}],"wp:attachment":[{"href":"https:\/\/www.elsinodaldetamaulipas.com.mx\/index.php?rest_route=%2Fwp%2Fv2%2Fmedia&parent=210124"}],"wp:term":[{"taxonomy":"category","embeddable":true,"href":"https:\/\/www.elsinodaldetamaulipas.com.mx\/index.php?rest_route=%2Fwp%2Fv2%2Fcategories&post=210124"},{"taxonomy":"post_tag","embeddable":true,"href":"https:\/\/www.elsinodaldetamaulipas.com.mx\/index.php?rest_route=%2Fwp%2Fv2%2Ftags&post=210124"}],"curies":[{"name":"wp","href":"https:\/\/api.w.org\/{rel}","templated":true}]}}