{"id":210133,"date":"2025-08-25T09:16:25","date_gmt":"2025-08-25T13:16:25","guid":{"rendered":"https:\/\/www.elsinodaldetamaulipas.com.mx\/?p=210133"},"modified":"2025-08-25T09:16:25","modified_gmt":"2025-08-25T13:16:25","slug":"administracion-de-cabeza-de-vaca-marcada-por-la-corrupcion","status":"publish","type":"post","link":"https:\/\/www.elsinodaldetamaulipas.com.mx\/?p=210133","title":{"rendered":"ADMINISTRACI\u00d3N DE CABEZA DE VACA MARCADA POR LA CORRUPCI\u00d3N"},"content":{"rendered":"<p>T E C L A Z O S<br \/>\nPor Guadalupe E. Gonz\u00e1lez<\/p>\n<p>X.-Capturan al ex secretario de Educaci\u00f3n<br \/>\nP\u00fablica<br \/>\nCON la captura del ex secretario de Educaci\u00f3n P\u00fablica Mario \u201cN\u201d, se<br \/>\nconfirma, \u201cel marcado \u00edndice de corrupci\u00f3n que priv\u00f3 en el sexenio<br \/>\nCabecista\u201d, cuyos ex funcionarios con marcado dolo y mala fe,<br \/>\n\u201claceraron las finanzas\u201d en el pasado gobierno, cuyo esquema de<br \/>\ncorrupci\u00f3n, \u201cqueda para la triste historia de Tamaulipas\u201d.<br \/>\nPOR este motivo, La Lic. Martha Patricia Rodr\u00edguez Salinas, Jueza de<br \/>\nla Primera Regi\u00f3n del Tribunal de Enjuiciamiento Unitario, del Primer<br \/>\nDistrito Judicial de Tamaulipas, \u201cdecret\u00f3 fall\u00f3 condenatorio\u201d en contra<br \/>\na Mario \u201cN\u201d, por aparecer penalmente responsable de los delitos de<br \/>\n\u201cejercicio del servicio p\u00fablico y peculado\u201d, delitos tipificados en varios<br \/>\nde los art\u00edculos del C\u00f3digo Penal del Estado.<br \/>\nLA JUEZA Rodr\u00edguez Salinas, defini\u00f3 la referida sentencia, luego de<br \/>\nescuchar a testigos y peritos, los que fueron muy incisivos al se\u00f1alar<br \/>\nque Mario \u201cN\u201d, de manera ilegal \u201csuscribi\u00f3 un convenio\u201d por su<br \/>\ncalidad de servidor p\u00fablico, estableciendo para ello, dos hip\u00f3tesis: La<br \/>\nprimera como Subsecretario de Administraci\u00f3n, de la Secretar\u00eda de<br \/>\nEducaci\u00f3n, el 15 de enero de 2018, en la que, (el sentenciado firm\u00f3 un<br \/>\nconvenio de colaboraci\u00f3n con la Aseguradora MetLife), de pago de<br \/>\nprima de seguro individual voluntario, con cargo a la n\u00f3mina, facultad<br \/>\nque le corresponde a la persona titular de dicha Secretar\u00eda, solamente<br \/>\nen materia educativa.<br \/>\nAPUNT\u00c1NDOSE que, durante la vigencia del convenio, del 15 de<br \/>\nenero del 2018 al 30 de septiembre del 2022, MetLife deposit\u00f3 y<br \/>\ntransfiri\u00f3 a diversas cuentas de la Secretar\u00eda de Educaci\u00f3n, en el Banco<br \/>\nSantander, $8,285,878.87 y no a la Secretar\u00eda de Finanzas, como debi\u00f3<br \/>\nde haber sido.<br \/>\nY, La segunda hip\u00f3tesis, es que, esta cifra proveniente de la retenci\u00f3n<br \/>\nde primas de la n\u00f3mina de las y los trabajadores, se destin\u00f3 al pago de<br \/>\ndistintos conceptos, entre ellos, \u201ctransferencias al mismo Mario \u201cN\u201d,<\/p>\n<p>sin el visto bueno de la Secretar\u00eda de Finanzas\u201d, que es la dependencia<br \/>\nfacultada para regular los ingresos y asignar las partidas<br \/>\npresupuestales del ejercicio anual.<br \/>\nSE EXPLICA que por los Il\u00edcitos consumados por Mario \u201cN\u201d, este<br \/>\npodr\u00eda alcanzar una pena de hasta de 20 a\u00f1os de prisi\u00f3n, la que se dijo,<br \/>\nser\u00e1 definida en la audiencia p\u00fablica de reparaci\u00f3n de da\u00f1o e<br \/>\nindividualizaci\u00f3n de sanciones, programada para el pr\u00f3ximo 26 de<br \/>\nagosto a las 11:30 horas en la Sala \u201cH\u201d, del Centro Integral de Justicia<br \/>\nen el Estado de Tamaulipas.<br \/>\nCONFIRM\u00c1NDOSE que, los excesos de corrupci\u00f3n generados en el<br \/>\ngobierno de Francisco Garc\u00eda cabeza de Vaca, \u201cson la huella<br \/>\nimborrable de los malos actos instrumentados por funcionarios<br \/>\ncorruptos\u201d, como el referido ex secretario de educaci\u00f3n Mario \u201cN\u201d<br \/>\nquien por lo pronto ya est\u00e1 a buen recaudo a disposici\u00f3n del Poder<br \/>\nJudicial Local y Federal.<br \/>\nPARA concluir, queda claro que, \u201cen el pasado gobierno panista\u201d, en<br \/>\ntodas sus \u00e1reas, se generaron actos de corrupci\u00f3n, detalle por el cual no<br \/>\nse descarta que \u201cseguir\u00e1n cayendo cabezas\u201d, por haber incurrido en<br \/>\notra clase de flagelos como \u201clo de las cuentas p\u00fablicas\u201d que, fueron<br \/>\navaladas a pesar de las evidentes irregularidades detectadas en las<br \/>\nmismas. Motivo por el cual \u201cvarios ex alcaldes de Acci\u00f3n Nacional se<br \/>\nencuentran en la mira de la Justicia\u201d.<br \/>\nPor hoy es todo y hasta ma\u00f1ana<br \/>\nPara sugerencias y puntos de vista en general al email:<br \/>\nlupeernesto@yahoo.com.mx<\/p>\n","protected":false},"excerpt":{"rendered":"<p>T E C L A Z O S Por Guadalupe E. Gonz\u00e1lez X.-Capturan al ex secretario de Educaci\u00f3n P\u00fablica CON la captura del ex secretario de Educaci\u00f3n P\u00fablica Mario \u201cN\u201d, se confirma, \u201cel marcado \u00edndice de corrupci\u00f3n que priv\u00f3 en el sexenio Cabecista\u201d, cuyos ex funcionarios con marcado dolo y mala fe, \u201claceraron las finanzas\u201d [&hellip;]<\/p>\n","protected":false},"author":1,"featured_media":210134,"comment_status":"closed","ping_status":"closed","sticky":false,"template":"","format":"standard","meta":{"footnotes":""},"categories":[16],"tags":[],"class_list":["post-210133","post","type-post","status-publish","format-standard","has-post-thumbnail","hentry","category-opinion"],"_links":{"self":[{"href":"https:\/\/www.elsinodaldetamaulipas.com.mx\/index.php?rest_route=\/wp\/v2\/posts\/210133","targetHints":{"allow":["GET"]}}],"collection":[{"href":"https:\/\/www.elsinodaldetamaulipas.com.mx\/index.php?rest_route=\/wp\/v2\/posts"}],"about":[{"href":"https:\/\/www.elsinodaldetamaulipas.com.mx\/index.php?rest_route=\/wp\/v2\/types\/post"}],"author":[{"embeddable":true,"href":"https:\/\/www.elsinodaldetamaulipas.com.mx\/index.php?rest_route=\/wp\/v2\/users\/1"}],"replies":[{"embeddable":true,"href":"https:\/\/www.elsinodaldetamaulipas.com.mx\/index.php?rest_route=%2Fwp%2Fv2%2Fcomments&post=210133"}],"version-history":[{"count":1,"href":"https:\/\/www.elsinodaldetamaulipas.com.mx\/index.php?rest_route=\/wp\/v2\/posts\/210133\/revisions"}],"predecessor-version":[{"id":210135,"href":"https:\/\/www.elsinodaldetamaulipas.com.mx\/index.php?rest_route=\/wp\/v2\/posts\/210133\/revisions\/210135"}],"wp:featuredmedia":[{"embeddable":true,"href":"https:\/\/www.elsinodaldetamaulipas.com.mx\/index.php?rest_route=\/wp\/v2\/media\/210134"}],"wp:attachment":[{"href":"https:\/\/www.elsinodaldetamaulipas.com.mx\/index.php?rest_route=%2Fwp%2Fv2%2Fmedia&parent=210133"}],"wp:term":[{"taxonomy":"category","embeddable":true,"href":"https:\/\/www.elsinodaldetamaulipas.com.mx\/index.php?rest_route=%2Fwp%2Fv2%2Fcategories&post=210133"},{"taxonomy":"post_tag","embeddable":true,"href":"https:\/\/www.elsinodaldetamaulipas.com.mx\/index.php?rest_route=%2Fwp%2Fv2%2Ftags&post=210133"}],"curies":[{"name":"wp","href":"https:\/\/api.w.org\/{rel}","templated":true}]}}