{"id":210136,"date":"2025-08-25T09:20:45","date_gmt":"2025-08-25T13:20:45","guid":{"rendered":"https:\/\/www.elsinodaldetamaulipas.com.mx\/?p=210136"},"modified":"2025-08-25T09:20:45","modified_gmt":"2025-08-25T13:20:45","slug":"algo-es-algo","status":"publish","type":"post","link":"https:\/\/www.elsinodaldetamaulipas.com.mx\/?p=210136","title":{"rendered":"ALGO ES ALGO"},"content":{"rendered":"<p>A principios de septiembre del 2023 se filtr\u00f3 que el Secretario de Educaci\u00f3n en la administraci\u00f3n del pr\u00f3fugo Cabeza N hab\u00eda sido vinculado a proceso, se persegu\u00edan dos delitos en un desfalc\u00f3 superior a los 8 millones de pesos, la semana pasada recibi\u00f3 una resoluci\u00f3n condenatoria por parte de un juez.<\/p>\n<p>Por aquellos d\u00edas el se\u00f1alamiento parec\u00eda un chiste de mal gusto, una burla a la inteligencia de los ciudadanos, todav\u00eda lo parece un poco, pero ya por lo menos se cierne sobre el individuo conocido como Mario N la posibilidad de meterlo a la c\u00e1rcel por 20 a\u00f1os al comprobarse que cometi\u00f3 los delitos de peculado y ejercicio il\u00edcito de funciones, resulta que firm\u00f3 un contrato con una empresa por ese monto, le hizo retenciones a los trabajadores de la educaci\u00f3n para tal efecto y lo recolectado fue a parar, en una buena parte, a sus cuentas particulares y a otras.<\/p>\n<p>La verdad es que no sabemos si aplaudir o llorar por lo que est\u00e1 ocurriendo, y es que si bien se va encontrando la punta del iceberg de la corrupci\u00f3n que se cometi\u00f3 en el sexenio de Cabeza N, tambi\u00e9n hay que decir que la anterior Fiscal\u00eda Anticorrupci\u00f3n hizo todo lo posible por proteger a los implicados en estos turbios negocios con dinero p\u00fablico, vaya pues, los persiguen por una pinchurrienta suma y me explico.<\/p>\n<p>Mire, para usted y para m\u00ed los ocho millones de pesos representan quiz\u00e1 toda una vida de trabajo, tal vez dos o tres, pero es muy corta si tomamos en cuenta que al inicio de las investigaciones se habl\u00f3 de que en la SET estaban 22 mil millones de pesos perdidos, que las auditorias federales reclamaban ese recurso y nadie pudo dar raz\u00f3n del mismo, significa que ese monto por el que le acusan, o quiz\u00e1 mucho m\u00e1s, lo obtuvieron quincena a quincena durante todo el tiempo que ejerci\u00f3 ese cargo y sin descansar s\u00e1bado o domingo, eso sin contar aguinaldos y bonos.<\/p>\n<p>Lo cosa se pone peor si le digo que ese saqueo de 22 mil millones era \u00fanicamente en referencia al gasto federal en la SET, todav\u00eda habr\u00e1 que investigar que se le hizo al dinero local, el que audita el congreso del Estado y que no es nada despreciable en toda la suma.<\/p>\n<p>En la SET se hizo un cochinero con el dinero destinado a la educaci\u00f3n, por ejemplo, testigos oculares preguntan en donde fueron a parar las tarjetas bancarias localizadas en cajones de un escritorio del edificio de la calzada y con las cuales se presume se cobraban algunos contratos por 40 mil pesos mensuales, sin incluir los recursos que se fugaron en personal que no se presentaba a trabajar, como una de sus secretarias y otros sin que lo merecieran o desquitaran en algo.<\/p>\n<p>En lo particular aplaudimos que se combate la corrupci\u00f3n, si el exsecretario entiende que su vida puede terminar en una prisi\u00f3n quiz\u00e1 tenga la valent\u00eda de explicarnos m\u00e1s cosas para que paguen los verdaderos saqueadores, vaya pues, ojal\u00e1 que si las denuncias realmente pretendan llegar a un culpable se vayan m\u00e1s al fondo de las cosas, porque Mario N era un personaje que no se mandaba solo y menos cuando firm\u00f3 ese convenio con la empresa, es decir, todos presumen ten\u00eda fuertes nexos con los Cabeza N y quiz\u00e1 hasta all\u00e1 fue a parar el dinero.<\/p>\n<p>Ahora, no basta una sentencia condenatoria para Mario N, porque los malos pensamientos de que quiz\u00e1 solo se trata del insano intento de purificar a los amigos de Cabeza N a un costo bastante accesible para sus carteras se tiene que eliminar del pueblo, es decir, se debe ir m\u00e1s a fondo en este tipo de investigaciones, para ser claros, se debe tratar de vincular a proceso a quienes lideraron ese saqueo terrible a las arcas estatales.<\/p>\n<p>Por ello le insisto, ojal\u00e1 esta sea la punta del iceberg esta sentencia condenatoria que nos dice que efectivamente en el sexenio del pr\u00f3fugo Cabeza N fueron ladrones, entonces, tenemos que esperar a que Mario N comience a dar detalles de c\u00f3mo se hicieron los saqueos y a donde fueron a parar tantos miles de millones de pesos que se buscan en esa dependencia.<\/p>\n<p>Tiene usted raz\u00f3n, con su sentencia de culpable se puede decir que algo es algo, sin embargo, para el nivel de corrupci\u00f3n vivido con los secuaces de Cabeza N se puede aplaudir el acto, pero nunca nos dejar\u00e1 satisfechos a los del pueblo porque los del pasado con esos actos se revela que actuaron con todo contra los m\u00e1s desprotegidos a los que nos desaparecieron hasta las becas por lo que no se debe permitir que se burlen de los tamaulipecos, se tiene que ir llam\u00e1ndolos a cuentas por montos reales como los que ahora se se\u00f1ala y que quiz\u00e1 hasta los tengan en la bolsa de su pantal\u00f3n o debajo del colch\u00f3n para sus emergencias, sobre todo, se debe tratar de castigar a todos los culpables por haber hecho mal manejo del dinero que estaba destinado a la educaci\u00f3n de nuestros hijos, al futuro de nuestros hijos, quiz\u00e1, a la \u00fanica oportunidad que tienen nuestros hijos de salir adelante y eso no se vale\u2026<\/p>\n<p>SE REUNE GOBERNADOR CON MAYOR DE ROMA, TEXAS\u2026 El gobernador Am\u00e9rico Villarreal Anaya sostuvo una reuni\u00f3n de trabajo con el mayor de Roma, Texas, Jaime Escobar Jr., con quien se acord\u00f3 impulsar una agenda binacional para la construcci\u00f3n de un nuevo puente internacional entre la ciudad de Mier y Roma, Texas.<\/p>\n<p>Durante el encuentro celebrado en esta ciudad, el mayor Escobar Jr., dijo que la construcci\u00f3n de un nuevo cruce fronterizo entre ambas poblaciones es un sue\u00f1o de a\u00f1os que podr\u00eda cristalizarse con la disposici\u00f3n y apoyo del gobernador Am\u00e9rico Villarreal Anaya.<\/p>\n<p>Con la llegada de la Agencia Nacional de Aduanas (ANAM) y la construcci\u00f3n de 15 Estaciones Seguras en la Frontera Grande de Tamaulipas, sumar un paso m\u00e1s entre M\u00e9xico y Estados Unidos detonar\u00eda el desarrollo de esta regi\u00f3n de una forma extraordinaria.<\/p>\n<p>\u201cLo apoyamos y respaldamos este gran proyecto binacional\u201d, dijo el gobernador Villarreal Anaya.<\/p>\n<p>Tanto el mandatario tamaulipeco como el mayor texano acordaron trabajar sobre los estudios de impacto ambiental y el proyecto ejecutivo de esta magna obra.<\/p>\n<p>Villarreal Anaya destac\u00f3 que las iniciativas entre las autoridades texanas y tamaulipecas se fortalecen d\u00eda con d\u00eda y que esta obra de comunicaci\u00f3n tiene grandes posibilidades de cristalizarse.<\/p>\n<p>RECOLECTA UAT UTILES ESCOLARES PARA DONAR A TAMAULIPECOS\u2026 Con el firme prop\u00f3sito de fortalecer la educaci\u00f3n y apoyar a quienes m\u00e1s lo necesitan, la Universidad Aut\u00f3noma de Tamaulipas (UAT) llev\u00f3 a cabo, del 9 de junio al 22 de agosto de 2025, la colecta de \u00fatiles escolares, bajo el nombre \u201cImpulsando Corazones\u201d, organizada por Familia UAT.<\/p>\n<p>La iniciativa convoc\u00f3 a toda la comunidad universitaria y la sociedad en general a sumarse a esta acci\u00f3n solidaria, que busca proporcionar herramientas escolares a ni\u00f1as, ni\u00f1os y j\u00f3venes en situaci\u00f3n de vulnerabilidad, contribuyendo a que inicien su ciclo escolar con los materiales necesarios para su aprendizaje y desarrollo acad\u00e9mico.<\/p>\n<p>Durante m\u00e1s de dos meses, la colecta recibi\u00f3 una amplia variedad de donativos, entre los que se incluyeron mochilas, cuadernos, l\u00e1pices, plumas, reglas, estuches de geometr\u00eda, borradores, marcatextos, cajas de colores, sacapuntas, tijeras escolares, loncheras y pegamento, art\u00edculos que ser\u00e1n entregados a estudiantes en situaci\u00f3n vulnerable de diversas regiones del estado.<\/p>\n<p>Para garantizar una participaci\u00f3n coordinada y efectiva, se instalaron puntos de recolecci\u00f3n en las distintas facultades, unidades acad\u00e9micas y dependencias administrativas de la UAT, lo que permiti\u00f3 la colaboraci\u00f3n de toda la comunidad universitaria. Estudiantes, docentes y personal administrativo contribuyeron de manera entusiasta, consolidando un esfuerzo conjunto que refleja los valores humanistas y solidarios que caracterizan a la instituci\u00f3n.<\/p>\n<p>Con esta acci\u00f3n, la UAT reafirma su compromiso con la responsabilidad social y el desarrollo comunitario, promoviendo la educaci\u00f3n, fomentando el bienestar colectivo y fortaleciendo la formaci\u00f3n integral de las nuevas generaciones.<\/p>\n<p>La instituci\u00f3n mantiene su vocaci\u00f3n solidaria y su papel como agente de transformaci\u00f3n social en Tamaulipas, impulsando iniciativas que generan un impacto positivo en la sociedad.<\/p>\n<p>INAUGURAN CALLE EN CIUDAD VICTORIA\u2026 Con obras y hechos, el gobierno de Victoria que preside el alcalde de Victoria Lalo Gatt\u00e1s, contin\u00faa dando respuesta a compromisos y peticiones de habitantes de la Capital de Tamaulipas.<\/p>\n<p>Est\u00e1 semana, entreg\u00f3 la pavimentaci\u00f3n con carpeta asf\u00e1ltica de 4,167 metros cuadrados de la calle Las Flores en la colonia Libertad II, que conecta la avenida Zeferino Fajardo y D\u00edaz Ordaz en beneficio de 9,551 beneficiarios de ese importante sector.<\/p>\n<p>En la colonia Azteca, acudi\u00f3 con su esposa Lucy de Gatt\u00e1s, a dar respuesta a la petici\u00f3n de los vecinos de la calle San Fernando, entre Ahuizotl y Moctezuma, para activar el circuito de alumbrado p\u00fablico donde se instalaron ocho luminarias \u00faltima generaci\u00f3n que demandaban 600 familias.<\/p>\n<p>Con el secretario de Obras P\u00fablicas del Municipio, Eusebio Alfaro, superviso los trabajos de rehabilitaci\u00f3n del puente peatonal Lomas del Santuario, en el que se refuerza la cimentaci\u00f3n de la estructura para que al inicio del pr\u00f3ximo ciclo escolar estudiantes de instituciones de la zona puedan utilizarlo en beneficio de su seguridad.<\/p>\n<p>Coloque en el buscador de facebok @CENADeNegros1 y le agradecer\u00e9 que me regale un Me Gusta, adem\u00e1s nos puede seguir en la cuenta de X @gatovaliente y, como siempre, le dejo el correo electr\u00f3nico a sus \u00f3rdenes para lo que guste y mande\u2026\u00a0<a href=\"mailto:marcovazquez20001@hotmail.com\" target=\"_blank\" rel=\"noreferrer noopener\">marcovazquez20001@hotmail.com<\/a><\/p>\n<p>\u2026<\/p>\n","protected":false},"excerpt":{"rendered":"<p>A principios de septiembre del 2023 se filtr\u00f3 que el Secretario de Educaci\u00f3n en la administraci\u00f3n del pr\u00f3fugo Cabeza N hab\u00eda sido vinculado a proceso, se persegu\u00edan dos delitos en un desfalc\u00f3 superior a los 8 millones de pesos, la semana pasada recibi\u00f3 una resoluci\u00f3n condenatoria por parte de un juez. Por aquellos d\u00edas el [&hellip;]<\/p>\n","protected":false},"author":1,"featured_media":210137,"comment_status":"closed","ping_status":"closed","sticky":false,"template":"","format":"standard","meta":{"footnotes":""},"categories":[16],"tags":[],"class_list":["post-210136","post","type-post","status-publish","format-standard","has-post-thumbnail","hentry","category-opinion"],"_links":{"self":[{"href":"https:\/\/www.elsinodaldetamaulipas.com.mx\/index.php?rest_route=\/wp\/v2\/posts\/210136","targetHints":{"allow":["GET"]}}],"collection":[{"href":"https:\/\/www.elsinodaldetamaulipas.com.mx\/index.php?rest_route=\/wp\/v2\/posts"}],"about":[{"href":"https:\/\/www.elsinodaldetamaulipas.com.mx\/index.php?rest_route=\/wp\/v2\/types\/post"}],"author":[{"embeddable":true,"href":"https:\/\/www.elsinodaldetamaulipas.com.mx\/index.php?rest_route=\/wp\/v2\/users\/1"}],"replies":[{"embeddable":true,"href":"https:\/\/www.elsinodaldetamaulipas.com.mx\/index.php?rest_route=%2Fwp%2Fv2%2Fcomments&post=210136"}],"version-history":[{"count":1,"href":"https:\/\/www.elsinodaldetamaulipas.com.mx\/index.php?rest_route=\/wp\/v2\/posts\/210136\/revisions"}],"predecessor-version":[{"id":210138,"href":"https:\/\/www.elsinodaldetamaulipas.com.mx\/index.php?rest_route=\/wp\/v2\/posts\/210136\/revisions\/210138"}],"wp:featuredmedia":[{"embeddable":true,"href":"https:\/\/www.elsinodaldetamaulipas.com.mx\/index.php?rest_route=\/wp\/v2\/media\/210137"}],"wp:attachment":[{"href":"https:\/\/www.elsinodaldetamaulipas.com.mx\/index.php?rest_route=%2Fwp%2Fv2%2Fmedia&parent=210136"}],"wp:term":[{"taxonomy":"category","embeddable":true,"href":"https:\/\/www.elsinodaldetamaulipas.com.mx\/index.php?rest_route=%2Fwp%2Fv2%2Fcategories&post=210136"},{"taxonomy":"post_tag","embeddable":true,"href":"https:\/\/www.elsinodaldetamaulipas.com.mx\/index.php?rest_route=%2Fwp%2Fv2%2Ftags&post=210136"}],"curies":[{"name":"wp","href":"https:\/\/api.w.org\/{rel}","templated":true}]}}