{"id":210139,"date":"2025-08-25T09:23:04","date_gmt":"2025-08-25T13:23:04","guid":{"rendered":"https:\/\/www.elsinodaldetamaulipas.com.mx\/?p=210139"},"modified":"2025-08-25T09:23:04","modified_gmt":"2025-08-25T13:23:04","slug":"vienen-los-informes-de-alcaldes","status":"publish","type":"post","link":"https:\/\/www.elsinodaldetamaulipas.com.mx\/?p=210139","title":{"rendered":"VIENEN LOS INFORMES DE ALCALDES"},"content":{"rendered":"<p>Tinta Negra<br \/>\nAlfredo Guevara<\/p>\n<p>Con buenos resultados concluy\u00f3 la Jornada de Profesionalizaci\u00f3n Municipal en Materia de Rendici\u00f3n de Cuentas 2025, promovida por la Auditor\u00eda Superior del Estado, en colaboraci\u00f3n con la Secretar\u00eda Anticorrupci\u00f3n y Buen Gobierno.<br \/>\nIncluso, la participaci\u00f3n de la Fiscal\u00eda Especializada en Combate a la Corrupci\u00f3n y colaboraci\u00f3n de la Universidad Aut\u00f3noma de Tamaulipas, que en este caso, aport\u00f3 las instalaciones del Centro de Excelencia.<br \/>\nOnce de 18 alcaldes de la zona centro, acudieron a esta Jornada que dur\u00f3 dos d\u00edas, en la que particip\u00f3 por parte de la Secretar\u00eda Anticorrupci\u00f3n la doctora NORMA ANG\u00c9LICA PEDRAZA MELO, el director de Investigaci\u00f3n y Anticorrupci\u00f3n LUIS OSVALDO SOBER\u00d3N, JANNIA QUI\u00d1ONES titular de Transparencia para el Pueblo de Tamaulipas, entre otros.<br \/>\nPor la Auditor\u00eda Superior del Estado su titular FRANCISCO NORIEGA OROZCO y el secretario T\u00e9cnico de la Fiscal\u00eda Especializada en Combate a la Corrupci\u00f3n F\u00c9LIX LUIS VELASCO AR\u00c9VALO.<br \/>\nLa Jornada volver\u00e1 a impartirse en la zona sur y norte, Tampico y Reynosa, respectivamente, aunque la de \u00e9stas tendr\u00e1 que reprogramarse, tom\u00e1ndose en cuenta que, en ese mes, vienen los informes de los alcaldes, la otra se program\u00f3 para el 24 y 25 de septiembre.<br \/>\nEsta pl\u00e1tica con alcaldes, tesoreros, s\u00edndicos y personal administrativo, abord\u00f3 temas que tienen que ver con la \u00e9tica p\u00fablica, transparencia y sanciones para crear una nueva conciencia de los servidores p\u00fablicos desde el conocimiento y la capacitaci\u00f3n, con la finalidad de cumplir con sus funciones con responsabilidad como profesionalismo y evitar caer en actos de corrupci\u00f3n.<br \/>\nDesde luego que esta Jornada reviste especial importancia para esas dos zonas, tom\u00e1ndose en cuenta que son municipios en los que se maneja la mayor parte de los presupuestos, federal y local.<br \/>\nNo obstante, habr\u00e1 que decir que, en esas poblaciones del norte y sur del Estado, afortunadamente hay m\u00e1s orden y control en el manejo como en la aplicaci\u00f3n del recurso p\u00fablico, toda vez que son ayuntamientos que cuentan con personas m\u00e1s preparadas y capacitadas en materia contable, fiscalizaci\u00f3n y por ende, en transparencia como rendici\u00f3n de cuentas.<br \/>\nLo mejor de todo, es que cada una de las dependencias que conforman el Sistema Estatal Anticorrupci\u00f3n, han mostrado voluntad y disposici\u00f3n para escuchar, atender y orientar a los alcaldes, tesoreros, s\u00edndicos y quienes tienen a su cargo el manejo y administraci\u00f3n de los recursos p\u00fablicos, a efecto de que no incurran en actos como en el pasado reciente. En fin.<br \/>\nalfredoguevara0@gmail.com<\/p>\n","protected":false},"excerpt":{"rendered":"<p>Tinta Negra Alfredo Guevara Con buenos resultados concluy\u00f3 la Jornada de Profesionalizaci\u00f3n Municipal en Materia de Rendici\u00f3n de Cuentas 2025, promovida por la Auditor\u00eda Superior del Estado, en colaboraci\u00f3n con la Secretar\u00eda Anticorrupci\u00f3n y Buen Gobierno. Incluso, la participaci\u00f3n de la Fiscal\u00eda Especializada en Combate a la Corrupci\u00f3n y colaboraci\u00f3n de la Universidad Aut\u00f3noma de [&hellip;]<\/p>\n","protected":false},"author":1,"featured_media":210140,"comment_status":"closed","ping_status":"closed","sticky":false,"template":"","format":"standard","meta":{"footnotes":""},"categories":[16],"tags":[],"class_list":["post-210139","post","type-post","status-publish","format-standard","has-post-thumbnail","hentry","category-opinion"],"_links":{"self":[{"href":"https:\/\/www.elsinodaldetamaulipas.com.mx\/index.php?rest_route=\/wp\/v2\/posts\/210139","targetHints":{"allow":["GET"]}}],"collection":[{"href":"https:\/\/www.elsinodaldetamaulipas.com.mx\/index.php?rest_route=\/wp\/v2\/posts"}],"about":[{"href":"https:\/\/www.elsinodaldetamaulipas.com.mx\/index.php?rest_route=\/wp\/v2\/types\/post"}],"author":[{"embeddable":true,"href":"https:\/\/www.elsinodaldetamaulipas.com.mx\/index.php?rest_route=\/wp\/v2\/users\/1"}],"replies":[{"embeddable":true,"href":"https:\/\/www.elsinodaldetamaulipas.com.mx\/index.php?rest_route=%2Fwp%2Fv2%2Fcomments&post=210139"}],"version-history":[{"count":1,"href":"https:\/\/www.elsinodaldetamaulipas.com.mx\/index.php?rest_route=\/wp\/v2\/posts\/210139\/revisions"}],"predecessor-version":[{"id":210141,"href":"https:\/\/www.elsinodaldetamaulipas.com.mx\/index.php?rest_route=\/wp\/v2\/posts\/210139\/revisions\/210141"}],"wp:featuredmedia":[{"embeddable":true,"href":"https:\/\/www.elsinodaldetamaulipas.com.mx\/index.php?rest_route=\/wp\/v2\/media\/210140"}],"wp:attachment":[{"href":"https:\/\/www.elsinodaldetamaulipas.com.mx\/index.php?rest_route=%2Fwp%2Fv2%2Fmedia&parent=210139"}],"wp:term":[{"taxonomy":"category","embeddable":true,"href":"https:\/\/www.elsinodaldetamaulipas.com.mx\/index.php?rest_route=%2Fwp%2Fv2%2Fcategories&post=210139"},{"taxonomy":"post_tag","embeddable":true,"href":"https:\/\/www.elsinodaldetamaulipas.com.mx\/index.php?rest_route=%2Fwp%2Fv2%2Ftags&post=210139"}],"curies":[{"name":"wp","href":"https:\/\/api.w.org\/{rel}","templated":true}]}}