{"id":210176,"date":"2025-08-25T18:27:07","date_gmt":"2025-08-25T22:27:07","guid":{"rendered":"https:\/\/www.elsinodaldetamaulipas.com.mx\/?p=210176"},"modified":"2025-08-25T18:27:07","modified_gmt":"2025-08-25T22:27:07","slug":"morenistas-van-dejando-su-cochinero","status":"publish","type":"post","link":"https:\/\/www.elsinodaldetamaulipas.com.mx\/?p=210176","title":{"rendered":"MORENISTAS VAN DEJANDO SU COCHINERO"},"content":{"rendered":"<div class=\"post-content\">\n<p>LA COMUNA<\/p>\n<p>Jos\u00e9 \u00c1ngel Solorio Mart\u00ednez<\/p>\n<p>La reorganizaci\u00f3n de MORENA-TAM, est\u00e1 quedando a deber a la militancia y al proyecto original. La vocaci\u00f3n democr\u00e1tica de sus or\u00edgenes, lo echaron al ca\u00f1o la intervenci\u00f3n de algunos alcaldes. El m\u00e1s bochornoso caso es el del alcalde de Altamira, Armando Mart\u00ednez Manr\u00edquez, que usa como instrumento de control pol\u00edtico partidista a sus hijos y a sus hermanas.<br \/>\nHasta en ri\u00f1a, terminaron algunas asambleas en diversas zonas altamirenses.<br \/>\nLos consangu\u00edneos del alcalde metieron con calzador -y con violencia- a personeros suyos en la estructura de MORENA en la ciudad.<br \/>\nEn Reynosa, igual: el senador Jos\u00e9 Ram\u00f3n G\u00f3mez Leal se destac\u00f3 por su manipulaci\u00f3n de los nuevos comit\u00e9s del morenismo; a la usanza de los viejos caciques de la \u00e9poca del PRIAN su intromisi\u00f3n se not\u00f3 hasta en R\u00edo Bravo, sin importarle los factores locales que all\u00ed tienen influencia.<br \/>\nEl Calabazo Villegas fue omitido por los representantes de JR, que, como Pablo por su casa, encabezaron la reagrupaci\u00f3n de los comit\u00e9s de MORENA.<br \/>\nEsas conductas, est\u00e1n m\u00e1s cercanas a las del pasado del viejo r\u00e9gimen y no a las de la IV T y su Segundo Piso.<br \/>\nLa senadora Olga Sosa, tambi\u00e9n se destac\u00f3 por su activismo torciendo la voluntad de las militancias.<br \/>\nUna cosa, es la incentivaci\u00f3n para convocar a la ciudadan\u00eda a organizarse; otra, es llamarla a aglutinarse en tono a sus anhelos pol\u00edticos personales.<br \/>\nLo que hicieron no es fortalecer el partido; intentaron, apuntalar sus sue\u00f1os adelantados.<br \/>\n\u00bfEs censurable su actuar?<br \/>\nS\u00ed: cancelan el libre albedr\u00edo de los dirigentes y miembros del partido.<br \/>\nSe debe se\u00f1alar: ni fueron justas ni fueron democr\u00e1ticas esas tareas partidistas.<br \/>\nLa abierta participaci\u00f3n de las autoridades municipales y de miembros del Poder legislativo, convierten a MORENA en un movimiento carente de legitimidad y denota la ausencia de legitimidad, que necesariamente condena a esa organizaci\u00f3n pol\u00edtica a su temprana desvirtuaci\u00f3n.<br \/>\n\u00bfQu\u00e9 intentan Sosa, JR y Armando?<br \/>\nEs claro: llegar al pr\u00f3ximo escenario electoral -ellos creen- con el control de las estructuras partidistas.<br \/>\n\u00bfEs as\u00ed?<br \/>\nNo.<br \/>\nNo de todo.<br \/>\nSi los Comit\u00e9s Municipales de MORENA, eligieran a los candidatos a alcalde y el candidato a gobernador, ser\u00eda vital el dominio de ese entramado.<br \/>\nSiendo diferente la mec\u00e1nica eleccionaria, es un alto costo que est\u00e1n pagando los senadores y el alcalde: demoliendo al partido y d\u00e1ndose otro ba\u00f1o de pus.<\/p>\n<\/div>\n<div class=\"post-tags-box\">\n<ul class=\"tags-box\">\n<li><i class=\"fa fa-tags\"><\/i>Etiquetas:<\/li>\n<\/ul>\n<\/div>\n<div class=\"carousel-box owl-wrapper related-posts\">\n<div class=\"title-section\">\n<h3>Tambi\u00e9n te puede interesar<\/h3>\n<\/div>\n<div class=\"owl-carousel owl-theme\" data-num=\"3\">\n<div class=\"owl-wrapper-outer\">\n<div class=\"owl-wrapper\">\n<div class=\"owl-item\">\n<div class=\"item news-post image-post3\"><img loading=\"lazy\" decoding=\"async\" class=\"img-responsive wp-post-image\" src=\"https:\/\/notatamaulipas.com\/wp-content\/uploads\/2025\/08\/WhatsApp-Image-2025-08-25-at-10.08.08-750x450.jpeg\" alt=\"\" width=\"750\" height=\"450\" \/><\/p>\n<div class=\"hover-box\">\n<h2><a href=\"https:\/\/notatamaulipas.com\/2025\/08\/25\/la-universidad-autonoma-de-tamaulipas-mejora-su-posicion-en-el-ranking-nacional\/\">La Universidad Aut\u00f3noma de Tamaulipas Mejora Su Posici\u00f3n en el Ranking Nacional<\/a><\/h2>\n<ul class=\"post-tags\">\n<li><i class=\"fa fa-clock-o\"><\/i>25 de agosto de 2025<\/li>\n<\/ul>\n<\/div>\n<\/div>\n<\/div>\n<div class=\"owl-item\">\n<div class=\"item news-post image-post3\"><img loading=\"lazy\" decoding=\"async\" class=\"img-responsive wp-post-image\" src=\"https:\/\/notatamaulipas.com\/wp-content\/uploads\/2025\/08\/WhatsApp-Image-2025-08-25-at-15.41.49-750x450.jpeg\" alt=\"\" width=\"750\" height=\"450\" \/><\/p>\n<div class=\"hover-box\">\n<h2><a href=\"https:\/\/notatamaulipas.com\/2025\/08\/25\/vela-el-itavu-por-la-seguridad-patrimonial\/\">Vela el ITAVU por la seguridad patrimonial<\/a><\/h2>\n<ul class=\"post-tags\">\n<li><i class=\"fa fa-clock-o\"><\/i>25 de agosto de 2025<\/li>\n<\/ul>\n<\/div>\n<\/div>\n<\/div>\n<div class=\"owl-item\">\n<div class=\"item news-post image-post3\"><img loading=\"lazy\" decoding=\"async\" class=\"img-responsive wp-post-image\" src=\"https:\/\/notatamaulipas.com\/wp-content\/uploads\/2022\/04\/Arabela-Garcia-1-750x450.jpg\" alt=\"\" width=\"750\" height=\"450\" \/><\/p>\n<div class=\"hover-box\">\n<h2><a href=\"https:\/\/notatamaulipas.com\/2025\/08\/25\/frankenstein-con-fuero-el-gobierno-crea-monstruos-los-usa-y-luego-se-indigna-de-su-existencia\/\">Frankenstein con Fuero: El Gobierno Crea Monstruos, los Usa, y Luego se Indigna de su Existencia<\/a><\/h2>\n<ul class=\"post-tags\">\n<li><i class=\"fa fa-clock-o\"><\/i>25 de agosto de 2025<\/li>\n<\/ul>\n<\/div>\n<\/div>\n<\/div>\n<div class=\"owl-item\">\n<div class=\"item news-post image-post3\"><img loading=\"lazy\" decoding=\"async\" class=\"img-responsive wp-post-image\" src=\"https:\/\/notatamaulipas.com\/wp-content\/uploads\/2025\/06\/jorge-17-750x450.jpeg\" alt=\"\" width=\"750\" height=\"450\" \/><\/p>\n<div class=\"hover-box\">\n<h2><a href=\"https:\/\/notatamaulipas.com\/2025\/08\/25\/tamaulipas-nuevo-hub-de-movilidad\/\">\u00abTAMAULIPAS NUEVO HUB DE MOVILIDAD\u00bb<\/a><\/h2>\n<ul class=\"post-tags\">\n<li><i class=\"fa fa-clock-o\"><\/i>25 de agosto de 2025<\/li>\n<\/ul>\n<\/div>\n<\/div>\n<\/div>\n<div class=\"owl-item\">\n<div class=\"item news-post image-post3\"><img loading=\"lazy\" decoding=\"async\" class=\"img-responsive wp-post-image\" src=\"https:\/\/notatamaulipas.com\/wp-content\/uploads\/2024\/12\/Barbara-461x450.jpeg\" alt=\"\" width=\"461\" height=\"450\" \/><\/p>\n<div class=\"hover-box\">\n<h2><a href=\"https:\/\/notatamaulipas.com\/2025\/08\/25\/avances-economicos-en-tamaulipas-en-lo-que-va-del-ano\/\">\u201cAvances econ\u00f3micos en Tamaulipas en lo que va del a\u00f1o.\u201d<\/a><\/h2>\n<ul class=\"post-tags\">\n<li><i class=\"fa fa-clock-o\"><\/i>25 de agosto de 2025<\/li>\n<\/ul>\n<\/div>\n<\/div>\n<\/div>\n<\/div>\n<\/div>\n<\/div>\n<\/div>\n<div class=\"contact-form-box\">\n<div class=\"title-section\">\n<h1>Env\u00eda un comentario<\/h1>\n<\/div>\n<div class=\"cancel-comment-reply\"><\/div>\n<form id=\"comment-form\" action=\"https:\/\/notatamaulipas.com\/wp-comments-post.php\" method=\"post\">\n<div class=\"row\">\n<div class=\"col-md-4\"><label for=\"name\">Nombre<\/label> <input id=\"author\" name=\"author\" type=\"text\" value=\"\" aria-required=\"true\" \/><\/div>\n<div class=\"col-md-4\"><label for=\"mail\">Correo Electr\u00f3nico<\/label> <input id=\"email\" name=\"email\" type=\"text\" value=\"\" aria-required=\"true\" \/><\/div>\n<\/div>\n<p><label for=\"comment\">Comentario<\/label> <textarea id=\"comment\" name=\"comment\"><\/textarea><\/form>\n<\/div>\n<div class=\"col-sm-8 sticky\">\n<div class=\"theiaStickySidebar\">\n<div id=\"single\" class=\"block-content\">\n<article class=\"single-post-box\">\n<div class=\"contact-form-box\"><\/div>\n<\/article>\n<\/div>\n<\/div>\n<\/div>\n<div class=\"col-sm-4 sticky\">\n<div class=\"theiaStickySidebar\">\n<div class=\"sidebar\">\n<div class=\"advertisement\">\n<div class=\"publicidad owl-wrapper\">Publicidad<\/p>\n<div class=\"owl-carousel owl-theme\" data-num=\"1\">\n<div class=\"owl-wrapper-outer\">\n<div class=\"owl-wrapper\">\n<div class=\"owl-item\">\n<div class=\"item\"><a href=\"http:\/\/www.ciudadvictoria.gob.mx\/\" target=\"_blank\" rel=\"noopener\"> <img loading=\"lazy\" decoding=\"async\" class=\"img-responsive wp-post-image\" src=\"https:\/\/notatamaulipas.com\/wp-content\/uploads\/2025\/02\/PORTALES_BANNERS__Mesa-de-trabajo-1-copia-13.jpg\" sizes=\"auto, (max-width: 1200px) 100vw, 1200px\" srcset=\"https:\/\/notatamaulipas.com\/wp-content\/uploads\/2025\/02\/PORTALES_BANNERS__Mesa-de-trabajo-1-copia-13.jpg 1200w, https:\/\/notatamaulipas.com\/wp-content\/uploads\/2025\/02\/PORTALES_BANNERS__Mesa-de-trabajo-1-copia-13-150x150.jpg 150w\" alt=\"Victoria: Semaforos\" width=\"1200\" height=\"1200\" \/> <\/a><\/div>\n<\/div>\n<div class=\"owl-item\">\n<div class=\"item\"><a href=\"http:\/\/www.ciudadvictoria.gob.mx\/\" target=\"_blank\" rel=\"noopener\"> <img loading=\"lazy\" decoding=\"async\" class=\"img-responsive wp-post-image\" src=\"https:\/\/notatamaulipas.com\/wp-content\/uploads\/2025\/02\/PORTALES_BANNERS__Mesa-de-trabajo-1-copia-12.jpg\" sizes=\"auto, (max-width: 1200px) 100vw, 1200px\" srcset=\"https:\/\/notatamaulipas.com\/wp-content\/uploads\/2025\/02\/PORTALES_BANNERS__Mesa-de-trabajo-1-copia-12.jpg 1200w, https:\/\/notatamaulipas.com\/wp-content\/uploads\/2025\/02\/PORTALES_BANNERS__Mesa-de-trabajo-1-copia-12-150x150.jpg 150w\" alt=\"Victoria: 17\" width=\"1200\" height=\"1200\" \/> <\/a><\/div>\n<\/div>\n<div class=\"owl-item\">\n<div class=\"item\"><a href=\"http:\/\/www.ciudadvictoria.gob.mx\/\" target=\"_blank\" rel=\"noopener\"> <img loading=\"lazy\" decoding=\"async\" class=\"img-responsive wp-post-image\" src=\"https:\/\/notatamaulipas.com\/wp-content\/uploads\/2025\/02\/PORTALES_BANNERS__Mesa-de-trabajo-1-copia-11.jpg\" sizes=\"auto, (max-width: 1200px) 100vw, 1200px\" srcset=\"https:\/\/notatamaulipas.com\/wp-content\/uploads\/2025\/02\/PORTALES_BANNERS__Mesa-de-trabajo-1-copia-11.jpg 1200w, https:\/\/notatamaulipas.com\/wp-content\/uploads\/2025\/02\/PORTALES_BANNERS__Mesa-de-trabajo-1-copia-11-150x150.jpg 150w\" alt=\"Victoria: Vinculaci\u00f3n\" width=\"1200\" height=\"1200\" \/> <\/a><\/div>\n<\/div>\n<div class=\"owl-item\">\n<div class=\"item\"><img loading=\"lazy\" decoding=\"async\" class=\"img-responsive wp-post-image\" src=\"https:\/\/notatamaulipas.com\/wp-content\/uploads\/2023\/03\/8f5521b9-fe6d-443d-82b6-e3487afe494d.jpg\" alt=\"Dr. Fernando Guerrero\" width=\"940\" height=\"788\" \/><\/div>\n<\/div>\n<\/div>\n<\/div>\n<\/div>\n<\/div>\n<\/div>\n<\/div>\n<\/div>\n<\/div>\n<div class=\"widget subscribe-widget\">\n<form id=\"searchform\" class=\"subscribe-form\" action=\"https:\/\/notatamaulipas.com\" method=\"get\">\n<h3>Buscador<\/h3>\n<p><input id=\"s\" class=\"box\" name=\"s\" type=\"text\" value=\"\" placeholder=\"Buscar\" \/><\/form>\n<\/div>\n<div class=\"widget widget-twitter\">\n<div class=\"title-section\">\n<h3>Facebook<\/h3>\n<\/div>\n<div id=\"fb-root\" class=\" fb_reset\">\n<div>\n<div><\/div>\n<\/div>\n<\/div>\n<div class=\"fb-like-box fb_iframe_widget\" data-href=\"https:\/\/www.facebook.com\/temoflama\/\" data-width=\"300\" data-height=\"600\" data-colorscheme=\"light\" data-show-faces=\"true\" data-header=\"true\" data-stream=\"true\" data-show-border=\"true\"><iframe loading=\"lazy\" class=\"\" title=\"fb:like_box Facebook Social Plugin\" src=\"https:\/\/www.facebook.com\/v2.0\/plugins\/like_box.php?app_id=193046737519603&amp;channel=https%3A%2F%2Fstaticxx.facebook.com%2Fx%2Fconnect%2Fxd_arbiter%2F%3Fversion%3D46%23cb%3Df630c4a8a019caa93%26domain%3Dnotatamaulipas.com%26is_canvas%3Dfalse%26origin%3Dhttps%253A%252F%252Fnotatamaulipas.com%252Ffc3643b281b8569e8%26relation%3Dparent.parent&amp;color_scheme=light&amp;container_width=360&amp;header=true&amp;height=600&amp;href=https%3A%2F%2Fwww.facebook.com%2Ftemoflama%2F&amp;locale=es_LA&amp;sdk=joey&amp;show_border=true&amp;show_faces=true&amp;stream=true&amp;width=300\" name=\"fdf0eb7cec4372d55\" width=\"300px\" height=\"600px\" frameborder=\"0\" scrolling=\"no\" allowfullscreen=\"allowfullscreen\" data-testid=\"fb:like_box Facebook Social Plugin\" data-mce-fragment=\"1\"><\/iframe><\/div>\n<\/div>\n","protected":false},"excerpt":{"rendered":"<p>LA COMUNA Jos\u00e9 \u00c1ngel Solorio Mart\u00ednez La reorganizaci\u00f3n de MORENA-TAM, est\u00e1 quedando a deber a la militancia y al proyecto original. La vocaci\u00f3n democr\u00e1tica de sus or\u00edgenes, lo echaron al ca\u00f1o la intervenci\u00f3n de algunos alcaldes. El m\u00e1s bochornoso caso es el del alcalde de Altamira, Armando Mart\u00ednez Manr\u00edquez, que usa como instrumento de control [&hellip;]<\/p>\n","protected":false},"author":1,"featured_media":208697,"comment_status":"closed","ping_status":"closed","sticky":false,"template":"","format":"standard","meta":{"footnotes":""},"categories":[16],"tags":[],"class_list":["post-210176","post","type-post","status-publish","format-standard","has-post-thumbnail","hentry","category-opinion"],"_links":{"self":[{"href":"https:\/\/www.elsinodaldetamaulipas.com.mx\/index.php?rest_route=\/wp\/v2\/posts\/210176","targetHints":{"allow":["GET"]}}],"collection":[{"href":"https:\/\/www.elsinodaldetamaulipas.com.mx\/index.php?rest_route=\/wp\/v2\/posts"}],"about":[{"href":"https:\/\/www.elsinodaldetamaulipas.com.mx\/index.php?rest_route=\/wp\/v2\/types\/post"}],"author":[{"embeddable":true,"href":"https:\/\/www.elsinodaldetamaulipas.com.mx\/index.php?rest_route=\/wp\/v2\/users\/1"}],"replies":[{"embeddable":true,"href":"https:\/\/www.elsinodaldetamaulipas.com.mx\/index.php?rest_route=%2Fwp%2Fv2%2Fcomments&post=210176"}],"version-history":[{"count":1,"href":"https:\/\/www.elsinodaldetamaulipas.com.mx\/index.php?rest_route=\/wp\/v2\/posts\/210176\/revisions"}],"predecessor-version":[{"id":210177,"href":"https:\/\/www.elsinodaldetamaulipas.com.mx\/index.php?rest_route=\/wp\/v2\/posts\/210176\/revisions\/210177"}],"wp:featuredmedia":[{"embeddable":true,"href":"https:\/\/www.elsinodaldetamaulipas.com.mx\/index.php?rest_route=\/wp\/v2\/media\/208697"}],"wp:attachment":[{"href":"https:\/\/www.elsinodaldetamaulipas.com.mx\/index.php?rest_route=%2Fwp%2Fv2%2Fmedia&parent=210176"}],"wp:term":[{"taxonomy":"category","embeddable":true,"href":"https:\/\/www.elsinodaldetamaulipas.com.mx\/index.php?rest_route=%2Fwp%2Fv2%2Fcategories&post=210176"},{"taxonomy":"post_tag","embeddable":true,"href":"https:\/\/www.elsinodaldetamaulipas.com.mx\/index.php?rest_route=%2Fwp%2Fv2%2Ftags&post=210176"}],"curies":[{"name":"wp","href":"https:\/\/api.w.org\/{rel}","templated":true}]}}