{"id":210179,"date":"2025-08-25T20:25:00","date_gmt":"2025-08-26T00:25:00","guid":{"rendered":"https:\/\/www.elsinodaldetamaulipas.com.mx\/?p=210179"},"modified":"2025-08-25T20:25:00","modified_gmt":"2025-08-26T00:25:00","slug":"el-mando-en-morena","status":"publish","type":"post","link":"https:\/\/www.elsinodaldetamaulipas.com.mx\/?p=210179","title":{"rendered":"EL MANDO EN MORENA"},"content":{"rendered":"<p>El mando en morena Por Oscar D\u00edaz Salazar<\/p>\n<p>En alg\u00fan libro sobre el poder y el liderazgo le\u00ed un art\u00edculo muy interesante sobre las rebeliones de los militares, y lo que me llam\u00f3 la atenci\u00f3n, y cito de memoria, fue que en la mayor\u00eda de las ocasiones los militares insubordinados poseen el rango de Coronel.<\/p>\n<p>Con la informaci\u00f3n de varios casos de rebeld\u00eda en diferentes ej\u00e9rcitos de varios pa\u00edses y de \u00e9pocas recientes, se llegaba a la conclusi\u00f3n que quienes ostentan el rango de coroneles, est\u00e1n a medio camino entre las posiciones de mando, pero a\u00fan conservan el trato cotidiano con las tropas.<\/p>\n<p>Los coroneles, que ya tienen acceso a los jefes y tratan en forma ordinaria con las tropas, tienen la edad, las ambiciones de continuar ascendiendo, el trato con iguales que tambi\u00e9n tienen mando de tropas y la influencia sobre los soldados, y esta combinaci\u00f3n de factores los lleva eventualmente a aspirar a tomar el mando del ej\u00e9rcito y\/o del gobierno de su pa\u00eds.<\/p>\n<p>Les comento sobre mi lectura de un tema militar, que tambi\u00e9n tiene validez y aplicaci\u00f3n en el liderazgo de organizaciones civiles, para decirles que el due\u00f1o de morena, -y no me refiero al pueblo de Mexico, sino al due\u00f1o real, al personaje cuyas iniciales son AMLO- se ha cuidado mucho de no crear la figura equivalente a los coroneles, que ser\u00edan los presidentes del partido a nivel municipal, limit\u00e1ndose a crear, reconocer y permitir la actividad de puros comandantes y generales, esto es de presidentes estatales y el nacional.<\/p>\n<p>En el \u00faltimo consejo nacional de morena, celebrado un par de meses atr\u00e1s, la presidenta del partido emiti\u00f3 una declaraci\u00f3n en pro de los municipios, un exhorto a fortalecer ese nivel de gobierno, que es el m\u00e1s cercano a los ciudadanos. Lamentablemente ese gui\u00f1o a los municipios de la presidenta de morena, es un tanto (o m\u00e1s bien un mucho) incongruente pues no predica con el ejemplo.<\/p>\n<p>Y digo que la morena Luisa Maria Alcalde, no es congruente porque en lo que si tiene poder de decidir de manera inmediata, en la convocatoria para elegir los Comit\u00e9s Ejecutivos Municipales de morena, ah\u00ed nomas no aplica su convicci\u00f3n municipal\u00edsta.<\/p>\n<p>Afirmo que morena se mantiene sin lideres municipales, precisamente porque AMLO no quiere que le crezcan los enanos, no quiere que se le empoderen los l\u00edderes locales, -equivalentes a los coroneles del ej\u00e9rcito-, no quiere que le den las contras y que resurjan los \u201cchuchos\u201d, que en todas las organizaciones existen, pues donde hay m\u00e1s de uno, siempre habr\u00e1 discrepancias y diferencias de criterio.<\/p>\n<p>En resumen los digo que seguiremos sin l\u00edderes municipales de morena, porque as\u00ed conviene a su due\u00f1o, que solo requiere de una generala, Luisa Maria y la tropa que hoy se moviliza para constituirse en comit\u00e9s secci\u00f3nales\u2026 \u00a1exacto, a imagen y semejanza del PRI!<\/p>\n","protected":false},"excerpt":{"rendered":"<p>El mando en morena Por Oscar D\u00edaz Salazar En alg\u00fan libro sobre el poder y el liderazgo le\u00ed un art\u00edculo muy interesante sobre las rebeliones de los militares, y lo que me llam\u00f3 la atenci\u00f3n, y cito de memoria, fue que en la mayor\u00eda de las ocasiones los militares insubordinados poseen el rango de Coronel. [&hellip;]<\/p>\n","protected":false},"author":1,"featured_media":210180,"comment_status":"closed","ping_status":"closed","sticky":false,"template":"","format":"standard","meta":{"footnotes":""},"categories":[16],"tags":[],"class_list":["post-210179","post","type-post","status-publish","format-standard","has-post-thumbnail","hentry","category-opinion"],"_links":{"self":[{"href":"https:\/\/www.elsinodaldetamaulipas.com.mx\/index.php?rest_route=\/wp\/v2\/posts\/210179","targetHints":{"allow":["GET"]}}],"collection":[{"href":"https:\/\/www.elsinodaldetamaulipas.com.mx\/index.php?rest_route=\/wp\/v2\/posts"}],"about":[{"href":"https:\/\/www.elsinodaldetamaulipas.com.mx\/index.php?rest_route=\/wp\/v2\/types\/post"}],"author":[{"embeddable":true,"href":"https:\/\/www.elsinodaldetamaulipas.com.mx\/index.php?rest_route=\/wp\/v2\/users\/1"}],"replies":[{"embeddable":true,"href":"https:\/\/www.elsinodaldetamaulipas.com.mx\/index.php?rest_route=%2Fwp%2Fv2%2Fcomments&post=210179"}],"version-history":[{"count":1,"href":"https:\/\/www.elsinodaldetamaulipas.com.mx\/index.php?rest_route=\/wp\/v2\/posts\/210179\/revisions"}],"predecessor-version":[{"id":210181,"href":"https:\/\/www.elsinodaldetamaulipas.com.mx\/index.php?rest_route=\/wp\/v2\/posts\/210179\/revisions\/210181"}],"wp:featuredmedia":[{"embeddable":true,"href":"https:\/\/www.elsinodaldetamaulipas.com.mx\/index.php?rest_route=\/wp\/v2\/media\/210180"}],"wp:attachment":[{"href":"https:\/\/www.elsinodaldetamaulipas.com.mx\/index.php?rest_route=%2Fwp%2Fv2%2Fmedia&parent=210179"}],"wp:term":[{"taxonomy":"category","embeddable":true,"href":"https:\/\/www.elsinodaldetamaulipas.com.mx\/index.php?rest_route=%2Fwp%2Fv2%2Fcategories&post=210179"},{"taxonomy":"post_tag","embeddable":true,"href":"https:\/\/www.elsinodaldetamaulipas.com.mx\/index.php?rest_route=%2Fwp%2Fv2%2Ftags&post=210179"}],"curies":[{"name":"wp","href":"https:\/\/api.w.org\/{rel}","templated":true}]}}