{"id":210221,"date":"2025-08-25T23:36:25","date_gmt":"2025-08-26T03:36:25","guid":{"rendered":"https:\/\/www.elsinodaldetamaulipas.com.mx\/?p=210221"},"modified":"2025-08-25T23:36:25","modified_gmt":"2025-08-26T03:36:25","slug":"mayo-zambada-recibira-sentencia-en-enero-2026","status":"publish","type":"post","link":"https:\/\/www.elsinodaldetamaulipas.com.mx\/?p=210221","title":{"rendered":"\u201cMAYO\u201d ZAMBADA RECIBIR\u00c1 SENTENCIA EN ENERO-2026"},"content":{"rendered":"<p><em>EL SINODAL DE TAMAULIPAS<\/em><\/p>\n<p>Nueva York,EU.-\u00abCulpable\u00bb, dijo Zambada en espa\u00f1ol con voz casi inaudible, de los cargos de empresa criminal continuada y actividades de crimen organizado dentro de un grupo criminal, por los que pidi\u00f3 perd\u00f3n tras reconocer que \u00abpromovi\u00f3 la corrupci\u00f3n de polic\u00eda, mandos militares y pol\u00edticos\u00bb en M\u00e9xico.<\/p>\n<p>Asimismo tendr\u00e1 que pagar una multa de mil millones de d\u00f3lares. Su sentencia se conocer\u00e1 el 13 de enero de 2026.<\/p>\n<p>&nbsp;<\/p>\n<p>Estos cargos se derivan de su papel durante d\u00e9cadas al frente del c\u00e1rtel de Sinaloa junto con el narcotraficante encarcelado Joaqu\u00edn &#8216;El Chapo&#8217; Guzm\u00e1n, que cumple cadena perpetua en una prisi\u00f3n de m\u00e1xima seguridad en Colorado.<\/p>\n<p>&nbsp;<\/p>\n<p>Zambada acept\u00f3 declararse culpable despu\u00e9s de que el Departamento de Justicia dijera este mes que no pedir\u00eda la pena de muerte para Zambada ni para Rafael Caro Quintero, otro capo mexicano detenido en Estados Unidos.<\/p>\n<p>&nbsp;<\/p>\n<p>Zambada fue detenido en julio de 2024 junto a Joaqu\u00edn Guzm\u00e1n L\u00f3pez, uno de los hijos de Guzm\u00e1n, despu\u00e9s de que el avi\u00f3n en el que viajaban aterrizara en una peque\u00f1a pista de Nuevo M\u00e9xico.<\/p>\n<p>La historia y el ascenso al poder de &#8216;El Mayo&#8217; Zambada<\/p>\n<p>Ismael Zambada Garc\u00eda naci\u00f3 el 1 de enero de 1948 en El \u00c1lamo, una peque\u00f1a comunidad en Sinaloa, M\u00e9xico.<\/p>\n<p>Desde joven, se involucr\u00f3 en el tr\u00e1fico de drogas, comenzando con el cultivo de marihuana y amapola. Su ascenso en el mundo del narcotr\u00e1fico se produjo en la d\u00e9cada de 1980, cuando form\u00f3 parte del Cartel de Guadalajara, una de las organizaciones criminales m\u00e1s poderosas de la \u00e9poca.<\/p>\n<p>&nbsp;<\/p>\n<p>Con la desintegraci\u00f3n del Cartel de Guadalajara, Zambada y otros l\u00edderes del narcotr\u00e1fico, como Joaqu\u00edn &#8216;El Chapo&#8217; Guzm\u00e1n, formaron el Cartel de Sinaloa. &#8216;El Mayo&#8217; se destac\u00f3 por su habilidad para construir alianzas y su enfoque en la log\u00edstica, lo que permiti\u00f3 al cartel expandirse y consolidar su poder en el tr\u00e1fico de drogas hacia Estados Unidos.<\/p>\n<p>&nbsp;<\/p>\n","protected":false},"excerpt":{"rendered":"<p>EL SINODAL DE TAMAULIPAS Nueva York,EU.-\u00abCulpable\u00bb, dijo Zambada en espa\u00f1ol con voz casi inaudible, de los cargos de empresa criminal continuada y actividades de crimen organizado dentro de un grupo criminal, por los que pidi\u00f3 perd\u00f3n tras reconocer que \u00abpromovi\u00f3 la corrupci\u00f3n de polic\u00eda, mandos militares y pol\u00edticos\u00bb en M\u00e9xico. Asimismo tendr\u00e1 que pagar una [&hellip;]<\/p>\n","protected":false},"author":1,"featured_media":210222,"comment_status":"closed","ping_status":"closed","sticky":false,"template":"","format":"standard","meta":{"footnotes":""},"categories":[14,1],"tags":[],"class_list":["post-210221","post","type-post","status-publish","format-standard","has-post-thumbnail","hentry","category-internacional","category-portada"],"_links":{"self":[{"href":"https:\/\/www.elsinodaldetamaulipas.com.mx\/index.php?rest_route=\/wp\/v2\/posts\/210221","targetHints":{"allow":["GET"]}}],"collection":[{"href":"https:\/\/www.elsinodaldetamaulipas.com.mx\/index.php?rest_route=\/wp\/v2\/posts"}],"about":[{"href":"https:\/\/www.elsinodaldetamaulipas.com.mx\/index.php?rest_route=\/wp\/v2\/types\/post"}],"author":[{"embeddable":true,"href":"https:\/\/www.elsinodaldetamaulipas.com.mx\/index.php?rest_route=\/wp\/v2\/users\/1"}],"replies":[{"embeddable":true,"href":"https:\/\/www.elsinodaldetamaulipas.com.mx\/index.php?rest_route=%2Fwp%2Fv2%2Fcomments&post=210221"}],"version-history":[{"count":1,"href":"https:\/\/www.elsinodaldetamaulipas.com.mx\/index.php?rest_route=\/wp\/v2\/posts\/210221\/revisions"}],"predecessor-version":[{"id":210223,"href":"https:\/\/www.elsinodaldetamaulipas.com.mx\/index.php?rest_route=\/wp\/v2\/posts\/210221\/revisions\/210223"}],"wp:featuredmedia":[{"embeddable":true,"href":"https:\/\/www.elsinodaldetamaulipas.com.mx\/index.php?rest_route=\/wp\/v2\/media\/210222"}],"wp:attachment":[{"href":"https:\/\/www.elsinodaldetamaulipas.com.mx\/index.php?rest_route=%2Fwp%2Fv2%2Fmedia&parent=210221"}],"wp:term":[{"taxonomy":"category","embeddable":true,"href":"https:\/\/www.elsinodaldetamaulipas.com.mx\/index.php?rest_route=%2Fwp%2Fv2%2Fcategories&post=210221"},{"taxonomy":"post_tag","embeddable":true,"href":"https:\/\/www.elsinodaldetamaulipas.com.mx\/index.php?rest_route=%2Fwp%2Fv2%2Ftags&post=210221"}],"curies":[{"name":"wp","href":"https:\/\/api.w.org\/{rel}","templated":true}]}}