{"id":210234,"date":"2025-08-26T13:13:00","date_gmt":"2025-08-26T17:13:00","guid":{"rendered":"https:\/\/www.elsinodaldetamaulipas.com.mx\/?p=210234"},"modified":"2025-08-26T13:13:00","modified_gmt":"2025-08-26T17:13:00","slug":"impulsan-a-emprendedores-tamaulipecos","status":"publish","type":"post","link":"https:\/\/www.elsinodaldetamaulipas.com.mx\/?p=210234","title":{"rendered":"IMPULSAN A EMPRENDEDORES TAMAULIPECOS"},"content":{"rendered":"<div class=\"post-content\">\n<p>Columna Opini\u00f3n Econ\u00f3mica y Universitaria<\/p>\n<p>Dr. Jorge A. Lera Mej\u00eda.<\/p>\n<p>La Universidad Aut\u00f3noma de Tamaulipas (UAT), en conjunto con el gobierno estatal y el enlace con organizaciones empresariales implementan diversas estrategias para que los j\u00f3venes estudiantes desarrollen habilidades emprendedoras y puedan convertirse en empresarios del sector de las MiPymes, abordando as\u00ed la falta de empleos formales y la escasez de empresarios en la mayor\u00eda de los 43 municipios del estado.<\/p>\n<p>Ambas instituciones coordinan iniciativas como el \u201cMarat\u00f3n Emprende y Transforma\u201d, que expone a los j\u00f3venes a metodolog\u00edas innovadoras y escenarios colaborativos para la generaci\u00f3n de soluciones productivas desde su entorno, desarrollando as\u00ed competencias y redes que favorecen la creaci\u00f3n de empresas propias.<\/p>\n<p>Adem\u00e1s, la UAT participa en alianzas con la CANACO y la CONCANACO a trav\u00e9s de programas tipo \u201cNido Empresarial Universitario\u201d, que ofrecen talleres, orientaci\u00f3n en tr\u00e1mites, acceso a cr\u00e9ditos y educaci\u00f3n en mercadotecnia, finanzas y legalidad, permitiendo que los estudiantes creen y fortalezcan proyectos sostenibles.<\/p>\n<p>La UAT ha desarrollado programas y ferias especializadas, como la Feria del Emprendedor, donde los estudiantes pueden exponer productos e ideas de negocio, impulsar la innovaci\u00f3n y fortalecer v\u00ednculos con empresarios y organismos p\u00fablicos y privados para facilitar la incubaci\u00f3n y financiamiento de nuevos proyectos empresariales. Adem\u00e1s, existen capacitaciones te\u00f3rico-pr\u00e1cticas dirigidas especialmente a estudiantes de semestres avanzados para el dise\u00f1o y puesta en marcha de propuestas microempresariales de impacto regional.<\/p>\n<p>El impulso de la UAT ha sido especialmente relevante en municipios donde el desarrollo empresarial es bajo, buscando que m\u00e1s j\u00f3venes vean el emprendimiento como una alternativa viable ante la falta de empleos formales bien pagados. Estudios recientes indican que factores como las habilidades cognitivas, el entorno familiar y el ambiente institucional influyen significativamente en la propensi\u00f3n de los estudiantes a emprender, por lo que fortalecer estas \u00e1reas es clave para generar nuevos empresarios locales, generando as\u00ed desarrollo en los municipios menos favorecidos.<\/p>\n<p>El gobierno de Tamaulipas, a trav\u00e9s de la Secretar\u00eda de Desarrollo Econ\u00f3mico, mantiene Centros de Atenci\u00f3n a Emprendedores y MIPYMES ubicados estrat\u00e9gicamente en siete regiones del estado. Estos centros gestionan la apertura de nuevas empresas, otorgan capacitaci\u00f3n y asesor\u00edas en financiamiento, comercializaci\u00f3n y formalizaci\u00f3n, as\u00ed como apoyos directos y becas de capacitaci\u00f3n al trabajo, facilitando el tr\u00e1nsito de los proyectos universitarios al mundo real de las MiPymes. La UAT vincula activamente a sus estudiantes con estos recursos mediante convenios y presencia en ferias y actividades estatales.<\/p>\n<p>La colaboraci\u00f3n interinstitucional ha permitido impactar particularmente en municipios menos industrializados, ayudando a los j\u00f3venes a visualizar el emprendimiento como una alternativa ante la falta de empleos bien remunerados, generando nuevas empresas y fortaleciendo la econom\u00eda regional.<\/p>\n<p>Estas acciones buscan consolidar una \u201cclase empresarial joven\u201d en Tamaulipas, y propiciar un crecimiento m\u00e1s equitativo e incluyente en todo el estado.<\/p>\n<p>El trabajo conjunto de la UAT y el gobierno estatal ofrece a los j\u00f3venes m\u00faltiples caminos y apoyos concretos para convertirse en empresarios, favoreciendo la expansi\u00f3n de las MiPymes y contribuyendo a superar los rezagos laborales y empresariales en los 43 municipios de Tamaulipas.<\/p>\n<\/div>\n","protected":false},"excerpt":{"rendered":"<p>Columna Opini\u00f3n Econ\u00f3mica y Universitaria Dr. Jorge A. Lera Mej\u00eda. La Universidad Aut\u00f3noma de Tamaulipas (UAT), en conjunto con el gobierno estatal y el enlace con organizaciones empresariales implementan diversas estrategias para que los j\u00f3venes estudiantes desarrollen habilidades emprendedoras y puedan convertirse en empresarios del sector de las MiPymes, abordando as\u00ed la falta de empleos [&hellip;]<\/p>\n","protected":false},"author":1,"featured_media":207830,"comment_status":"closed","ping_status":"closed","sticky":false,"template":"","format":"standard","meta":{"footnotes":""},"categories":[16],"tags":[],"class_list":["post-210234","post","type-post","status-publish","format-standard","has-post-thumbnail","hentry","category-opinion"],"_links":{"self":[{"href":"https:\/\/www.elsinodaldetamaulipas.com.mx\/index.php?rest_route=\/wp\/v2\/posts\/210234","targetHints":{"allow":["GET"]}}],"collection":[{"href":"https:\/\/www.elsinodaldetamaulipas.com.mx\/index.php?rest_route=\/wp\/v2\/posts"}],"about":[{"href":"https:\/\/www.elsinodaldetamaulipas.com.mx\/index.php?rest_route=\/wp\/v2\/types\/post"}],"author":[{"embeddable":true,"href":"https:\/\/www.elsinodaldetamaulipas.com.mx\/index.php?rest_route=\/wp\/v2\/users\/1"}],"replies":[{"embeddable":true,"href":"https:\/\/www.elsinodaldetamaulipas.com.mx\/index.php?rest_route=%2Fwp%2Fv2%2Fcomments&post=210234"}],"version-history":[{"count":1,"href":"https:\/\/www.elsinodaldetamaulipas.com.mx\/index.php?rest_route=\/wp\/v2\/posts\/210234\/revisions"}],"predecessor-version":[{"id":210235,"href":"https:\/\/www.elsinodaldetamaulipas.com.mx\/index.php?rest_route=\/wp\/v2\/posts\/210234\/revisions\/210235"}],"wp:featuredmedia":[{"embeddable":true,"href":"https:\/\/www.elsinodaldetamaulipas.com.mx\/index.php?rest_route=\/wp\/v2\/media\/207830"}],"wp:attachment":[{"href":"https:\/\/www.elsinodaldetamaulipas.com.mx\/index.php?rest_route=%2Fwp%2Fv2%2Fmedia&parent=210234"}],"wp:term":[{"taxonomy":"category","embeddable":true,"href":"https:\/\/www.elsinodaldetamaulipas.com.mx\/index.php?rest_route=%2Fwp%2Fv2%2Fcategories&post=210234"},{"taxonomy":"post_tag","embeddable":true,"href":"https:\/\/www.elsinodaldetamaulipas.com.mx\/index.php?rest_route=%2Fwp%2Fv2%2Ftags&post=210234"}],"curies":[{"name":"wp","href":"https:\/\/api.w.org\/{rel}","templated":true}]}}