{"id":210245,"date":"2025-08-26T18:21:51","date_gmt":"2025-08-26T22:21:51","guid":{"rendered":"https:\/\/www.elsinodaldetamaulipas.com.mx\/?p=210245"},"modified":"2025-08-26T18:22:07","modified_gmt":"2025-08-26T22:22:07","slug":"investigan-omisiones-y-complicidades-de-la-ase","status":"publish","type":"post","link":"https:\/\/www.elsinodaldetamaulipas.com.mx\/?p=210245","title":{"rendered":"INVESTIGAN OMISIONES Y COMPLICIDADES DE LA ASE"},"content":{"rendered":"<p><em><strong>Por Julio Manuel Loya Guzm\u00e1n\/EL SINODAL DE TAMAULIPAS<\/strong><\/em><\/p>\n<p>Cd. Victoria, Tamaulipas.- El Congreso de Tamaulipas, a trav\u00e9s de la Diputaci\u00f3n Permanente, aprob\u00f3 revisar a fondo las cuentas p\u00fablicas del ejercicio 2021, 2022 y analizar la actuaci\u00f3n de los exfuncionarios de la Auditor\u00eda Superior del Estado, quienes habr\u00edan solapado irregularidades en la revisi\u00f3n de presupuestos de pasadas administraciones.<\/p>\n<p>&nbsp;<\/p>\n<p>El diputado presidente de la Junta de Gobierno del Congreso Local, Humberto Prieto Herrera, indic\u00f3, que no se trata de un ajuste de cuentas ni de \u201crevanchas pol\u00edticas\u201d, sino de un tema de justicia y de transparencia en el manejo de recursos p\u00fablicos, especialmente en programas sociales y obras de infraestructura.<\/p>\n<p>&nbsp;<\/p>\n<p>\u201cAntes el Auditor pensaba que era comparsa de todos ellos, les aprobaba todo como pan caliente porque cre\u00edan que eran due\u00f1os de Tamaulipas. Pero la justicia est\u00e1 llegando poco a poco y nosotros, como poder legislativo, tenemos la obligaci\u00f3n de hacerlo\u201d, se\u00f1al\u00f3.<\/p>\n<p><img loading=\"lazy\" decoding=\"async\" class=\"aligncenter wp-image-210247 size-full\" src=\"https:\/\/www.elsinodaldetamaulipas.com.mx\/wp-content\/uploads\/2025\/08\/FUNCIONARIOS-2.jpg\" alt=\"\" width=\"894\" height=\"487\" srcset=\"https:\/\/www.elsinodaldetamaulipas.com.mx\/wp-content\/uploads\/2025\/08\/FUNCIONARIOS-2.jpg 894w, https:\/\/www.elsinodaldetamaulipas.com.mx\/wp-content\/uploads\/2025\/08\/FUNCIONARIOS-2-300x163.jpg 300w, https:\/\/www.elsinodaldetamaulipas.com.mx\/wp-content\/uploads\/2025\/08\/FUNCIONARIOS-2-768x418.jpg 768w\" sizes=\"auto, (max-width: 894px) 100vw, 894px\" \/><\/p>\n<p>La decisi\u00f3n contempla no solo la revisi\u00f3n de cuentas del 2021 y 2022, sino tambi\u00e9n de a\u00f1os anteriores, de ser necesario. Adem\u00e1s, se determin\u00f3 dar seguimiento al proceder de quienes encabezaron la Auditor\u00eda Superior, con la posibilidad de que enfrenten sanciones en caso de confirmarse omisiones o complicidad en la aprobaci\u00f3n irregular de cuentas p\u00fablicas.<\/p>\n<p>&nbsp;<\/p>\n<p>En el debate legislativo tambi\u00e9n se mencion\u00f3 el caso del Instituto del Deporte de Tamaulipas (INDE), se\u00f1alado en revisiones de 2021 por presuntos desv\u00edos de recursos.<\/p>\n<p>&nbsp;<\/p>\n<p>El organismo aparece dentro de las observaciones realizadas por la Auditor\u00eda, que document\u00f3 incumplimientos financieros.<\/p>\n<p>&nbsp;<\/p>\n<p>Por otra parte, se abord\u00f3 la situaci\u00f3n jur\u00eddica de Mario \u201cN.\u201d, exfuncionario de la administraci\u00f3n estatal anterior, actualmente vinculado a proceso.<\/p>\n<p>&nbsp;<\/p>\n<p>Prieto Herrera, se\u00f1al\u00f3, que la Fiscal\u00eda de Tamaulipas est\u00e1 actuando con base en elementos s\u00f3lidos y que el juez a cargo del caso respald\u00f3 las investigaciones.<\/p>\n<p>&nbsp;<\/p>\n<p>\u201cEl exfuncionario tiene derecho a defenderse, pero si lo hiciste, tarde o temprano la justicia va a llegar. La Fiscal\u00eda est\u00e1 haciendo un excelente trabajo\u201d, reiter\u00f3 uno de los legisladores.<\/p>\n<p>&nbsp;<\/p>\n<p>Con esta medida, el Congreso busca reforzar la vigilancia sobre el uso de recursos p\u00fablicos, garantizar transparencia y sancionar tanto a exservidores p\u00fablicos como a quienes, desde la Auditor\u00eda Superior, habr\u00edan permitido irregularidades.<\/p>\n","protected":false},"excerpt":{"rendered":"<p>Por Julio Manuel Loya Guzm\u00e1n\/EL SINODAL DE TAMAULIPAS Cd. Victoria, Tamaulipas.- El Congreso de Tamaulipas, a trav\u00e9s de la Diputaci\u00f3n Permanente, aprob\u00f3 revisar a fondo las cuentas p\u00fablicas del ejercicio 2021, 2022 y analizar la actuaci\u00f3n de los exfuncionarios de la Auditor\u00eda Superior del Estado, quienes habr\u00edan solapado irregularidades en la revisi\u00f3n de presupuestos de [&hellip;]<\/p>\n","protected":false},"author":1,"featured_media":210246,"comment_status":"closed","ping_status":"closed","sticky":false,"template":"","format":"standard","meta":{"footnotes":""},"categories":[1,2],"tags":[],"class_list":["post-210245","post","type-post","status-publish","format-standard","has-post-thumbnail","hentry","category-portada","category-reynosa"],"_links":{"self":[{"href":"https:\/\/www.elsinodaldetamaulipas.com.mx\/index.php?rest_route=\/wp\/v2\/posts\/210245","targetHints":{"allow":["GET"]}}],"collection":[{"href":"https:\/\/www.elsinodaldetamaulipas.com.mx\/index.php?rest_route=\/wp\/v2\/posts"}],"about":[{"href":"https:\/\/www.elsinodaldetamaulipas.com.mx\/index.php?rest_route=\/wp\/v2\/types\/post"}],"author":[{"embeddable":true,"href":"https:\/\/www.elsinodaldetamaulipas.com.mx\/index.php?rest_route=\/wp\/v2\/users\/1"}],"replies":[{"embeddable":true,"href":"https:\/\/www.elsinodaldetamaulipas.com.mx\/index.php?rest_route=%2Fwp%2Fv2%2Fcomments&post=210245"}],"version-history":[{"count":2,"href":"https:\/\/www.elsinodaldetamaulipas.com.mx\/index.php?rest_route=\/wp\/v2\/posts\/210245\/revisions"}],"predecessor-version":[{"id":210249,"href":"https:\/\/www.elsinodaldetamaulipas.com.mx\/index.php?rest_route=\/wp\/v2\/posts\/210245\/revisions\/210249"}],"wp:featuredmedia":[{"embeddable":true,"href":"https:\/\/www.elsinodaldetamaulipas.com.mx\/index.php?rest_route=\/wp\/v2\/media\/210246"}],"wp:attachment":[{"href":"https:\/\/www.elsinodaldetamaulipas.com.mx\/index.php?rest_route=%2Fwp%2Fv2%2Fmedia&parent=210245"}],"wp:term":[{"taxonomy":"category","embeddable":true,"href":"https:\/\/www.elsinodaldetamaulipas.com.mx\/index.php?rest_route=%2Fwp%2Fv2%2Fcategories&post=210245"},{"taxonomy":"post_tag","embeddable":true,"href":"https:\/\/www.elsinodaldetamaulipas.com.mx\/index.php?rest_route=%2Fwp%2Fv2%2Ftags&post=210245"}],"curies":[{"name":"wp","href":"https:\/\/api.w.org\/{rel}","templated":true}]}}