{"id":210250,"date":"2025-08-26T19:11:45","date_gmt":"2025-08-26T23:11:45","guid":{"rendered":"https:\/\/www.elsinodaldetamaulipas.com.mx\/?p=210250"},"modified":"2025-08-26T19:11:45","modified_gmt":"2025-08-26T23:11:45","slug":"clinicas-no-certificadas-ponen-en-riesgo-la-salud","status":"publish","type":"post","link":"https:\/\/www.elsinodaldetamaulipas.com.mx\/?p=210250","title":{"rendered":"CL\u00cdNICAS NO CERTIFICADAS PONEN EN RIESGO LA SALUD"},"content":{"rendered":"<p><strong><em>Por Julio Manuel Loya Guzm\u00e1n\/EL SINODAL DE TAMAULIPAS <\/em><\/strong><\/p>\n<p>Reynosa, Tamaulipas.\u2013 Luego del fallecimiento de una paciente durante una cirug\u00eda est\u00e9tica en una cl\u00ednica de Reynosa, el diputado local, Gerardo Pe\u00f1a Flores, exhort\u00f3 a la Secretar\u00eda de Salud de Tamaulipas a implementar una supervisi\u00f3n estricta en centros est\u00e9ticos que operan de manera irregular en el estado.<\/p>\n<p>&nbsp;<\/p>\n<p>El congresista reynosense del Partido Acci\u00f3n Nacional (PAN), dijo que lo anterior es para que se apliquen mecanismos rigurosos, pues este tipo de cl\u00ednicas, no reguladas, representan un riesgo para la salud y la vida de las personas, principalmente mujeres, que son atra\u00eddas bajo el esquema de cirug\u00eda est\u00e9tica a bajo costo.<\/p>\n<p>&nbsp;<\/p>\n<p>Se\u00f1al\u00f3, que en diversas ciudades de Tamaulipas se han registrado casos en los que \u201cpseudom\u00e9dicos\u201d ofrecen procedimientos quir\u00fargicos sin contar con certificaciones ni infraestructura adecuada, lo que ha derivado en muertes y complicaciones m\u00e9dicas graves.<\/p>\n<p>&nbsp;<\/p>\n<p>\u201cEs inaceptable que sigan operando cl\u00ednicas \u2018patito\u2019 con falsos m\u00e9dicos que ponen en riesgo vidas humanas. Ya vimos lo ocurrido en Reynosa, donde hubo una muerte, y en Ciudad Madero, con la cl\u00ednica Belum, donde existen denuncias por malos procedimientos realizados por un supuesto cirujano sin t\u00edtulo profesional. Esto no puede ni debe tolerarse\u201d, advirti\u00f3.<\/p>\n<p>&nbsp;<\/p>\n<p>Pe\u00f1a Flores destac\u00f3 que, adem\u00e1s de la responsabilidad de quienes ejercen sin preparaci\u00f3n, tambi\u00e9n existe una falta de vigilancia institucional. \u201cSe requiere mano firme y una supervisi\u00f3n estricta, porque los errores en estos casos son fatales\u201d, insisti\u00f3.<\/p>\n<p><strong>\u00a0<\/strong><\/p>\n<p><strong>INICIATIVA A FAVOR DE DISCAPACITADOS EN SITUACI\u00d3N DE POBREZA.<\/strong><\/p>\n<p>El diputado panista tambi\u00e9n dio a conocer una iniciativa presentada ante la Diputaci\u00f3n Permanente, con la que busca que el Estado est\u00e9 obligado por la Constituci\u00f3n a dotar de apoyos funcionales a personas que padezcan una discapacidad y est\u00e9n en situaci\u00f3n de pobreza.<\/p>\n<p>&nbsp;<\/p>\n<p>Explic\u00f3 que la propuesta contempla la entrega de sillas de ruedas, pr\u00f3tesis, lentes, auxiliares auditivos y otros implementos indispensables para mejorar la calidad de vida de las personas, con posibilidad de renovaci\u00f3n seg\u00fan la vida \u00fatil de cada dispositivo.<\/p>\n<p>&nbsp;<\/p>\n<p>\u201cNo se trata de asistencialismo, sino de garantizar derechos fundamentales que permitan a las personas con discapacidad mejorar sus condiciones y, en muchos casos, incorporarse a la vida econ\u00f3mica del estado. Es un tema noble, justo y necesario\u201d, puntualiz\u00f3.<\/p>\n<p>&nbsp;<\/p>\n<p>El legislador confi\u00f3 en que la iniciativa ser\u00e1 respaldada por todas las fuerzas pol\u00edticas en el Congreso local, al subrayar que actualmente el apoyo a personas con discapacidad depende de la disponibilidad presupuestal de cada dependencia, lo cual genera desigualdades.<\/p>\n","protected":false},"excerpt":{"rendered":"<p>Por Julio Manuel Loya Guzm\u00e1n\/EL SINODAL DE TAMAULIPAS Reynosa, Tamaulipas.\u2013 Luego del fallecimiento de una paciente durante una cirug\u00eda est\u00e9tica en una cl\u00ednica de Reynosa, el diputado local, Gerardo Pe\u00f1a Flores, exhort\u00f3 a la Secretar\u00eda de Salud de Tamaulipas a implementar una supervisi\u00f3n estricta en centros est\u00e9ticos que operan de manera irregular en el estado. [&hellip;]<\/p>\n","protected":false},"author":1,"featured_media":210251,"comment_status":"closed","ping_status":"closed","sticky":false,"template":"","format":"standard","meta":{"footnotes":""},"categories":[1,2],"tags":[],"class_list":["post-210250","post","type-post","status-publish","format-standard","has-post-thumbnail","hentry","category-portada","category-reynosa"],"_links":{"self":[{"href":"https:\/\/www.elsinodaldetamaulipas.com.mx\/index.php?rest_route=\/wp\/v2\/posts\/210250","targetHints":{"allow":["GET"]}}],"collection":[{"href":"https:\/\/www.elsinodaldetamaulipas.com.mx\/index.php?rest_route=\/wp\/v2\/posts"}],"about":[{"href":"https:\/\/www.elsinodaldetamaulipas.com.mx\/index.php?rest_route=\/wp\/v2\/types\/post"}],"author":[{"embeddable":true,"href":"https:\/\/www.elsinodaldetamaulipas.com.mx\/index.php?rest_route=\/wp\/v2\/users\/1"}],"replies":[{"embeddable":true,"href":"https:\/\/www.elsinodaldetamaulipas.com.mx\/index.php?rest_route=%2Fwp%2Fv2%2Fcomments&post=210250"}],"version-history":[{"count":1,"href":"https:\/\/www.elsinodaldetamaulipas.com.mx\/index.php?rest_route=\/wp\/v2\/posts\/210250\/revisions"}],"predecessor-version":[{"id":210252,"href":"https:\/\/www.elsinodaldetamaulipas.com.mx\/index.php?rest_route=\/wp\/v2\/posts\/210250\/revisions\/210252"}],"wp:featuredmedia":[{"embeddable":true,"href":"https:\/\/www.elsinodaldetamaulipas.com.mx\/index.php?rest_route=\/wp\/v2\/media\/210251"}],"wp:attachment":[{"href":"https:\/\/www.elsinodaldetamaulipas.com.mx\/index.php?rest_route=%2Fwp%2Fv2%2Fmedia&parent=210250"}],"wp:term":[{"taxonomy":"category","embeddable":true,"href":"https:\/\/www.elsinodaldetamaulipas.com.mx\/index.php?rest_route=%2Fwp%2Fv2%2Fcategories&post=210250"},{"taxonomy":"post_tag","embeddable":true,"href":"https:\/\/www.elsinodaldetamaulipas.com.mx\/index.php?rest_route=%2Fwp%2Fv2%2Ftags&post=210250"}],"curies":[{"name":"wp","href":"https:\/\/api.w.org\/{rel}","templated":true}]}}