{"id":210253,"date":"2025-08-26T20:10:40","date_gmt":"2025-08-27T00:10:40","guid":{"rendered":"https:\/\/www.elsinodaldetamaulipas.com.mx\/?p=210253"},"modified":"2025-08-26T20:10:40","modified_gmt":"2025-08-27T00:10:40","slug":"diputados-faltistas-seran-obligados-a-jalar","status":"publish","type":"post","link":"https:\/\/www.elsinodaldetamaulipas.com.mx\/?p=210253","title":{"rendered":"\u201cDIPUTADOS FALTISTAS\u201d SER\u00c1N OBLIGADOS A JALAR"},"content":{"rendered":"<p><em><strong>Por Julio Manuel Loya Guzm\u00e1n\/EL SINODAL DE TAMAULIPAS<\/strong><\/em><\/p>\n<p>Reynosa, Tamaulipas.\u2013 La diputada local de Morena, Magaly Deandar Robinson, critic\u00f3 la postura del legislador Ismael Garc\u00eda Cabeza de Vaca, por recurrir al amparo para justificar sus faltas al Congreso del Estado, al considerar que se trata de una pr\u00e1ctica c\u00ednica y una falta de compromiso con los ciudadanos que los eligieron.<\/p>\n<p>&nbsp;<\/p>\n<p>La legisladora se\u00f1al\u00f3 que, por fortuna, el amparo promovido por el diputado panista le fue rechazado, pues tienen la obligaci\u00f3n de cumplir con su trabajo en el pleno y en comisiones, pues es ah\u00ed donde se toman las decisiones que impactan directamente a la vida p\u00fablica de Tamaulipas.<\/p>\n<p>&nbsp;<\/p>\n<p>\u201cDefinitivamente la gente espera much\u00edsimo m\u00e1s de sus legisladores. Todos tenemos la obligaci\u00f3n de estar aqu\u00ed, de trabajar, y es una verg\u00fcenza que haya quienes pretendan cubrir sus ausencias a trav\u00e9s de recursos legales como el amparo\u201d, expres\u00f3.<\/p>\n<p>&nbsp;<\/p>\n<p>De\u00e1ndar adelant\u00f3 que se encuentra en preparaci\u00f3n un proyecto de ley que podr\u00eda presentarse en el pr\u00f3ximo periodo ordinario de sesiones, el cual busca poner fin a estas pr\u00e1cticas y establecer reglas m\u00e1s estrictas sobre la asistencia y el desempe\u00f1o legislativo.<\/p>\n<p>&nbsp;<\/p>\n<p>\u201cEs muy c\u00ednico que Ismael Garc\u00eda cabeza de vaca, se quiera pedir un amparo para justificar faltas. La ciudadan\u00eda confi\u00f3 en nosotros y quienes no cumplen se escudan en posiciones plurinominales para evitar dar la cara. Eso no debe seguir ocurriendo\u201d, se\u00f1al\u00f3.<\/p>\n<p>&nbsp;<\/p>\n<p>La diputada morenista subray\u00f3 que es indispensable recuperar la confianza de la poblaci\u00f3n, pues los ciudadanos tienen el derecho de exigir resultados y rendici\u00f3n de cuentas de sus representantes populares.<\/p>\n<p>&nbsp;<\/p>\n<p>\u201cTodos debemos comprometernos, porque al final de cuentas es la gente quien nos va a reclamar en territorio. Ojal\u00e1 muy pronto este proyecto sea una realidad, porque la gente merece legisladores responsables y no ausentes\u201d, puntualiz\u00f3<\/p>\n","protected":false},"excerpt":{"rendered":"<p>Por Julio Manuel Loya Guzm\u00e1n\/EL SINODAL DE TAMAULIPAS Reynosa, Tamaulipas.\u2013 La diputada local de Morena, Magaly Deandar Robinson, critic\u00f3 la postura del legislador Ismael Garc\u00eda Cabeza de Vaca, por recurrir al amparo para justificar sus faltas al Congreso del Estado, al considerar que se trata de una pr\u00e1ctica c\u00ednica y una falta de compromiso con [&hellip;]<\/p>\n","protected":false},"author":1,"featured_media":210254,"comment_status":"closed","ping_status":"closed","sticky":false,"template":"","format":"standard","meta":{"footnotes":""},"categories":[1,2],"tags":[],"class_list":["post-210253","post","type-post","status-publish","format-standard","has-post-thumbnail","hentry","category-portada","category-reynosa"],"_links":{"self":[{"href":"https:\/\/www.elsinodaldetamaulipas.com.mx\/index.php?rest_route=\/wp\/v2\/posts\/210253","targetHints":{"allow":["GET"]}}],"collection":[{"href":"https:\/\/www.elsinodaldetamaulipas.com.mx\/index.php?rest_route=\/wp\/v2\/posts"}],"about":[{"href":"https:\/\/www.elsinodaldetamaulipas.com.mx\/index.php?rest_route=\/wp\/v2\/types\/post"}],"author":[{"embeddable":true,"href":"https:\/\/www.elsinodaldetamaulipas.com.mx\/index.php?rest_route=\/wp\/v2\/users\/1"}],"replies":[{"embeddable":true,"href":"https:\/\/www.elsinodaldetamaulipas.com.mx\/index.php?rest_route=%2Fwp%2Fv2%2Fcomments&post=210253"}],"version-history":[{"count":1,"href":"https:\/\/www.elsinodaldetamaulipas.com.mx\/index.php?rest_route=\/wp\/v2\/posts\/210253\/revisions"}],"predecessor-version":[{"id":210255,"href":"https:\/\/www.elsinodaldetamaulipas.com.mx\/index.php?rest_route=\/wp\/v2\/posts\/210253\/revisions\/210255"}],"wp:featuredmedia":[{"embeddable":true,"href":"https:\/\/www.elsinodaldetamaulipas.com.mx\/index.php?rest_route=\/wp\/v2\/media\/210254"}],"wp:attachment":[{"href":"https:\/\/www.elsinodaldetamaulipas.com.mx\/index.php?rest_route=%2Fwp%2Fv2%2Fmedia&parent=210253"}],"wp:term":[{"taxonomy":"category","embeddable":true,"href":"https:\/\/www.elsinodaldetamaulipas.com.mx\/index.php?rest_route=%2Fwp%2Fv2%2Fcategories&post=210253"},{"taxonomy":"post_tag","embeddable":true,"href":"https:\/\/www.elsinodaldetamaulipas.com.mx\/index.php?rest_route=%2Fwp%2Fv2%2Ftags&post=210253"}],"curies":[{"name":"wp","href":"https:\/\/api.w.org\/{rel}","templated":true}]}}