{"id":210257,"date":"2025-08-26T22:20:41","date_gmt":"2025-08-27T02:20:41","guid":{"rendered":"https:\/\/www.elsinodaldetamaulipas.com.mx\/?p=210257"},"modified":"2025-08-26T22:20:41","modified_gmt":"2025-08-27T02:20:41","slug":"garantizan-derechos-de-usuarios-del-transporte","status":"publish","type":"post","link":"https:\/\/www.elsinodaldetamaulipas.com.mx\/?p=210257","title":{"rendered":"GARANTIZAN DERECHOS DE USUARIOS DEL TRANSPORTE"},"content":{"rendered":"<p>EL SINODAL DE TAMAULIPAS<\/p>\n<p>Ciudad Victoria, Tamaulipas. La fracci\u00f3n parlamentaria de Movimiento Ciudadano en el Congreso del Estado, present\u00f3 una iniciativa que buscar garantizar condiciones justas, accesibles y seguras para las y los usuarios del transporte p\u00fablico en Tamaulipas.<\/p>\n<p>&nbsp;<\/p>\n<p>Dicha propuesta fue presentada por los legisladores emecistas, Juan Carlos Zertcuhe, coordinador de la bancada, as\u00ed como de su hom\u00f3loga, Mayra Benavides Villafranca, dicha iniciativa tiene como objetivo ampliar legalmente los derechos de los usuarios, especialmente aquellas en situaci\u00f3n de vulnerabilidad.<\/p>\n<p>&nbsp;<\/p>\n<p>Entre los principales sectores que busca proteger, la iniciativa contempla:<\/p>\n<p>&nbsp;<\/p>\n<p>&#8211;\u00a0\u00a0\u00a0\u00a0\u00a0\u00a0\u00a0\u00a0\u00a0\u00a0\u00a0\u00a0\u00a0 Personas con discapacidad, garantizando condiciones adecuadas de movilidad.<\/p>\n<p>&#8211;\u00a0\u00a0\u00a0\u00a0\u00a0\u00a0\u00a0\u00a0\u00a0\u00a0\u00a0\u00a0\u00a0 Personas adultas mayores, con acceso a tarifas preferenciales.<\/p>\n<p>&#8211;\u00a0\u00a0\u00a0\u00a0\u00a0\u00a0\u00a0\u00a0\u00a0\u00a0\u00a0\u00a0\u00a0 Estudiantes, a quienes se propone facilitar el transporte con una tarifa diferenciada.<\/p>\n<p>&#8211;\u00a0\u00a0\u00a0\u00a0\u00a0\u00a0\u00a0\u00a0\u00a0\u00a0\u00a0\u00a0\u00a0 Madres y padres en condici\u00f3n monoparental, atendiendo el impacto econ\u00f3mico que enfrentan.<\/p>\n<p>&#8211;\u00a0\u00a0\u00a0\u00a0\u00a0\u00a0\u00a0\u00a0\u00a0\u00a0\u00a0\u00a0\u00a0 Personas jubiladas, pensionadas o en situaci\u00f3n de viudez, como parte de una pol\u00edtica de atenci\u00f3n solidaria.<\/p>\n<p>&nbsp;<\/p>\n<p>Adem\u00e1s, se plantean nuevos derechos esenciales para quienes usan el transporte p\u00fablico:<\/p>\n<p>&nbsp;<\/p>\n<p>&#8211;\u00a0\u00a0\u00a0\u00a0\u00a0\u00a0\u00a0\u00a0\u00a0\u00a0\u00a0\u00a0\u00a0 Atenci\u00f3n m\u00e9dica inmediata en caso de siniestros.<\/p>\n<p>&#8211;\u00a0\u00a0\u00a0\u00a0\u00a0\u00a0\u00a0\u00a0\u00a0\u00a0\u00a0\u00a0\u00a0 Indemnizaci\u00f3n por da\u00f1os o lesiones provocadas por hechos viales.<\/p>\n<p>&#8211;\u00a0\u00a0\u00a0\u00a0\u00a0\u00a0\u00a0\u00a0\u00a0\u00a0\u00a0\u00a0\u00a0 Acceso a un sistema de quejas y denuncias accesible, f\u00edsico y virtual.<\/p>\n<p>&#8211;\u00a0\u00a0\u00a0\u00a0\u00a0\u00a0\u00a0\u00a0\u00a0\u00a0\u00a0\u00a0\u00a0 Identificaci\u00f3n visible del operador de cada unidad, para mayor seguridad y transparencia.<\/p>\n<p>&nbsp;<\/p>\n<p>Dicha propuesta esta alineada a las pol\u00edticas nacionales e internacionales de movilidad,<\/p>\n<p>La propuesta se alinea con pol\u00edticas nacionales e internacionales de movilidad, como la Pol\u00edtica Nacional de Transporte P\u00fablico Colectivo Urbano y el Objetivo de Desarrollo Sostenible 11.2 de la ONU, al priorizar esquemas tarifarios diferenciados y acceso equitativo a los servicios.<\/p>\n<p>&nbsp;<\/p>\n<p>\u201cEsta iniciativa busca que el transporte p\u00fablico deje de ser una barrera para convertirse en una puerta de acceso a m\u00e1s oportunidades. Que la movilidad no sea una carga, sino un derecho garantizado para quienes m\u00e1s lo necesitan\u201d, expres\u00f3 el diputado.<\/p>\n<p>&nbsp;<\/p>\n<p>Con esta propuesta, Movimiento Ciudadano reafirma su compromiso con una movilidad digna, con justicia social y con un transporte p\u00fablico que est\u00e9 verdaderamente al servicio de la gente.<\/p>\n","protected":false},"excerpt":{"rendered":"<p>EL SINODAL DE TAMAULIPAS Ciudad Victoria, Tamaulipas. La fracci\u00f3n parlamentaria de Movimiento Ciudadano en el Congreso del Estado, present\u00f3 una iniciativa que buscar garantizar condiciones justas, accesibles y seguras para las y los usuarios del transporte p\u00fablico en Tamaulipas. &nbsp; Dicha propuesta fue presentada por los legisladores emecistas, Juan Carlos Zertcuhe, coordinador de la bancada, [&hellip;]<\/p>\n","protected":false},"author":1,"featured_media":210258,"comment_status":"closed","ping_status":"closed","sticky":false,"template":"","format":"standard","meta":{"footnotes":""},"categories":[1,2],"tags":[],"class_list":["post-210257","post","type-post","status-publish","format-standard","has-post-thumbnail","hentry","category-portada","category-reynosa"],"_links":{"self":[{"href":"https:\/\/www.elsinodaldetamaulipas.com.mx\/index.php?rest_route=\/wp\/v2\/posts\/210257","targetHints":{"allow":["GET"]}}],"collection":[{"href":"https:\/\/www.elsinodaldetamaulipas.com.mx\/index.php?rest_route=\/wp\/v2\/posts"}],"about":[{"href":"https:\/\/www.elsinodaldetamaulipas.com.mx\/index.php?rest_route=\/wp\/v2\/types\/post"}],"author":[{"embeddable":true,"href":"https:\/\/www.elsinodaldetamaulipas.com.mx\/index.php?rest_route=\/wp\/v2\/users\/1"}],"replies":[{"embeddable":true,"href":"https:\/\/www.elsinodaldetamaulipas.com.mx\/index.php?rest_route=%2Fwp%2Fv2%2Fcomments&post=210257"}],"version-history":[{"count":1,"href":"https:\/\/www.elsinodaldetamaulipas.com.mx\/index.php?rest_route=\/wp\/v2\/posts\/210257\/revisions"}],"predecessor-version":[{"id":210259,"href":"https:\/\/www.elsinodaldetamaulipas.com.mx\/index.php?rest_route=\/wp\/v2\/posts\/210257\/revisions\/210259"}],"wp:featuredmedia":[{"embeddable":true,"href":"https:\/\/www.elsinodaldetamaulipas.com.mx\/index.php?rest_route=\/wp\/v2\/media\/210258"}],"wp:attachment":[{"href":"https:\/\/www.elsinodaldetamaulipas.com.mx\/index.php?rest_route=%2Fwp%2Fv2%2Fmedia&parent=210257"}],"wp:term":[{"taxonomy":"category","embeddable":true,"href":"https:\/\/www.elsinodaldetamaulipas.com.mx\/index.php?rest_route=%2Fwp%2Fv2%2Fcategories&post=210257"},{"taxonomy":"post_tag","embeddable":true,"href":"https:\/\/www.elsinodaldetamaulipas.com.mx\/index.php?rest_route=%2Fwp%2Fv2%2Ftags&post=210257"}],"curies":[{"name":"wp","href":"https:\/\/api.w.org\/{rel}","templated":true}]}}