{"id":210260,"date":"2025-08-26T22:24:13","date_gmt":"2025-08-27T02:24:13","guid":{"rendered":"https:\/\/www.elsinodaldetamaulipas.com.mx\/?p=210260"},"modified":"2025-08-26T22:24:13","modified_gmt":"2025-08-27T02:24:13","slug":"no-asusto-a-nadie-el-mayo-de-la-cuatrote","status":"publish","type":"post","link":"https:\/\/www.elsinodaldetamaulipas.com.mx\/?p=210260","title":{"rendered":"NO ASUST\u00d3 A NADIE EL MAYO DE \u201cLA CUATROT\u00c9"},"content":{"rendered":"<p>*SE LES SIGUE DESCUBRIENDO LUJOS<br \/>\n*UNA ESTRELLA M\u00c1S A LA FRENTE DE CARMEN LILIA<br \/>\n*Pese a que en un primer momento la presidenta CLAUDIA SHEINBAUM, minimiz\u00f3 las declaraciones del pesado narcotraficante ISMAEL \u201cEl Mayo\u201d ZAMBADA, en su audiencia el lunes ante la justicia gringa en territorio estadunidense, donde m\u00e1s, pidiendo pruebas y todo ante la fiscal\u00eda General de la Rep\u00fablica.<br \/>\nEste martes nuevamente al ser abordada sobre el tema en la ma\u00f1anera pueblerina desde Palacio Nacional, dijo que debe de existir una denuncia de por medio.<br \/>\n\u201cEl Mayo\u201d, se\u00f1al\u00f3 que corrompi\u00f3 a polic\u00edas, mandos militares y pol\u00edticos en M\u00e9xico.<br \/>\n\u00bfY qui\u00e9n tendr\u00eda que hacer la denuncia, Ismael o los corruptos?<br \/>\nEn los tiempos de \u201cLa Cuatrot\u00e9\u201d sus protagonistas no son corruptos, son una chulada.<br \/>\nLo cierto es que las declaraciones de Zambada, son una gigantesca cortina de humo con los lujos que se dan los protagonistas del movimiento, ahora le sacaron al chango le\u00f3n senador GERARDO \u201cEl Llor\u00f3n\u201d FERN\u00c1NDEZ NORO\u00d1A, una mansi\u00f3n, que asegur\u00f3 la paga a cr\u00e9dito.<br \/>\nY hasta los dichos de la senadora LILY T\u00c9LLEZ, pasaron a un segundo plano.<br \/>\nSe espera que en d\u00edas previos al Primer Informe de Gobierno de la se\u00f1ora Sheinbaum, no vaya haber m\u00e1s declaraciones de narcotraficantes echando pestes en contra de militares, polic\u00edas y clase pol\u00edtica de M\u00e9xico.<br \/>\nPor cierto, \u201cEl Llor\u00f3n\u201d, tuvo que peerse pa dentro despu\u00e9s de que Sheinbaum le dio un sape por eso de que esta fracturado el movimiento, y sali\u00f3 con que ya no dar\u00e1 declaraciones a la prensa.<br \/>\n*UN PROYECTO largamente anhelado se hizo realidad en la Universidad Aut\u00f3noma de Tamaulipas, la carrera de arquitectura en Suelo Victorense.<br \/>\nLa puso en marcha el rector D\u00c1MASO ANAYA ALVARDO, en la Facultad de Ingenier\u00eda y Ciencias del Centro Universitario Victoria, en cuyas instalaciones ha comenzado sus clases la primera generaci\u00f3n, que cursar\u00e1 el mismo plan de estudios que imparte la FADU, en el Campus Tampico.<br \/>\nEl rector Anaya Alvarado, destac\u00f3 que la apertura de esta nueva sede forma parte de la visi\u00f3n institucional de ampliar la cobertura educativa, luego de subrayar que la UAT, a 75 a\u00f1os de historia, impulsa una estrategia para que los j\u00f3venes puedan estudiar en su regi\u00f3n, sin necesidad de trasladarse fuera de Tamaulipas.<br \/>\nEn parte de su mensaje hizo un reconocimiento especial a los padres de familia, a quienes agradeci\u00f3 la confianza depositada en la Universidad para la formaci\u00f3n de sus hijos, comprometi\u00e9ndose a brindarles acompa\u00f1amiento y espacios de calidad durante su trayectoria acad\u00e9mica; la primera generaci\u00f3n de estudiantes de Arquitectura est\u00e1 integrada por 53 estudiantes (26 hombres y 27 mujeres), resalt\u00e1ndose con orgullo la paridad de g\u00e9nero y el compromiso del equipo de 8 docentes que los guiar\u00e1n en su proceso acad\u00e9mico.<br \/>\n*UN DISTINCI\u00d3N incomparable, sin igual, recibi\u00f3 la presidenta municipal CARMEN LILIA CANTUROSAS VILLARREAL, por parte de Fitch Ratings que reconoce nuevamente a Nuevo Lardo por su solidez financiera recibiendo la ratificaci\u00f3n de la calificaci\u00f3n crediticia AAA a nivel nacional e internacional, es la m\u00e1xima categor\u00eda que otorga la agencia calificadora.<br \/>\nCarmen Lilia, expres\u00f3 que este reconocimiento crediticio se logra gracias a una administraci\u00f3n fiscal disciplinada y pol\u00edticas enfocadas en fortalecer los ingresos propios, la ciudad ha mantenido estabilidad econ\u00f3mica, adem\u00e1s de impulsar proyectos prioritarios en infraestructura, desarrollo social, econ\u00f3mico y educativo.<br \/>\nY expres\u00f3 con orgullo y emoci\u00f3n: \u201cEste reconocimiento es el resultado del esfuerzo conjunto de una administraci\u00f3n responsable y de una ciudadan\u00eda comprometida; Nuevo Laredo se consolida como una ciudad con finanzas sanas, con capacidad para invertir en el desarrollo y bienestar de nuestra gente, y con la fortaleza necesaria para seguir atrayendo inversi\u00f3n nacional e internacional\u201d.<br \/>\nEl director asociado de Fitch Ratings DIEGO NORBERTO ESTRADA, al poner la distinci\u00f3n en manos de la alcaldesa Canturosas Villarreal, destac\u00f3 el alcance de la calificaci\u00f3n de Nuevo Laredo a nivel internacional.<br \/>\nDijo: \u201cEl perfil crediticio individual de Nuevo Laredo est\u00e1 muy por encima de muchas ciudades latinoamericanas y casi al mismo nivel que ciudades europeas. Puede compararse con ciudades como Madrid o Mil\u00e1n, algunos estados de Canad\u00e1, e incluso supera a capitales latinoamericanas como Bogot\u00e1 y Lima\u201d.<br \/>\nCon esta ratificaci\u00f3n, Suelo Neolaredense se consolida como un referente nacional en responsabilidad financiera y eficiencia administrativa, enviando un mensaje de confianza y certidumbre a ciudadanos, inversionistas y organismos internacionales.<br \/>\n*SE ESTREN\u00d3 este martes como nuevo rector de la Universidad de Seguridad y Justicia en Suelo Victorense JORGE LUMBRERAS CASTRO, que fue designado como tal por el gobernador AM\u00c9RICO VILLARREAL ANAYA, y la toma de protesta corri\u00f3 a cargo del secretario Estatal de Seguridad CARLOS ARTURO PANCARDO ESCUDERO.<br \/>\nEl general Pancardo Escudero manifest\u00f3 durante la vistosa ceremonia de toma de protesta: \u201cEs para m\u00ed un honor dirigirme a todos ustedes de la Universidad de Seguridad y Justicia, instituci\u00f3n que tiene mucho prestigio ya en el estado y considero que con la rector\u00eda del doctor Lumbreras se incrementar\u00e1\u201d.<br \/>\nEl flamante rector enfatiz\u00f3: \u201cEsta universidad tiene la gran responsabilidad de lograr que cada uno de ustedes pueda servir a las familias y las comunidades con base en los principios de la funci\u00f3n policial; que todos sean buenas y buenos primeros respondientes que acompa\u00f1en a las v\u00edctimas del delito, presten auxilio, prevenir el delito, perseguirlo e investigarlo\u201d.<br \/>\nEn otros temas del Gobierno del Estado, el titular de educaci\u00f3n MIGUEL \u00c1NGEL VALDEZ GARC\u00cdA, extern\u00f3 que, como resultado de las gestiones administrativas para agilizar la entrega de plazas de nuevo ingreso, cambios de centros de trabajo y resoluci\u00f3n de conflictos, la Secretar\u00eda de Educaci\u00f3n de Tamaulipas (SET) garantiza que, para el inicio del ciclo escolar 2025\u20132026, se tendr\u00e1 una cobertura total de docentes.<br \/>\nRecord\u00f3 que la semana anterior se realizaron reuniones regionales con jefes de sector y supervisores de todo el estado, en las que se pidi\u00f3 a la comunidad docente hacer un esfuerzo para que en el primer d\u00eda de clases no hubiera ninguna maestra o maestro ausente en las aulas.<br \/>\nAs\u00ed que padres de familia no tienen por qu\u00e9 preocuparse.<br \/>\nY una excelente noticia dio a conocer el titular de Finanzas JES\u00daS LAV\u00cdN VER\u00c1STEGUI, ya que otorgar\u00e1n beneficios fiscales a veh\u00edculos modelo 2011 a 2016 que presenten adeudos por derechos de control vehicular.<br \/>\nExplic\u00f3 que los beneficios incluyen la reducci\u00f3n del 100% en derechos de control vehicular correspondientes a los ejercicios 2022 y anteriores, as\u00ed como bajas extempor\u00e1neas con un costo de $905.00 pesos (8 UMA), ya que se exenta el 100% del adeudo por derechos de control vehicular. En el caso de compraventas, se aplica un beneficio de tarifa fija de $453.00 pesos (4 UMA).<br \/>\nExpresando: \u201cSu veh\u00edculo quedar\u00e1 completamente al corriente, con un total de $5,990 pesos, cubriendo derechos vehiculares y placas\u201d.<br \/>\nRA\u00daL QUIROGA \u00c1LVAREZ, volvi\u00f3 a hacernos recordar que en un futuro la zona norte se podr\u00eda presentar una crisis h\u00eddrica.<br \/>\nEl titular de Recursos Hidr\u00e1ulicos, asegur\u00f3 que el centro y sur del estado mantienen actualmente una buena disponibilidad de agua gracias a los niveles de almacenamiento que registran las presas de la regi\u00f3n.<br \/>\nY advirti\u00f3 que la zona norte enfrenta una situaci\u00f3n m\u00e1s comprometida en cuanto a disponibilidad del recurso, al registrar \u00fanicamente 265 millones de metros c\u00fabicos entre las dos presas internacionales, de un total de 350 millones de metros c\u00fabicos requeridos para abastecer a la franja fronteriza Tamaulipeca.<br \/>\nAs\u00ed que como recomienda en Suelo Riobravense el titular de la Comisi\u00f3n Municipal de Agua Potable y Alcantarillado EDGAR PE\u00d1A SERNA, sigamos cuidando el agua.<br \/>\nY se continua en forma permanente con las charlas en planteles educativos sobre la cultura del cuidado del agua.<br \/>\n*LA UNIVERSIDAD Aut\u00f3noma de Tamaulipas fue sede del encuentro entre presidentes(as) municipales de la zona centro y funcionarios de la Auditoria Superior del Estado encabezados por FRANCISCO NORIEGA OROZCO, en lo que fue el primero de las Jornadas de Profesionalizaci\u00f3n Municipal en materia de Rendici\u00f3n de Cuentas 2025; y en donde el com\u00fan denominador fue: Transparencia y excelencia administrativa.<br \/>\nVienen dos jornadas m\u00e1s que se llevar\u00e1n a cabo en las distintas zonas del estado.<br \/>\nEl auditor Noriega Orozco, dio la bienvenida en donde destac\u00f3 la nueva visi\u00f3n de la ASE, enfocada en llevar a cabo auditor\u00edas con rigor t\u00e9cnico que trasciendan y eviten que los procesos sean solo tr\u00e1mites.<br \/>\nAfirmando: \u201cEsta es nuestra visi\u00f3n de una Auditor\u00eda de puertas abiertas. No solo fiscalizamos, tambi\u00e9n somos preventivos. Estas jornadas son una herramienta fundamental para profesionalizar a las y los servidores p\u00fablicos municipales, fortaleciendo sus capacidades para que sus administraciones act\u00faen con certeza y eficiencia\u201d.<br \/>\nInvitados especiales a esta encerrona: NORMA ANG\u00c9LICA PEDRAZA MELO secretaria de Anticorrupci\u00f3n y Buen Gobierno; F\u00c9LIX LUIS AR\u00c9VALO secretario T\u00e9cnico de la Secretar\u00eda Ejecutiva del Sistema Estatal Anticorrupci\u00f3n; EDUARDO GARC\u00cdA FUENTES secretario de Finanzas de la UAT en representaci\u00f3n del rector D\u00c1MASO ANAYA ALVARADO, con una excelente atenci\u00f3n.<br \/>\n*EN ASUNTOS meramente deportivos: Sultanes que debi\u00f3 quedar eliminados despu\u00e9s de perder su serie ante Charros, sigui\u00f3 con vida gracias al sistema de competencia de la Liga Mexicana de B\u00e9isbol, y en la siguiente fase barri\u00f3 en cuatro juegos a Tecolotes que hab\u00edan ganado con todas las de la ley ante Acereros de Monclova.<br \/>\nTecolotes a pesar de que inici\u00f3 jugando en casa no sac\u00f3 ventaja de la localia perdiendo sus dos primeros juegos y dos m\u00e1s en San Nicol\u00e1s de los Garza.<br \/>\nDiablos Rojos sigue invicto en la fase de playoffs y se instal\u00f3 como finalista de la zona sur.<br \/>\n*PORQUE a\u00fan hay tiempo no se le pase felicitar este martes con motivo de sus cumplea\u00f1os a: ELSA RODELA, a los periodistas MARCELINO GARC\u00cdA CONTRERAS y FRANCISCO \u201cPaco\u201d FLAMARIQUE y al pol\u00edtico de altos vuelos ALEJANDRO GUEVARA COBOS.<br \/>\nUn monumental abrazo y que vengan muchos m\u00e1s.<br \/>\nVolveremos, HL\u2026D\u2026M\u2026<br \/>\nCorreo electr\u00f3nico: barre283@hotmail.com<\/p>\n","protected":false},"excerpt":{"rendered":"<p>*SE LES SIGUE DESCUBRIENDO LUJOS *UNA ESTRELLA M\u00c1S A LA FRENTE DE CARMEN LILIA *Pese a que en un primer momento la presidenta CLAUDIA SHEINBAUM, minimiz\u00f3 las declaraciones del pesado narcotraficante ISMAEL \u201cEl Mayo\u201d ZAMBADA, en su audiencia el lunes ante la justicia gringa en territorio estadunidense, donde m\u00e1s, pidiendo pruebas y todo ante la [&hellip;]<\/p>\n","protected":false},"author":1,"featured_media":208752,"comment_status":"closed","ping_status":"closed","sticky":false,"template":"","format":"standard","meta":{"footnotes":""},"categories":[16],"tags":[],"class_list":["post-210260","post","type-post","status-publish","format-standard","has-post-thumbnail","hentry","category-opinion"],"_links":{"self":[{"href":"https:\/\/www.elsinodaldetamaulipas.com.mx\/index.php?rest_route=\/wp\/v2\/posts\/210260","targetHints":{"allow":["GET"]}}],"collection":[{"href":"https:\/\/www.elsinodaldetamaulipas.com.mx\/index.php?rest_route=\/wp\/v2\/posts"}],"about":[{"href":"https:\/\/www.elsinodaldetamaulipas.com.mx\/index.php?rest_route=\/wp\/v2\/types\/post"}],"author":[{"embeddable":true,"href":"https:\/\/www.elsinodaldetamaulipas.com.mx\/index.php?rest_route=\/wp\/v2\/users\/1"}],"replies":[{"embeddable":true,"href":"https:\/\/www.elsinodaldetamaulipas.com.mx\/index.php?rest_route=%2Fwp%2Fv2%2Fcomments&post=210260"}],"version-history":[{"count":1,"href":"https:\/\/www.elsinodaldetamaulipas.com.mx\/index.php?rest_route=\/wp\/v2\/posts\/210260\/revisions"}],"predecessor-version":[{"id":210261,"href":"https:\/\/www.elsinodaldetamaulipas.com.mx\/index.php?rest_route=\/wp\/v2\/posts\/210260\/revisions\/210261"}],"wp:featuredmedia":[{"embeddable":true,"href":"https:\/\/www.elsinodaldetamaulipas.com.mx\/index.php?rest_route=\/wp\/v2\/media\/208752"}],"wp:attachment":[{"href":"https:\/\/www.elsinodaldetamaulipas.com.mx\/index.php?rest_route=%2Fwp%2Fv2%2Fmedia&parent=210260"}],"wp:term":[{"taxonomy":"category","embeddable":true,"href":"https:\/\/www.elsinodaldetamaulipas.com.mx\/index.php?rest_route=%2Fwp%2Fv2%2Fcategories&post=210260"},{"taxonomy":"post_tag","embeddable":true,"href":"https:\/\/www.elsinodaldetamaulipas.com.mx\/index.php?rest_route=%2Fwp%2Fv2%2Ftags&post=210260"}],"curies":[{"name":"wp","href":"https:\/\/api.w.org\/{rel}","templated":true}]}}