{"id":210266,"date":"2025-08-26T22:34:08","date_gmt":"2025-08-27T02:34:08","guid":{"rendered":"https:\/\/www.elsinodaldetamaulipas.com.mx\/?p=210266"},"modified":"2025-08-26T22:34:08","modified_gmt":"2025-08-27T02:34:08","slug":"los-pecados-del-pan","status":"publish","type":"post","link":"https:\/\/www.elsinodaldetamaulipas.com.mx\/?p=210266","title":{"rendered":"LOS PECADOS DEL PAN"},"content":{"rendered":"<div class=\"post-content\">\n<p>La Comuna<\/p>\n<p>&nbsp;<\/p>\n<p>Jos\u00e9 \u00c1ngel Solorio Mart\u00ednez<\/p>\n<p>La oposici\u00f3n panista tamaulipeca, cada vez se ve m\u00e1s disminuida. El cabecismo sigue agonizando, en tanto diversos grupos pretenden levantar esa bandera que tantos triunfos les dio, no despuntan: buscan reagrupar un PAN en el estado, que cada vez es de mayores insignificancias.<br \/>\nLos seguidores de Cabeza de Vaca est\u00e1n desanimados.<br \/>\nY desmoralizados, es decir: sin moral.<br \/>\nEl diputado Ismael Garc\u00eda Cabeza de Vaca, tiene tantas inasistencias al Congreso local como legislador, que no pinta en los debates parlamentarios; ni \u00e9l, ni sus correligionarios que se la pasan descansando en sus curules, recuerdan para qu\u00e9 los puso ah\u00ed su partido.<br \/>\nTriste escenario para los azules.<br \/>\nDesde su Comit\u00e9 Ejecutivo Nacional, hasta el Comit\u00e9 Directivo Estatal, son piezas irrelevantes en el paisaje nacional y local; sus propuestas son de una pobreza pol\u00edtica de pena y sus acciones se tropiezan con una realidad que los rebas\u00f3.<br \/>\nEn forma terca y empecinada, contin\u00faan enfrentando con odio y rabia las pol\u00edticas sociales de la IV T y su Segunda Piso, que no han quitado ni una pluma a sus presidentes, y s\u00ed han sido ubicados como enemigos del pueblo y en algunos casos de traidores a la patria.<br \/>\nLa derecha, es tozuda.<br \/>\nNo quieren entender que lo que puede salvarlos del desastre es moverse al centro, ligeramente a la izquierda, para no verse tan reaccionarios ni radicalmente conservadores.<br \/>\nNo se han ubicado estrat\u00e9gicamente en el espectro pol\u00edtico nacional.<br \/>\nEl gran error hist\u00f3rico del panismo fue entregarse en cuerpo y alma a la defensa y promoci\u00f3n del neoliberalismo. Uno de sus principales personajes que entreg\u00f3 los principios de una derecha moderada y racional, a los grupos anti-nacionales fue Diego Fern\u00e1ndez de Ceballos. El jefe Diego desmantel\u00f3 toda urdimbre partidista democr\u00e1tica, entreg\u00e1ndose al presidente Salinas y convirtiendo la oposici\u00f3n azul, leal a las oligarqu\u00edas imposibilitando cualquier intento de crear un amplio bloque opositor.<br \/>\nTiempo despu\u00e9s llegar\u00eda otro personaje que envilecer\u00eda al PAN y sus pol\u00edticas: Felipe Calder\u00f3n. No s\u00f3lo continu\u00f3 con la demolici\u00f3n del partido; profundiz\u00f3 las pr\u00e1cticas de Fern\u00e1ndez de Ceballos, entregando parte del estado a los grupos antisociales y convirtiendo los Poderes, en extensi\u00f3n de los intereses de los grandes oligarcas mexicanos.<br \/>\nNi uno s\u00f3lo de los grupos panistas del pa\u00eds, ha convocado a la reflexi\u00f3n que requiere tan urgentemente un partido que se desmorona d\u00eda a d\u00eda.<br \/>\nEscuch\u00e9 con mucho inter\u00e9s, en su momento, algunos discursos del panista yucateco, Carlos Castillo Peraza. Como pocos militantes, era un personaje opositor culto y de propuestas racionales. Pausado y sereno, fue el \u00faltimo de los grandes e inteligentes, ide\u00f3logos del PAN.<br \/>\nAhora, tienen aqu\u00ed al Cachorro Cant\u00fa; y all\u00e1, a Marko Cort\u00e9s.<br \/>\nAlgo est\u00e1n pagando los panistas.<\/p>\n<\/div>\n","protected":false},"excerpt":{"rendered":"<p>La Comuna &nbsp; Jos\u00e9 \u00c1ngel Solorio Mart\u00ednez La oposici\u00f3n panista tamaulipeca, cada vez se ve m\u00e1s disminuida. El cabecismo sigue agonizando, en tanto diversos grupos pretenden levantar esa bandera que tantos triunfos les dio, no despuntan: buscan reagrupar un PAN en el estado, que cada vez es de mayores insignificancias. Los seguidores de Cabeza de [&hellip;]<\/p>\n","protected":false},"author":1,"featured_media":208697,"comment_status":"closed","ping_status":"closed","sticky":false,"template":"","format":"standard","meta":{"footnotes":""},"categories":[16],"tags":[],"class_list":["post-210266","post","type-post","status-publish","format-standard","has-post-thumbnail","hentry","category-opinion"],"_links":{"self":[{"href":"https:\/\/www.elsinodaldetamaulipas.com.mx\/index.php?rest_route=\/wp\/v2\/posts\/210266","targetHints":{"allow":["GET"]}}],"collection":[{"href":"https:\/\/www.elsinodaldetamaulipas.com.mx\/index.php?rest_route=\/wp\/v2\/posts"}],"about":[{"href":"https:\/\/www.elsinodaldetamaulipas.com.mx\/index.php?rest_route=\/wp\/v2\/types\/post"}],"author":[{"embeddable":true,"href":"https:\/\/www.elsinodaldetamaulipas.com.mx\/index.php?rest_route=\/wp\/v2\/users\/1"}],"replies":[{"embeddable":true,"href":"https:\/\/www.elsinodaldetamaulipas.com.mx\/index.php?rest_route=%2Fwp%2Fv2%2Fcomments&post=210266"}],"version-history":[{"count":1,"href":"https:\/\/www.elsinodaldetamaulipas.com.mx\/index.php?rest_route=\/wp\/v2\/posts\/210266\/revisions"}],"predecessor-version":[{"id":210267,"href":"https:\/\/www.elsinodaldetamaulipas.com.mx\/index.php?rest_route=\/wp\/v2\/posts\/210266\/revisions\/210267"}],"wp:featuredmedia":[{"embeddable":true,"href":"https:\/\/www.elsinodaldetamaulipas.com.mx\/index.php?rest_route=\/wp\/v2\/media\/208697"}],"wp:attachment":[{"href":"https:\/\/www.elsinodaldetamaulipas.com.mx\/index.php?rest_route=%2Fwp%2Fv2%2Fmedia&parent=210266"}],"wp:term":[{"taxonomy":"category","embeddable":true,"href":"https:\/\/www.elsinodaldetamaulipas.com.mx\/index.php?rest_route=%2Fwp%2Fv2%2Fcategories&post=210266"},{"taxonomy":"post_tag","embeddable":true,"href":"https:\/\/www.elsinodaldetamaulipas.com.mx\/index.php?rest_route=%2Fwp%2Fv2%2Ftags&post=210266"}],"curies":[{"name":"wp","href":"https:\/\/api.w.org\/{rel}","templated":true}]}}