{"id":210268,"date":"2025-08-26T22:35:53","date_gmt":"2025-08-27T02:35:53","guid":{"rendered":"https:\/\/www.elsinodaldetamaulipas.com.mx\/?p=210268"},"modified":"2025-08-26T22:35:53","modified_gmt":"2025-08-27T02:35:53","slug":"apostandole-al-futuro-de-nuevo-laredo","status":"publish","type":"post","link":"https:\/\/www.elsinodaldetamaulipas.com.mx\/?p=210268","title":{"rendered":"APOST\u00c1NDOLE AL FUTURO DE NUEVO LAREDO"},"content":{"rendered":"<div class=\"post-content\">\n<p>#DESDELAFRONTERA<\/p>\n<p>POR #PEDRONATIVIDAD<\/p>\n<p>&nbsp;<\/p>\n<p>Con el reciente anuncio que hizo\u00a0la presidenta municipal de Nuevo Laredo, Carmen Lilia\u00a0Canturosas, sobre la dispersi\u00f3n del primer dep\u00f3sito de la Beca Excelencia Universitaria, confirma que su administraci\u00f3n se dedica a fortalecer la materia prima m\u00e1s valiosa de la ciudad, el talento de su juventud estudiantil.<\/p>\n<p>En esta primera etapa fueron 261 j\u00f3venes universitarios los beneficiados, todos con un promedio superior a 9 de calificaci\u00f3n, a quienes se les otorgaron 4 mil pesos cada uno, sumando una inversi\u00f3n de m\u00e1s de un mill\u00f3n de pesos. El compromiso es que la cifra se duplique con una segunda dispersi\u00f3n, alcanzando un total de 8 mil pesos por estudiante.<\/p>\n<p>El mensaje pol\u00edtico detr\u00e1s de esta acci\u00f3n es claro, mientras otras ciudades todav\u00eda discuten c\u00f3mo enfrentar la deserci\u00f3n escolar y la falta de oportunidades, en Nuevo Laredo se est\u00e1 apostando a reconocer el esfuerzo acad\u00e9mico de quienes no solo estudian, sino que destacan con excelencia.<\/p>\n<p>Pero Carmen Lilia no se detiene ah\u00ed. La alcaldesa record\u00f3 que este apoyo se suma a otros programas como las becas para Educaci\u00f3n Primaria, Educaci\u00f3n Especial y la pr\u00f3xima Beca de Titulaci\u00f3n, que en conjunto representan una red de respaldo directo para miles de familias.<\/p>\n<p>Acciones como estas se convierten en s\u00edmbolos de confianza, pues dejan claro que en Nuevo Laredo el futuro no es una promesa, sino una inversi\u00f3n tangible en los j\u00f3venes que habr\u00e1n de liderar la ciudad en los pr\u00f3ximos a\u00f1os.<\/p>\n<p>OTRO REVES A ISMAEL CABEZA DE VACA<\/p>\n<p>Ismael Garc\u00eda Cabeza de Vaca vuelve a estar en la mira y, como siempre, no por su capacidad pol\u00edtica, sino por sus esc\u00e1ndalos y carencias. Desde que apareci\u00f3 en la escena p\u00fablica, su ascenso ha estado marcado m\u00e1s por el peso de su hermano Francisco Garc\u00eda Cabeza de Vaca, que por m\u00e9ritos propios. Y aunque la familia siempre lo coloc\u00f3 en puestos importantes, nunca ha dejado de dar de qu\u00e9 hablar, primero, como Senador, por sus excesos y su fama de mujeriego, y ahora, como diputado local, por ser el legislador m\u00e1s faltista.<\/p>\n<p>El episodio m\u00e1s reciente raya en el cinismo. El diputado panista intent\u00f3 obtener un amparo para que le justificaran sus constantes ausencias en el Congreso, pero la justicia se lo neg\u00f3. Ante ello, Humberto Prieto Herrera, presidente de la Junta de Gobierno y coordinador de Morena, no pudo contener la burla: \u201cEs el colmo del cinismo. No s\u00e9 si re\u00edr o llorar\u201d, dijo en la llamada Ma\u00f1anera Legislativa.<\/p>\n<p>Prieto fue m\u00e1s all\u00e1 y expuso la contradicci\u00f3n de Ismael Cabeza, quien a pesar de ser el legislador con m\u00e1s faltas se promociona como el m\u00e1s productivo de la 66 Legislatura.<\/p>\n<p>La cr\u00edtica fue contundente: \u201cOjal\u00e1 venga a chambear y deje de poner en verg\u00fcenza a su partido\u201d. Y no le falta raz\u00f3n, pues la historia se repite,\u00a0Ismael sigue la misma ruta de su hermano Francisco, quien en su paso como diputado local tambi\u00e9n fue se\u00f1alado como uno de los m\u00e1s faltistas.<\/p>\n<p>En paralelo, Prieto Herrera anunci\u00f3 que el Congreso ya trabaja en una nueva Ley Interna que pondr\u00e1 lupa en el tema de las inasistencias. Una medida necesaria, porque no puede seguir normaliz\u00e1ndose que diputados que cobran del erario se ausenten con descaro\u2026\u00a0\u00bfQu\u00e9,\u00a0no?\u2026 NOS LEEMOS.<\/p>\n<p>Comentarios\u00a0pedropnatividad@<a href=\"https:\/\/gmail.com\/\" target=\"_blank\" rel=\"noreferrer noopener\">gmail.com<\/a><\/p>\n<\/div>\n","protected":false},"excerpt":{"rendered":"<p>#DESDELAFRONTERA POR #PEDRONATIVIDAD &nbsp; Con el reciente anuncio que hizo\u00a0la presidenta municipal de Nuevo Laredo, Carmen Lilia\u00a0Canturosas, sobre la dispersi\u00f3n del primer dep\u00f3sito de la Beca Excelencia Universitaria, confirma que su administraci\u00f3n se dedica a fortalecer la materia prima m\u00e1s valiosa de la ciudad, el talento de su juventud estudiantil. En esta primera etapa fueron [&hellip;]<\/p>\n","protected":false},"author":1,"featured_media":210167,"comment_status":"closed","ping_status":"closed","sticky":false,"template":"","format":"standard","meta":{"footnotes":""},"categories":[16],"tags":[],"class_list":["post-210268","post","type-post","status-publish","format-standard","has-post-thumbnail","hentry","category-opinion"],"_links":{"self":[{"href":"https:\/\/www.elsinodaldetamaulipas.com.mx\/index.php?rest_route=\/wp\/v2\/posts\/210268","targetHints":{"allow":["GET"]}}],"collection":[{"href":"https:\/\/www.elsinodaldetamaulipas.com.mx\/index.php?rest_route=\/wp\/v2\/posts"}],"about":[{"href":"https:\/\/www.elsinodaldetamaulipas.com.mx\/index.php?rest_route=\/wp\/v2\/types\/post"}],"author":[{"embeddable":true,"href":"https:\/\/www.elsinodaldetamaulipas.com.mx\/index.php?rest_route=\/wp\/v2\/users\/1"}],"replies":[{"embeddable":true,"href":"https:\/\/www.elsinodaldetamaulipas.com.mx\/index.php?rest_route=%2Fwp%2Fv2%2Fcomments&post=210268"}],"version-history":[{"count":1,"href":"https:\/\/www.elsinodaldetamaulipas.com.mx\/index.php?rest_route=\/wp\/v2\/posts\/210268\/revisions"}],"predecessor-version":[{"id":210269,"href":"https:\/\/www.elsinodaldetamaulipas.com.mx\/index.php?rest_route=\/wp\/v2\/posts\/210268\/revisions\/210269"}],"wp:featuredmedia":[{"embeddable":true,"href":"https:\/\/www.elsinodaldetamaulipas.com.mx\/index.php?rest_route=\/wp\/v2\/media\/210167"}],"wp:attachment":[{"href":"https:\/\/www.elsinodaldetamaulipas.com.mx\/index.php?rest_route=%2Fwp%2Fv2%2Fmedia&parent=210268"}],"wp:term":[{"taxonomy":"category","embeddable":true,"href":"https:\/\/www.elsinodaldetamaulipas.com.mx\/index.php?rest_route=%2Fwp%2Fv2%2Fcategories&post=210268"},{"taxonomy":"post_tag","embeddable":true,"href":"https:\/\/www.elsinodaldetamaulipas.com.mx\/index.php?rest_route=%2Fwp%2Fv2%2Ftags&post=210268"}],"curies":[{"name":"wp","href":"https:\/\/api.w.org\/{rel}","templated":true}]}}