{"id":210275,"date":"2025-08-26T22:54:36","date_gmt":"2025-08-27T02:54:36","guid":{"rendered":"https:\/\/www.elsinodaldetamaulipas.com.mx\/?p=210275"},"modified":"2025-08-26T22:54:36","modified_gmt":"2025-08-27T02:54:36","slug":"recesion-economica-en-victoria","status":"publish","type":"post","link":"https:\/\/www.elsinodaldetamaulipas.com.mx\/?p=210275","title":{"rendered":"RECESI\u00d3N ECON\u00d3MICA EN VICTORIA"},"content":{"rendered":"<p>EXPEDIENTE<\/p>\n<p>Azahel Jaramillo H.<\/p>\n<p>&nbsp;<\/p>\n<p><strong>\u00a0 \u00a0 \u00a0 \u00a0 \u00a0 \u00a0 \u00a0\u00bfC\u00f3mo est\u00e1n? Desde hace poco m\u00e1s de un mes\u2013del 10 de julio a la fecha \u2013la econom\u00eda victorense se encuentra en recesi\u00f3n.\u00a0<\/strong><\/p>\n<p><strong>\u00a0 \u00a0 \u00a0 \u00a0 \u00a0 \u00a0 \u00a0 \u00a0Est\u00e1n detenidas actividades como la construcci\u00f3n, ampliaci\u00f3n y mejora de viviendas. Igualmente actividades como la plomer\u00eda, la mec\u00e1nica automotriz, as\u00ed como la venta de art\u00edculos para el hogar como refrigeradores, estufas, y pantallas de televisi\u00f3n se encuentra en pr\u00e1cticamente nula.<\/strong><\/p>\n<p><strong>\u00a0 \u00a0 \u00a0 \u00a0 \u00a0 \u00a0 \u00bfQu\u00e9 es Recesi\u00f3n Econ\u00f3mica? Es el decrecimiento de la actividad comercial y financiera de una naci\u00f3n o\u00a0 regi\u00f3n geogr\u00e1fica\u00a0<\/strong><\/p>\n<p><strong>\u00a0 \u00a0 \u00a0 \u00a0 \u00a0 \u00a0 Una Recesi\u00f3n Econ\u00f3mica es multifactorial. En el caso de una ciudad burocr\u00e1tica y educativa como es Cd. Victoria se debe a la falta, o bien la reducci\u00f3n de gasto gubernamental lo que la ocasiona primordialmente.\u00a0<\/strong><\/p>\n<p><strong>\u00a0 \u00a0 \u00a0 \u00a0 \u00a0 \u00a0 Hay poco movimiento econ\u00f3mico gubernamental. Y esto es algo que no tiene precedente. \u00abDesde que entr\u00e9 a trabajar en Victoria, hace 30 a\u00f1os no ocurr\u00eda esto\u00bb, nos se\u00f1al\u00f3 una empleada administrativa de gobierno.\u00a0<\/strong><\/p>\n<p><strong>\u00a0 \u00a0 \u00a0 \u00a0 \u00a0 \u00a0 \u00a0En esta Recesi\u00f3n, que repito es multifactorial ha que incluir el deterioro en instituciones m\u00e9dicas. As\u00ed debemos tener presente que el Gobierno Federal carece de medicamentos. Esto obliga a\u00a0 los ciudadanos derechohabientes del IMSS y del ISSSTE a recortar gastos familiares diversos para destinarlos a la compra de medicinas, medicinas que en los corruptos gobiernos del PRIAN eran entregadas en las farmacias del IMSS y del ISSSTE, valga la redundancia.<\/strong><\/p>\n<p><strong>\u00a0 \u00a0 \u00a0 \u00a0 \u00a0 Y es que, es lamentable decirlo, pero como lo aprendimos en un viaje a Guanajuato: IMSS significa Importa Madre Su Salud, e ISSSTE significa In\u00fatil Solicitar Servicios Solo Tramitamos Entierros.\u00a0 \u00a0\u00a0<\/strong><\/p>\n<p><strong>\u00a0 \u00a0 \u00a0 \u00a0 \u00a0 \u00a0 \u00a0 \u00a0 LA GOBERNADORA LAYDA SANSORES TIENE 80 A\u00d1OS DE EDAD\u00a0<\/strong><\/p>\n<p><strong>\u00a0 \u00a0 \u00a0 \u00a0 \u00a0 \u00a0Con su cabellera color magenta, semejanza del color del partido Morena, y en evento de visita de presidencial de Claudia Sheinbaum Pardo, tenemos que hace unos d\u00edas la gobernadora de Campeche, Layda Sansores pronunci\u00f3 una frase imperdible y racista. Dijo la gobernadora: \u00abSer mujer, ser ind\u00edgena y ser pobre es lo peor que te puede pasar en la vida\u00bb.\u00a0<\/strong><\/p>\n<p><strong>\u00a0 \u00a0 \u00a0 \u00a0 \u00a0 \u00a0 Para su fortuna , la gobernadora de Campeche nunca en su laaaarga v i d a ha sido pobre. Y es\u00a0 que ella es hija del pol\u00edtico campechano Carlos Sansores P\u00e9rez, quien fue conocido popularmente y en el medio pol\u00edtico como \u00abEl Negro\u00bb. \u00abEl Negro\u00bb Sansores fue gobernador de Campeche, director nacional del ISSSTE y presidente nacional del entonces poderoso Partido Revolucionario Institucional (PRI).\u00a0<\/strong><\/p>\n<p><strong>\u00a0 \u00a0 \u00a0 \u00a0 \u00a0 \u00a0 \u00a0 Por esa lapidaria frase pronunciada en un evento frente a la presidenta Claudia Sheinbaum, andan en estos d\u00edas varias organizaciones feministas descalificando con todo, en forma muy agresiva a esta mujer gobernadora. Yo pienso que est\u00e1n mal los que la censuran. Deber\u00edan estas organizaciones ponerse en su lugar. Y es que la gobernadora, que por cierto es Psic\u00f3loga egresada de la Universidad Nacional Aut\u00f3noma de M\u00e9xico (UNAM) pues esta sometida a diario a un gran stress, que con seguridad sumado a su edad, adem\u00e1s de estar recibiendo acoso nefasto de la prensa,\u00a0 pues hace. le provoca, que sin querer queriendo diga, haga salir den su boca, grandes barbaridades. Hay que se emp\u00e1ticos y comprenderla. La gobernadora acaba de cumplir 80 a\u00f1os de edad este pasado 7 de agosto. Ella naci\u00f3 en la Ciudad de Campeche. Son muchas las presiones diarias que tiene. Hay que ser emp\u00e1ticos, repito. \u00bfVoy bien o me regreso?\u00a0 \u00a0 \u00a0 \u00a0\u00a0<\/strong><\/p>\n<p><strong>\u00a0 \u00a0 \u00a0 \u00a0 \u00a0 \u00a0 \u00a0 \u00a0 EN PUERTA, SEMANA NACIONAL DE SALUD\u00a0<\/strong><\/p>\n<p><strong>\u00a0 \u00a0 \u00a0 \u00a0 \u00a0 \u00a0 \u00a0 \u00a0 \u00a0 Pues ah\u00ed tienen que el sector salud se declar\u00f3 listo para realizar con gran entusiasmo del s\u00e1bado 6 al s\u00e1bnado 13 de septiembre la Semana Nacional de Salud P\u00fablica y sumarse as\u00ed a la convocatoria que el Gobernador Am\u00e9rico Villarreal Anaya hizo a los servidores p\u00fablicos del estasdo, de Nuevo Laredo a Ciudad Madero. para estar atentos al progreso de como la de lucha contra el dengue.<\/strong><\/p>\n<p><strong>Por tal raz\u00f3n el secretario de Salud, Dr. Vicente Joel Hern\u00e1ndez Navarro, dijo que en un esfuerzo conjunto entre el Sector Salud y autoridades municipales, se han intensificado actividades como la jornada realizada en Reynosa, que del 30 de julio a la fecha, se han aplicado cerca de 10 mil dosis de vacunas entre las que destacan la de sarampi\u00f3n, Neumo 13, t\u00e9tanos, hexavalente y rotavirus.<\/strong><\/p>\n<p><strong>\u00a0 \u00a0 \u00a0 \u00a0 \u00a0 \u00a0 \u00a0 \u00a0 \u00a0El Dr. Vicente Joel inform\u00f3 que las bajas coberturas registradas en grupos espec\u00edficos han propiciado la presencia del sarampi\u00f3n y con estas jornadas, se ha logrado una cobertura del 84.7 por ciento de aplicaci\u00f3n de la vacuna SRP a ni\u00f1os y ni\u00f1as de 12 meses.<\/strong><\/p>\n<p><strong>En lo que se refiere a las campa\u00f1as de dengue, mencion\u00f3 que el pasado viernes se realiz\u00f3 un arranque formal en el municipio de Ciudad Madero. Ah\u00ed el Dr. Vicente Joel destac\u00f3 que se trabaja de manera preventiva y a la fecha se tiene un registro de 390 casos de este padecimiento y es en este municipio en donde se registra el mayor n\u00famero de ellos con 112 casos, Tampico con 107 y Matamoros se coloca en el lugar n\u00famero 3 con 70 pacientes.<\/strong><\/p>\n<p><strong>En entrevista con los medios de comunicaci\u00f3n el Dr. Vicente Joel tambi\u00e9n fue cuestionado sobre las acciones que en materia de salud mental ha realizado la dependencia a su cargo. Detall\u00f3 que se cuenta con un programa integral conformado por instituciones de salud, educaci\u00f3n y organizaciones comunitarias con el fin de promover estilos de vida saludables y reducir los factores de riesgo asociados al consumo de sustancias nocivas. NOS VEMOS.<\/strong><\/p>\n<p><a href=\"mailto:azahel_jaramillo@hotmail.com\" target=\"_blank\" rel=\"noreferrer noopener\">azahel_jaramillo@hotmail.com<\/a><\/p>\n","protected":false},"excerpt":{"rendered":"<p>EXPEDIENTE Azahel Jaramillo H. &nbsp; \u00a0 \u00a0 \u00a0 \u00a0 \u00a0 \u00a0 \u00a0\u00bfC\u00f3mo est\u00e1n? Desde hace poco m\u00e1s de un mes\u2013del 10 de julio a la fecha \u2013la econom\u00eda victorense se encuentra en recesi\u00f3n.\u00a0 \u00a0 \u00a0 \u00a0 \u00a0 \u00a0 \u00a0 \u00a0 \u00a0Est\u00e1n detenidas actividades como la construcci\u00f3n, ampliaci\u00f3n y mejora de viviendas. Igualmente actividades como la [&hellip;]<\/p>\n","protected":false},"author":1,"featured_media":208823,"comment_status":"closed","ping_status":"closed","sticky":false,"template":"","format":"standard","meta":{"footnotes":""},"categories":[16],"tags":[],"class_list":["post-210275","post","type-post","status-publish","format-standard","has-post-thumbnail","hentry","category-opinion"],"_links":{"self":[{"href":"https:\/\/www.elsinodaldetamaulipas.com.mx\/index.php?rest_route=\/wp\/v2\/posts\/210275","targetHints":{"allow":["GET"]}}],"collection":[{"href":"https:\/\/www.elsinodaldetamaulipas.com.mx\/index.php?rest_route=\/wp\/v2\/posts"}],"about":[{"href":"https:\/\/www.elsinodaldetamaulipas.com.mx\/index.php?rest_route=\/wp\/v2\/types\/post"}],"author":[{"embeddable":true,"href":"https:\/\/www.elsinodaldetamaulipas.com.mx\/index.php?rest_route=\/wp\/v2\/users\/1"}],"replies":[{"embeddable":true,"href":"https:\/\/www.elsinodaldetamaulipas.com.mx\/index.php?rest_route=%2Fwp%2Fv2%2Fcomments&post=210275"}],"version-history":[{"count":1,"href":"https:\/\/www.elsinodaldetamaulipas.com.mx\/index.php?rest_route=\/wp\/v2\/posts\/210275\/revisions"}],"predecessor-version":[{"id":210276,"href":"https:\/\/www.elsinodaldetamaulipas.com.mx\/index.php?rest_route=\/wp\/v2\/posts\/210275\/revisions\/210276"}],"wp:featuredmedia":[{"embeddable":true,"href":"https:\/\/www.elsinodaldetamaulipas.com.mx\/index.php?rest_route=\/wp\/v2\/media\/208823"}],"wp:attachment":[{"href":"https:\/\/www.elsinodaldetamaulipas.com.mx\/index.php?rest_route=%2Fwp%2Fv2%2Fmedia&parent=210275"}],"wp:term":[{"taxonomy":"category","embeddable":true,"href":"https:\/\/www.elsinodaldetamaulipas.com.mx\/index.php?rest_route=%2Fwp%2Fv2%2Fcategories&post=210275"},{"taxonomy":"post_tag","embeddable":true,"href":"https:\/\/www.elsinodaldetamaulipas.com.mx\/index.php?rest_route=%2Fwp%2Fv2%2Ftags&post=210275"}],"curies":[{"name":"wp","href":"https:\/\/api.w.org\/{rel}","templated":true}]}}