{"id":210280,"date":"2025-08-26T23:02:39","date_gmt":"2025-08-27T03:02:39","guid":{"rendered":"https:\/\/www.elsinodaldetamaulipas.com.mx\/?p=210280"},"modified":"2025-08-26T23:02:39","modified_gmt":"2025-08-27T03:02:39","slug":"el-colmo-del-cinismo","status":"publish","type":"post","link":"https:\/\/www.elsinodaldetamaulipas.com.mx\/?p=210280","title":{"rendered":"EL COLMO DEL CINISMO"},"content":{"rendered":"<div class=\"post-content\">\n<p>Cd. Victoria, Tamaulipas.- Se desatan las bajas pasiones. Pleito eterno<br \/>\nde conservadores contra liberales, prianistas contra morenos por la pr\u00f3xima<br \/>\nreforma pol\u00edtica.<br \/>\nSe les olvida a los opositores que la historia la escriben los vencedores.<br \/>\nEl poder no se comparte. Las mieles no son para los perdedores, si acaso<br \/>\nlas migajas.<br \/>\nVersiones van y vienen. Que los diputados y senadores saldr\u00e1n de una<br \/>\nlista plurinominal; desaparici\u00f3n de los OPLES, reducci\u00f3n del subsidio a los<br \/>\npartidos. Cualquiera entiende que el sistema electoral no puede ser obeso<br \/>\nen un pa\u00eds de pobres. La democracia mexicana es demasiado cara<br \/>\nAl comentarlo la Presidenta Claudia Sheinbaum, es casi seguro que<br \/>\ndesaparecer\u00e1n los Organismos P\u00fablicos locales (OPL), en este caso el<br \/>\nInstituto Electoral de Tamaulipas, h\u00e9roe de mil batallas en los \u00faltimos a\u00f1os.<br \/>\nPor sus butacas han pasado consejeros bur\u00f3cratas de media cuchara,<br \/>\npaleros del sistema, gandallas ambiciosos, aventureros, compadres y hasta<br \/>\nsegundos frentes, aunque tambi\u00e9n personas competentes y honestas.<br \/>\nDe que los altos sueldos han engordado carteras de gente sin perfil,<br \/>\ncapacidad y menos escr\u00fapulos, no hay duda.<br \/>\n\u00bfPor qu\u00e9 desaparecer? Por salud de las finanzas de la naci\u00f3n. Ya no se<br \/>\nnecesitan, representan una carga burocr\u00e1tica. Hay duplicidad de funciones.<br \/>\nEn el Instituto local cobran hoy alrededor de 150 personas. No se ir\u00edan<br \/>\ntodos, los m\u00e1s eficientes tendr\u00edan que integrarse a INEC (Instituto de<br \/>\nElecciones y Consultas) para ayudar a las cargas locales de trabajo.<br \/>\nCumpli\u00f3 con sus fines, como dice el decreto de creaci\u00f3n. Ya no fiscaliza<br \/>\ngastos de los partidos y candidatos, no selecciona las mesas directivas de<br \/>\ncasilla. No elabora el padr\u00f3n o lista de ciudadanos. Su presupuesto tendr\u00eda<br \/>\nque ir a resolver problemas sociales de los paisanos.<br \/>\nProbable tambi\u00e9n que desaparezca el Tribunal Electoral junto con sus 60<br \/>\nplazas. Algunos podr\u00e1n integrarse al TRIFE, instancia que define denuncias<br \/>\ny recursos. Los 50 millones de presupuesto (a 2025) deber\u00e1n ir a resolver<br \/>\nproblemas de sectores vulnerables.<br \/>\nHay varias propuestas para la reforma. Los foros y consultas<br \/>\ncomenzar\u00e1n en octubre con 14 temas b\u00e1sicos en que seguramente<br \/>\nparticipar\u00e1n los tamaulipecos.<br \/>\nCasi seguro que los diputados y senadores ser\u00e1n seleccionados de una<br \/>\nlista plurinominal donde tendr\u00e1n cabida los independientes. El reparto se<br \/>\nhar\u00e1 por votos conquistados. Mismo procedimiento para los diputados<br \/>\nlocales y regidores utilizando el cociente natural y resto mayor.<\/p>\n<p>No est\u00e1 mal que cada ayuntamiento sea integrado con hasta nueve<br \/>\nregidur\u00edas en forma proporcional a la poblaci\u00f3n de cada municipio \u00bfpara<br \/>\nqu\u00e9 24 o m\u00e1s si no hacen nada?.<br \/>\nIntegrar los congresos locales con 15 diputados cuando la poblaci\u00f3n<br \/>\nllegue a un mill\u00f3n de habitantes, y uno m\u00e1s por cada mill\u00f3n adicional.<br \/>\nSaludable reducir en 50 en ciento el subsidio a partidos y apretar en la<br \/>\nfiscalizaci\u00f3n para que el dinero p\u00fablico no se convierta en borracheras.<br \/>\nHablando de diputados, retumba en el Palacio Legislativo la respuesta<br \/>\ncontundente del l\u00edder de la legislatura, Humberto Prieto Herrera, sobre el<br \/>\namparo que solicit\u00f3 el panista Ismael Garc\u00eda Cabeza de Vaca para que le<br \/>\njustifiquen inasistencias a reuniones plenarias.<br \/>\n\u201cEs el colmo del cinismo no venir a chambear y querer sacar amparo<br \/>\npara que le justifiquen las faltas\u201d, respondi\u00f3 Prieto a los reporteros en la<br \/>\nconferencia ma\u00f1anera legislativa.<br \/>\nLa cachetada para el hermano inc\u00f3modo se extendi\u00f3: \u201cQue se ponga a<br \/>\ntrabajar y dejar de poner en verg\u00fcenza a su partido\u201d.<br \/>\nEl fin de semana cundi\u00f3 le negativa de un Juez Federal a concederle<br \/>\nsuspensi\u00f3n a Ismael, para \u201ctumbarle\u201d 41 faltas a 58 sesiones a las que ha<br \/>\nsido convocado. No quiere quit\u00e1rselas porque no le hayan pagado, sino por<br \/>\nla \u201cmancha hist\u00f3rica\u201d que le significan.<br \/>\nNadie le puede quitar lo flojo, huevonazo. Deber\u00edan aplicarle el<br \/>\nreglamento de descuentos por inasistencia, o llamar al suplente.<br \/>\nJunto con Francisco Javier Garc\u00eda, su hermano, ocupan el vergonzoso<br \/>\nr\u00e9cord de faltas a sesiones del Poder Legislativo en toda su historia. El<br \/>\ncinismo de Ismael fue\u00a0querer justificarlas alegando presi\u00f3n alta y \u201cv\u00e9rtigo\u201d.<br \/>\nSon una verg\u00fcenza para el PAN y para Tamaulipas. En cualquier otro<br \/>\ntrabajo ya lo hubieran corrido.<br \/>\nOtro de los campeones de faltas es Vicente Ver\u00e1stegui Ostos, el<br \/>\npresunto secuestrado que cont\u00f3 historias que parecen sacadas de libros de<br \/>\nvaqueros. Tampoco se le descuentan dietas.<br \/>\nEl municipio de Nuevo Laredo inici\u00f3 juicios de embargo por adeudos de<br \/>\nimpuesto predial. En un caso le cobra un mill\u00f3n 400 mil a Do\u00f1a Praxedis<br \/>\nReyes S\u00e1nchez Viuda de Carranza, por un terreno en el rancho El Papalote,<br \/>\ncarretera a Piedras Negras.<br \/>\nOtro caso significativo es el de Gregoria Reyes Caballero, por la suma<br \/>\nde 321 mil pesos, por un predio ubicado en Granjas Econ\u00f3micas No. 2 que<br \/>\ndebe desde el a\u00f1o 2003.<br \/>\nSesi\u00f3n del Instituto Electoral el mi\u00e9rcoles 27. Informes de comisiones y,<br \/>\nmientras desaparece o no, el proyecto por el que se aprueba el manual para<br \/>\nelaborar el presupuesto de egresos del 2026, a\u00f1o no electoral.<br \/>\nEn la antigua Villa de Aguayo, hoy Victoria, el alcalde Lalo Gatt\u00e1s y su<br \/>\nesposa Lucy, entregaron apoyos alimentarios a cuatro mil adultos mayores,<br \/>\ndiscapacitados y mujeres embarazadas, dentro del programa social del DIF.<\/p>\n<\/div>\n","protected":false},"excerpt":{"rendered":"<p>Cd. Victoria, Tamaulipas.- Se desatan las bajas pasiones. Pleito eterno de conservadores contra liberales, prianistas contra morenos por la pr\u00f3xima reforma pol\u00edtica. Se les olvida a los opositores que la historia la escriben los vencedores. El poder no se comparte. Las mieles no son para los perdedores, si acaso las migajas. Versiones van y vienen. [&hellip;]<\/p>\n","protected":false},"author":1,"featured_media":209893,"comment_status":"closed","ping_status":"closed","sticky":false,"template":"","format":"standard","meta":{"footnotes":""},"categories":[16],"tags":[],"class_list":["post-210280","post","type-post","status-publish","format-standard","has-post-thumbnail","hentry","category-opinion"],"_links":{"self":[{"href":"https:\/\/www.elsinodaldetamaulipas.com.mx\/index.php?rest_route=\/wp\/v2\/posts\/210280","targetHints":{"allow":["GET"]}}],"collection":[{"href":"https:\/\/www.elsinodaldetamaulipas.com.mx\/index.php?rest_route=\/wp\/v2\/posts"}],"about":[{"href":"https:\/\/www.elsinodaldetamaulipas.com.mx\/index.php?rest_route=\/wp\/v2\/types\/post"}],"author":[{"embeddable":true,"href":"https:\/\/www.elsinodaldetamaulipas.com.mx\/index.php?rest_route=\/wp\/v2\/users\/1"}],"replies":[{"embeddable":true,"href":"https:\/\/www.elsinodaldetamaulipas.com.mx\/index.php?rest_route=%2Fwp%2Fv2%2Fcomments&post=210280"}],"version-history":[{"count":1,"href":"https:\/\/www.elsinodaldetamaulipas.com.mx\/index.php?rest_route=\/wp\/v2\/posts\/210280\/revisions"}],"predecessor-version":[{"id":210281,"href":"https:\/\/www.elsinodaldetamaulipas.com.mx\/index.php?rest_route=\/wp\/v2\/posts\/210280\/revisions\/210281"}],"wp:featuredmedia":[{"embeddable":true,"href":"https:\/\/www.elsinodaldetamaulipas.com.mx\/index.php?rest_route=\/wp\/v2\/media\/209893"}],"wp:attachment":[{"href":"https:\/\/www.elsinodaldetamaulipas.com.mx\/index.php?rest_route=%2Fwp%2Fv2%2Fmedia&parent=210280"}],"wp:term":[{"taxonomy":"category","embeddable":true,"href":"https:\/\/www.elsinodaldetamaulipas.com.mx\/index.php?rest_route=%2Fwp%2Fv2%2Fcategories&post=210280"},{"taxonomy":"post_tag","embeddable":true,"href":"https:\/\/www.elsinodaldetamaulipas.com.mx\/index.php?rest_route=%2Fwp%2Fv2%2Ftags&post=210280"}],"curies":[{"name":"wp","href":"https:\/\/api.w.org\/{rel}","templated":true}]}}