{"id":210283,"date":"2025-08-26T23:08:38","date_gmt":"2025-08-27T03:08:38","guid":{"rendered":"https:\/\/www.elsinodaldetamaulipas.com.mx\/?p=210283"},"modified":"2025-08-26T23:08:38","modified_gmt":"2025-08-27T03:08:38","slug":"el-cancionero-de-brooklyn","status":"publish","type":"post","link":"https:\/\/www.elsinodaldetamaulipas.com.mx\/?p=210283","title":{"rendered":"EL CANCIONERO DE BROOKLYN"},"content":{"rendered":"<div class=\"post-gallery\"><strong>Cd. Victoria, Tam.-<\/strong>\u00a0Por acuerdo formal entre los dos gobiernos, est\u00e1n exentos de la pena capital los reos mexicanos que fueron incluidos en las dos cuerdas enviadas a Estados Unidos los d\u00edas 27 de febrero y 12 de agosto (55 en total).<\/div>\n<div class=\"post-content\">\n<p>Sin embargo, el compromiso no aplica al caso de personajes como ISMAEL, el \u201cMayo\u201d, ZAMBADA, cuya captura y traslado fue anterior, sin participar nuestra autoridad nacional. Esto permite entender el inter\u00e9s del \u201cMayo\u201d (y sus abogados) por colaborar con la justicia americana, ante la posibilidad real de la pena m\u00e1xima.<\/p>\n<p>De aqu\u00ed la claridad de sus declaraciones, elaboradas con un visible sentido pol\u00edtico, muy al gusto de la fiscal\u00eda gringa, al decir cosas como:<\/p>\n<p>-\u00abLa organizaci\u00f3n que dirig\u00ed promovi\u00f3 la corrupci\u00f3n en mi propio pa\u00eds al pagar a polic\u00edas, comandantes militares y pol\u00edticos que nos permitieron operar libremente. El pago de estos sobornos se remonta a mis inicios (\u2026) y continu\u00f3 durante todos los a\u00f1os de existencia del c\u00e1rtel.\u00bb<\/p>\n<p>Los medios mexicanos tambi\u00e9n otorgan al caso un cariz pol\u00edtico y destacan la actividad corruptora de ZAMBADA durante 45 a\u00f1os (1979-2024). Lo cual involucra a ocho periodos presidenciales, en los que soborn\u00f3 a mandos pol\u00edticos, policiacos y castrenses.<\/p>\n<p><strong>TESTIGO DE LUJO<\/strong><\/p>\n<p>La importancia de ISMAEL para la corte neoyorquina es su antig\u00fcedad en el negocio. Hombre experimentado, puede dar testimonio de casi medio siglo, incluyendo las componendas con las m\u00e1s diversas autoridades.<\/p>\n<p>Lo avala la discreci\u00f3n que observ\u00f3 en sus momentos de gloria. A diferencia de CARO QUINTERO o los ARELLANO F\u00c9LIX, el \u201cMayo\u201d eligi\u00f3 el bajo perfil, lejos de reflectores y peri\u00f3dicos. Y lo hizo con tal \u00e9xito que hasta los presuntos especialistas pensaron por mucho tiempo que el jefe del c\u00e1rtel era el \u201cChapo\u201d.<\/p>\n<p>A excepci\u00f3n de don JULIO SCHERER GARC\u00cdA quien, en vez de entrevistar al \u201cChapo\u201d, abord\u00f3 directamente al verdadero jefe, ISMAEL ZAMBADA.<\/p>\n<p>Aquella c\u00e9lebre portada en la edici\u00f3n 1744 del semanario PROCESO, donde SCHERER aparece junto al l\u00edder supremo del Pac\u00edfico. Reportaje de portada que llev\u00f3 por t\u00edtulo: \u201cEn la guarida del Mayo Zambada, cr\u00f3nica de un encuentro ins\u00f3lito.\u201d<\/p>\n<p>Era abril de 2010. Se observa un \u201cMayo\u201d todav\u00eda atl\u00e9tico, en plenitud, con una playera tipo \u201cpolo\u201d color lila, pantal\u00f3n de mezclilla y cachucha oscura. Rostro colorado, mirando de frente a la c\u00e1mara en gesto retador, la mand\u00edbula echada hacia adelante, bigote y pelo muy negros. Puede hojearse en SCRIBD:\u00a0<a href=\"https:\/\/tinyl.co\/3dAy\" target=\"_blank\" rel=\"noreferrer noopener\">https:\/\/tinyl.co\/3dAy<\/a><\/p>\n<p><strong>DETERIORO F\u00cdSICO<\/strong><\/p>\n<p>Estampa, sin duda, muy distinta al individuo escu\u00e1lido, fantasmal, de tez amarillenta y rostro fatigado que 14 a\u00f1os despu\u00e9s apareci\u00f3 en los medios, el 25 de agosto de 2024, cuando fue raptado por uno de los \u201cchapitos\u201d para entregarlo al gobierno gringo en el aeropuerto de Santa Teresa, Nuevo M\u00e9xico, cerca de El Paso, Texas.<\/p>\n<p>Debilidad que despu\u00e9s luci\u00f3 ISMAEL ante la corte neoyorquina. Deca\u00eddo, ojeroso, confirmando las versiones que reportaban un cuadro de diabetes, a\u00f1adiendo la presencia de \u00e1cido \u00farico en una rodilla, con el consecuente problema de movilidad.<\/p>\n<p>Nacido en El \u00c1lamo, Sinaloa, cumpli\u00f3 77 a\u00f1os el primero de enero pasado. Desde su primera comparecencia, dada la famosa regla 53 de procedimientos criminales que proh\u00edbe tomar fotos en tribunales federales, la ilustraci\u00f3n del juicio qued\u00f3 a cargo de artistas judiciales.<\/p>\n<p>Cronistas del pincel, suelen elaborar r\u00e1pidos bocetos sobre el aspecto que guarda la audiencia y los personajes implicados. Tarea conocida como \u00abcourtroom sketch\u00bb (bosquejo de la corte) que puede verse en este otro link:\u00a0<a href=\"https:\/\/tinyl.co\/3dAx\" target=\"_blank\" rel=\"noreferrer noopener\">https:\/\/tinyl.co\/3dAx<\/a><\/p>\n<p>El retratista debe ser discreto, r\u00e1pido y preciso, con apuntes cercanos al estilo impresionista, por sus econ\u00f3micos manchones de color; contornos apenas sugeridos pero expresivos. Sin tiempo para ser minucioso ni exhaustivo, buscando tan solo capturar el gesto.<\/p>\n<p><strong>COROS DE SALVACI\u00d3N<\/strong><\/p>\n<p>La confesi\u00f3n del \u201cMayo\u201d ser\u00eda, apenas, el principio. Hay un n\u00famero importante de potenciales declarantes que no llegaron en los vuelos de febrero y agosto. Es decir, son susceptibles de condena a muerte y, por l\u00f3gica, los m\u00e1s interesados en declarar lo que sea necesario para salvar sus vidas.<\/p>\n<p>En esa tesitura se encuentran dos de los \u201cChapitos\u201d: (1) OVIDIO GUZM\u00c1N L\u00d3PEZ quien ya acept\u00f3 sus culpas en julio de 2025 ante una corte de Chicago, en espera de sentencia y tambi\u00e9n (2) IV\u00c1N ARCHIVALDO GUZM\u00c1N SALAZAR, capturado del lado americano en 2015, internado en una prisi\u00f3n federal de Nueva York y pendiente de juicio.<\/p>\n<p>Ellos, al igual que ISMAEL ZAMBADA, ser\u00edan francos prospectos a una colaboraci\u00f3n \u00edntima con la justicia, por el camino franco del chivatazo, la delaci\u00f3n. Volverse informantes para salvar el pellejo.<\/p>\n<p>Por cierto, la silla el\u00e9ctrica est\u00e1 en franco desuso. Lo que hoy priva es la inyecci\u00f3n letal con dosis masivas de pentobarbital s\u00f3dico. Barbit\u00farico administrado por v\u00eda intravenosa que provoca la muerte por paro respiratorio y cardiaco en un lapso calculado entre 5 y 20 minutos.<\/p>\n<p>Pero nadie quiere llegar a eso. Sobre todo si tienen informaci\u00f3n importante que involucre a figuras pol\u00edticas y sea de inter\u00e9s para intercambiarla, tal vez, por una cadena perpetua.<\/p>\n<p>Cantar lo necesario, en el volumen y el tono que les indiquen. Este es, precisamente, el temor de quienes cargan culpas al sur del R\u00edo Bravo. Ser alcanzados por alguna melodiosa canci\u00f3n de Brooklyn.<\/p>\n<p>BUZ\u00d3N:\u00a0<a href=\"mailto:lopezarriagamx@gmail.com\" target=\"_blank\" rel=\"noreferrer noopener\">lopezarriagamx@gmail.com<\/a><\/p>\n<p>WEB:\u00a0<a href=\"https:\/\/lopezarriagamx.blogspot.com\/\" target=\"_blank\" rel=\"noreferrer noopener\">http:\/\/lopezarriagamx.blogspot.com<\/a><\/p>\n<\/div>\n","protected":false},"excerpt":{"rendered":"<p>Cd. Victoria, Tam.-\u00a0Por acuerdo formal entre los dos gobiernos, est\u00e1n exentos de la pena capital los reos mexicanos que fueron incluidos en las dos cuerdas enviadas a Estados Unidos los d\u00edas 27 de febrero y 12 de agosto (55 en total). Sin embargo, el compromiso no aplica al caso de personajes como ISMAEL, el \u201cMayo\u201d, [&hellip;]<\/p>\n","protected":false},"author":1,"featured_media":209021,"comment_status":"closed","ping_status":"closed","sticky":false,"template":"","format":"standard","meta":{"footnotes":""},"categories":[16],"tags":[],"class_list":["post-210283","post","type-post","status-publish","format-standard","has-post-thumbnail","hentry","category-opinion"],"_links":{"self":[{"href":"https:\/\/www.elsinodaldetamaulipas.com.mx\/index.php?rest_route=\/wp\/v2\/posts\/210283","targetHints":{"allow":["GET"]}}],"collection":[{"href":"https:\/\/www.elsinodaldetamaulipas.com.mx\/index.php?rest_route=\/wp\/v2\/posts"}],"about":[{"href":"https:\/\/www.elsinodaldetamaulipas.com.mx\/index.php?rest_route=\/wp\/v2\/types\/post"}],"author":[{"embeddable":true,"href":"https:\/\/www.elsinodaldetamaulipas.com.mx\/index.php?rest_route=\/wp\/v2\/users\/1"}],"replies":[{"embeddable":true,"href":"https:\/\/www.elsinodaldetamaulipas.com.mx\/index.php?rest_route=%2Fwp%2Fv2%2Fcomments&post=210283"}],"version-history":[{"count":1,"href":"https:\/\/www.elsinodaldetamaulipas.com.mx\/index.php?rest_route=\/wp\/v2\/posts\/210283\/revisions"}],"predecessor-version":[{"id":210284,"href":"https:\/\/www.elsinodaldetamaulipas.com.mx\/index.php?rest_route=\/wp\/v2\/posts\/210283\/revisions\/210284"}],"wp:featuredmedia":[{"embeddable":true,"href":"https:\/\/www.elsinodaldetamaulipas.com.mx\/index.php?rest_route=\/wp\/v2\/media\/209021"}],"wp:attachment":[{"href":"https:\/\/www.elsinodaldetamaulipas.com.mx\/index.php?rest_route=%2Fwp%2Fv2%2Fmedia&parent=210283"}],"wp:term":[{"taxonomy":"category","embeddable":true,"href":"https:\/\/www.elsinodaldetamaulipas.com.mx\/index.php?rest_route=%2Fwp%2Fv2%2Fcategories&post=210283"},{"taxonomy":"post_tag","embeddable":true,"href":"https:\/\/www.elsinodaldetamaulipas.com.mx\/index.php?rest_route=%2Fwp%2Fv2%2Ftags&post=210283"}],"curies":[{"name":"wp","href":"https:\/\/api.w.org\/{rel}","templated":true}]}}