{"id":210287,"date":"2025-08-27T01:53:24","date_gmt":"2025-08-27T05:53:24","guid":{"rendered":"https:\/\/www.elsinodaldetamaulipas.com.mx\/?p=210287"},"modified":"2025-08-27T01:53:24","modified_gmt":"2025-08-27T05:53:24","slug":"crea-municipio-otro-organo-que-no-servira-para-nada","status":"publish","type":"post","link":"https:\/\/www.elsinodaldetamaulipas.com.mx\/?p=210287","title":{"rendered":"CREA MUNICIPIO OTRO \u00d3RGANO QUE NO SERVIR\u00c1 PARA NADA"},"content":{"rendered":"<p>I N S T A L A C I O N\u00a0 Y\u00a0 P R I M E R A\u00a0 S E S I \u00f3 N\u00a0 D E L\u00a0 S I S T E M A\u00a0 I N T E R S E C T O R I A L\u00a0 M U N I C I P A L\u00a0 D E\u00a0 P R O T E C C I O N\u00a0 Y\u00a0 G E S T I O N\u00a0 I N T E G R A L\u00a0 D E\u00a0 D E R E C H O S\u00a0 D E\u00a0 L A S\u00a0 P E R S O N A S\u00a0 C O N\u00a0 D I S C A P A C I D A D * (As\u00ed el nombre)<\/p>\n<p>&nbsp;<\/p>\n<p><strong><em>Jaime Aguirre\/EL SINODAL DE TAMAULIPAS<\/em><\/strong><\/p>\n<p>&nbsp;<\/p>\n<p>\u00a1Bueno!, Creo qu\u00e9 se trata de apoyar a las personas que sufren alg\u00fan padecimiento f\u00edsico o mental, vale la pena est\u00e9 esfuerzo y ojal\u00e1 que se lleve a cabo, pero porque el af\u00e1n de los pol\u00edticos de complicar las cosas.<\/p>\n<p>&nbsp;<\/p>\n<p>Hasta la persona que toco hacerla de secretaria de acuerdos se le complic\u00f3 el t\u00edtulo &#8216;no sabemos si por lo extenso del mismo, o no le entend\u00eda&#8217; , am\u00e9n de que se le complicaba leer.<\/p>\n<p><img loading=\"lazy\" decoding=\"async\" class=\"aligncenter wp-image-210289 size-full\" src=\"https:\/\/www.elsinodaldetamaulipas.com.mx\/wp-content\/uploads\/2025\/08\/HUEVA-2.jpg\" alt=\"\" width=\"894\" height=\"487\" srcset=\"https:\/\/www.elsinodaldetamaulipas.com.mx\/wp-content\/uploads\/2025\/08\/HUEVA-2.jpg 894w, https:\/\/www.elsinodaldetamaulipas.com.mx\/wp-content\/uploads\/2025\/08\/HUEVA-2-300x163.jpg 300w, https:\/\/www.elsinodaldetamaulipas.com.mx\/wp-content\/uploads\/2025\/08\/HUEVA-2-768x418.jpg 768w\" sizes=\"auto, (max-width: 894px) 100vw, 894px\" \/><\/p>\n<p>\u00c9l Lic. Antonio De Le\u00f3n, Secretario del Ayuntamiento, muy bien y en su papel, exhort\u00f3 a los 43 o 44 miembros del Sistema Intersectorial Municipal De Protecci\u00f3n Y Gesti\u00f3n Integral De Derechos De Las Personas Con Discapacidad, a tomarse en serio esta encomienda, en la que solamente se les tom\u00f3 la protesta.<\/p>\n<p>&nbsp;<\/p>\n<p>\u00ab\u00bb El Gordo\u00bb Eduardo L\u00f3pez Arias, s\u00f3lo estuvo para la foto de inicio y sigui\u00f3 haciendo su \u00abCampa\u00f1a\u00bb, adem\u00e1s de comerse unos cuantos sandwiches, creo que ni protesta tom\u00f3 y no escuch\u00f3 el fofo mensaje del Lic. De Le\u00f3n.<\/p>\n<p>&nbsp;<\/p>\n<p>Nos falta agua, programas de juegos y fen\u00f3menos naturales, \u00bfNo son palabras m\u00e1s sencillas?<\/p>\n","protected":false},"excerpt":{"rendered":"<p>I N S T A L A C I O N\u00a0 Y\u00a0 P R I M E R A\u00a0 S E S I \u00f3 N\u00a0 D E L\u00a0 S I S T E M A\u00a0 I N T E R S E C T O R I A L\u00a0 M U N I C I [&hellip;]<\/p>\n","protected":false},"author":1,"featured_media":210288,"comment_status":"closed","ping_status":"closed","sticky":false,"template":"","format":"standard","meta":{"footnotes":""},"categories":[1,2],"tags":[],"class_list":["post-210287","post","type-post","status-publish","format-standard","has-post-thumbnail","hentry","category-portada","category-reynosa"],"_links":{"self":[{"href":"https:\/\/www.elsinodaldetamaulipas.com.mx\/index.php?rest_route=\/wp\/v2\/posts\/210287","targetHints":{"allow":["GET"]}}],"collection":[{"href":"https:\/\/www.elsinodaldetamaulipas.com.mx\/index.php?rest_route=\/wp\/v2\/posts"}],"about":[{"href":"https:\/\/www.elsinodaldetamaulipas.com.mx\/index.php?rest_route=\/wp\/v2\/types\/post"}],"author":[{"embeddable":true,"href":"https:\/\/www.elsinodaldetamaulipas.com.mx\/index.php?rest_route=\/wp\/v2\/users\/1"}],"replies":[{"embeddable":true,"href":"https:\/\/www.elsinodaldetamaulipas.com.mx\/index.php?rest_route=%2Fwp%2Fv2%2Fcomments&post=210287"}],"version-history":[{"count":1,"href":"https:\/\/www.elsinodaldetamaulipas.com.mx\/index.php?rest_route=\/wp\/v2\/posts\/210287\/revisions"}],"predecessor-version":[{"id":210290,"href":"https:\/\/www.elsinodaldetamaulipas.com.mx\/index.php?rest_route=\/wp\/v2\/posts\/210287\/revisions\/210290"}],"wp:featuredmedia":[{"embeddable":true,"href":"https:\/\/www.elsinodaldetamaulipas.com.mx\/index.php?rest_route=\/wp\/v2\/media\/210288"}],"wp:attachment":[{"href":"https:\/\/www.elsinodaldetamaulipas.com.mx\/index.php?rest_route=%2Fwp%2Fv2%2Fmedia&parent=210287"}],"wp:term":[{"taxonomy":"category","embeddable":true,"href":"https:\/\/www.elsinodaldetamaulipas.com.mx\/index.php?rest_route=%2Fwp%2Fv2%2Fcategories&post=210287"},{"taxonomy":"post_tag","embeddable":true,"href":"https:\/\/www.elsinodaldetamaulipas.com.mx\/index.php?rest_route=%2Fwp%2Fv2%2Ftags&post=210287"}],"curies":[{"name":"wp","href":"https:\/\/api.w.org\/{rel}","templated":true}]}}