{"id":210375,"date":"2025-08-28T20:02:51","date_gmt":"2025-08-29T00:02:51","guid":{"rendered":"https:\/\/www.elsinodaldetamaulipas.com.mx\/?p=210375"},"modified":"2025-08-28T20:02:51","modified_gmt":"2025-08-29T00:02:51","slug":"4t-endurece-su-postura-contra-el-guachicol","status":"publish","type":"post","link":"https:\/\/www.elsinodaldetamaulipas.com.mx\/?p=210375","title":{"rendered":"4T ENDURECE SU POSTURA CONTRA EL GUACHICOL"},"content":{"rendered":"<div class=\"post-content\">\n<p>LA COMUNA<\/p>\n<p>&nbsp;<\/p>\n<p>Jos\u00e9 \u00c1ngel Solorio Mart\u00ednez<\/p>\n<p>Muchos y muy grandes cambios sociopol\u00edt\u00edcos, traer\u00e1 consigo el p\u00fablico deslinde de la IV T con los tristemente c\u00e9lebres barones del guachicol. La abierta acusaci\u00f3n de que grupos antisociales fueron beneficiados con contratos en el Sector Salud, es s\u00f3lo la punta de la madeja.<br \/>\nEl da\u00f1o m\u00e1s inmediato la recibi\u00f3 la red de funcionarios, patrocinados por esos actores hoy en la lupa del aparato de seguridad de la presidencia de la Rep\u00fablica.<br \/>\nEl secretario de salud, Vicente Joel Hern\u00e1ndez se vio temeroso, vulnerable en conferencia de prensa en donde se\u00f1al\u00f3 a los hermanos Carmona en contratos con la dependencia que maneja.<br \/>\nY c\u00f3mo no: durante su gesti\u00f3n, tambi\u00e9n benefici\u00f3 a los se\u00f1ores del guachicol.<br \/>\nSi la senadora Olga Sosa Ruiz ya se ve\u00eda maltrecha en sus aspiraciones, el nuevo escenario de desguachicolizaci\u00f3n del tejido de autoridad, con la embestida directamente contra sus padrinos y financieros hermanos Carmona, parecen esfumarse sus posibilidades para el futuro inmediato.<br \/>\nEl senador Jos\u00e9 Ram\u00f3n G\u00f3mez Leal, est\u00e1 en las mismas que su aliada tampique\u00f1a<br \/>\nJR, beneficiario directo del guachicol que maneja su familia, cada d\u00eda ve m\u00e1s lejos el proyecto de su cu\u00f1ado de hacerlo gobernador.<br \/>\nTodo el peso de esas circunstancias lo tienen desesperado. Est\u00e1 confrontando al gobernador Am\u00e9rico Villarreal Anaya, al igual que su familia.<br \/>\nSe siente con el poder\u00edo suficiente como para medir fuerzas con el Ejecutivo estatal.<br \/>\nQuiz\u00e1 en el pasado estaba en condiciones de jugar a las vencidas con el gobernador; hoy, no.<br \/>\nSu cu\u00f1ado cada vez est\u00e1 m\u00e1s acorralado, y sus padrinos Andy L\u00f3pez Beltr\u00e1n y Augusto Lopez, est\u00e1n sumamente fr\u00e1giles y cada vez m\u00e1s alejados de la presidenta Claudia Sheinbaum.<br \/>\nA ello se suma, la instrucci\u00f3n presidencial del combate del guachicol en todas sus formas.<br \/>\nLo dice el pueblo: al perro m\u00e1s flaco se le cargan las pulgas.<br \/>\nEl JR es el fam\u00e9lico can.<br \/>\nTodos sus soportes en estos momentos est\u00e1n bajo fuego.<br \/>\nSus sue\u00f1os, han sido carbonizados por esas llamas.<br \/>\nLa desdelincuencializaci\u00f3n de la pol\u00edtica tamaulipeca est\u00e1 en marcha.<br \/>\nNo hay c\u00f3mo meter reversa.<br \/>\nEs \u00e9sta, una de las m\u00e1s relevantes decisiones gubernamentales. Desguachicolarse es una medida profil\u00e1ctica que se esperaba desde hace muchos soles.<br \/>\nHabr\u00e1 que esperar que maduren las estrategias de la federaci\u00f3n.<br \/>\nLos vuelcos institucionales profundos, est\u00e1n por venir.<\/p>\n<\/div>\n","protected":false},"excerpt":{"rendered":"<p>LA COMUNA &nbsp; Jos\u00e9 \u00c1ngel Solorio Mart\u00ednez Muchos y muy grandes cambios sociopol\u00edt\u00edcos, traer\u00e1 consigo el p\u00fablico deslinde de la IV T con los tristemente c\u00e9lebres barones del guachicol. La abierta acusaci\u00f3n de que grupos antisociales fueron beneficiados con contratos en el Sector Salud, es s\u00f3lo la punta de la madeja. El da\u00f1o m\u00e1s inmediato [&hellip;]<\/p>\n","protected":false},"author":1,"featured_media":208697,"comment_status":"closed","ping_status":"closed","sticky":false,"template":"","format":"standard","meta":{"footnotes":""},"categories":[16],"tags":[],"class_list":["post-210375","post","type-post","status-publish","format-standard","has-post-thumbnail","hentry","category-opinion"],"_links":{"self":[{"href":"https:\/\/www.elsinodaldetamaulipas.com.mx\/index.php?rest_route=\/wp\/v2\/posts\/210375","targetHints":{"allow":["GET"]}}],"collection":[{"href":"https:\/\/www.elsinodaldetamaulipas.com.mx\/index.php?rest_route=\/wp\/v2\/posts"}],"about":[{"href":"https:\/\/www.elsinodaldetamaulipas.com.mx\/index.php?rest_route=\/wp\/v2\/types\/post"}],"author":[{"embeddable":true,"href":"https:\/\/www.elsinodaldetamaulipas.com.mx\/index.php?rest_route=\/wp\/v2\/users\/1"}],"replies":[{"embeddable":true,"href":"https:\/\/www.elsinodaldetamaulipas.com.mx\/index.php?rest_route=%2Fwp%2Fv2%2Fcomments&post=210375"}],"version-history":[{"count":1,"href":"https:\/\/www.elsinodaldetamaulipas.com.mx\/index.php?rest_route=\/wp\/v2\/posts\/210375\/revisions"}],"predecessor-version":[{"id":210376,"href":"https:\/\/www.elsinodaldetamaulipas.com.mx\/index.php?rest_route=\/wp\/v2\/posts\/210375\/revisions\/210376"}],"wp:featuredmedia":[{"embeddable":true,"href":"https:\/\/www.elsinodaldetamaulipas.com.mx\/index.php?rest_route=\/wp\/v2\/media\/208697"}],"wp:attachment":[{"href":"https:\/\/www.elsinodaldetamaulipas.com.mx\/index.php?rest_route=%2Fwp%2Fv2%2Fmedia&parent=210375"}],"wp:term":[{"taxonomy":"category","embeddable":true,"href":"https:\/\/www.elsinodaldetamaulipas.com.mx\/index.php?rest_route=%2Fwp%2Fv2%2Fcategories&post=210375"},{"taxonomy":"post_tag","embeddable":true,"href":"https:\/\/www.elsinodaldetamaulipas.com.mx\/index.php?rest_route=%2Fwp%2Fv2%2Ftags&post=210375"}],"curies":[{"name":"wp","href":"https:\/\/api.w.org\/{rel}","templated":true}]}}