{"id":210378,"date":"2025-08-28T20:12:58","date_gmt":"2025-08-29T00:12:58","guid":{"rendered":"https:\/\/www.elsinodaldetamaulipas.com.mx\/?p=210378"},"modified":"2025-08-28T20:13:25","modified_gmt":"2025-08-29T00:13:25","slug":"impulsara-gobierno-de-americo-construccion-de-puente-mier-roma","status":"publish","type":"post","link":"https:\/\/www.elsinodaldetamaulipas.com.mx\/?p=210378","title":{"rendered":"IMPULSAR\u00c1 GOBIERNO DE AM\u00c9RICO CONSTRUCCI\u00d3N DE PUENTE MIER-ROMA"},"content":{"rendered":"<div class=\"html-div xdj266r x14z9mp xat24cr x1lziwak xexx8yu xyri2b x18d9i69 x1c1uobl\" dir=\"auto\">\n<div class=\"html-div xdj266r x14z9mp xat24cr x1lziwak xexx8yu xyri2b x18d9i69 x1c1uobl\" data-ad-rendering-role=\"story_message\">\n<div id=\"_R_l9bclkqv5klilipamH2_\" class=\"x1l90r2v x1iorvi4 x1g0dm76 xpdmqnj\" data-ad-comet-preview=\"message\" data-ad-preview=\"message\">\n<div class=\"x78zum5 xdt5ytf xz62fqu x16ldp7u\">\n<div class=\"xu06os2 x1ok221b\">\n<div class=\"html-div xdj266r x14z9mp xat24cr x1lziwak xexx8yu xyri2b x18d9i69 x1c1uobl\">\n<div class=\"xdj266r x14z9mp xat24cr x1lziwak x1vvkbs x126k92a\">\n<div dir=\"auto\">SE\u00d1AL POLITICA<\/div>\n<div dir=\"auto\">POR: ANWAR A. VIVIAN PERALTA<\/div>\n<\/div>\n<div class=\"x14z9mp xat24cr x1lziwak x1vvkbs xtlvy1s x126k92a\">\n<div dir=\"auto\"><\/div>\n<\/div>\n<div class=\"x14z9mp xat24cr x1lziwak x1vvkbs xtlvy1s x126k92a\">\n<div dir=\"auto\">El gobernador AMERICO VILLARREAL ANAYA sostuvo una reuni\u00f3n de trabajo con el mayor de Roma, Texas, JAIME ESCOBAR Jr., con quien se acord\u00f3 impulsar una agenda binacional para la construcci\u00f3n de un nuevo puente internacional entre la ciudad de Mier y Roma, Texas.<\/div>\n<\/div>\n<div class=\"x14z9mp xat24cr x1lziwak x1vvkbs xtlvy1s x126k92a\">\n<div dir=\"auto\">Durante el encuentro celebrado en esta ciudad, el mayor Escobar Jr., dijo que la construcci\u00f3n de un nuevo cruce fronterizo entre ambas poblaciones es un sue\u00f1o de a\u00f1os que podr\u00eda cristalizarse con la disposici\u00f3n y apoyo del gobernador Am\u00e9rico Villarreal Anaya.<\/div>\n<\/div>\n<div class=\"x14z9mp xat24cr x1lziwak x1vvkbs xtlvy1s x126k92a\">\n<div dir=\"auto\">Con la llegada de la Agencia Nacional de Aduanas (ANAM) y la construcci\u00f3n de 15 Estaciones Seguras en la Frontera Grande de Tamaulipas, sumar un paso m\u00e1s entre M\u00e9xico y Estados Unidos detonar\u00eda el desarrollo de esta regi\u00f3n de una forma extraordinaria.<\/div>\n<div dir=\"auto\">\u201cLo apoyamos y respaldamos este gran proyecto binacional\u201d, dijo el gobernador Villarreal Anaya.<\/div>\n<\/div>\n<div class=\"x14z9mp xat24cr x1lziwak x1vvkbs xtlvy1s x126k92a\">\n<div dir=\"auto\">Tanto el mandatario tamaulipeco como el mayor texano acordaron trabajar sobre los estudios de impacto ambiental y el proyecto ejecutivo de esta magna obra.<\/div>\n<div dir=\"auto\">Villarreal Anaya destac\u00f3 que las iniciativas entre las autoridades texanas y tamaulipecas se fortalecen d\u00eda con d\u00eda y que esta obra de comunicaci\u00f3n tiene grandes posibilidades de cristalizarse.<\/div>\n<\/div>\n<div class=\"x14z9mp xat24cr x1lziwak x1vvkbs xtlvy1s x126k92a\">\n<div dir=\"auto\">GOBIERNO DE MIGUEL ALMARAZ INVITA A JORNADA MEDICA Y PROGRAMA DE REGULARIZACION DE LA TIERRA A NUEVO PROGRESO<\/div>\n<\/div>\n<div class=\"x14z9mp xat24cr x1lziwak x1vvkbs xtlvy1s x126k92a\">\n<div dir=\"auto\">EL ALCALDE DE RIO BRAVO, MIGUEL ANGEL ALMARAZ MALDONADO, sigue avanzando con acciones como son una Jornada m\u00e9dica y el programa de asesor\u00eda sobre regularizaci\u00f3n de terrenos en la Villa de Nuevo Progreso inicia este viernes desde las 9 de la ma\u00f1ana a las 14 horas.<\/div>\n<\/div>\n<div class=\"x14z9mp xat24cr x1lziwak x1vvkbs xtlvy1s x126k92a\">\n<div dir=\"auto\">Ser\u00e1 de esta manera que se llevar\u00e1 a cabo una Jornada Integral de Apoyo Social en la explanada e instalaciones de la delegaci\u00f3n de Nuevo Progreso, logrando asi acercar los beneficios a la ciudadan\u00eda y habitantes de la zona rural.<\/div>\n<\/div>\n<div class=\"x14z9mp xat24cr x1lziwak x1vvkbs xtlvy1s x126k92a\">\n<div dir=\"auto\">AQU\u00cd la licenciada YULENI CASTRO, es integrante del equipo de trabajo del departamento de servicios m\u00e9dicos que estar\u00e1n llegando desde temprana hora de este viernes 29 de agosto a dichas instalaciones de la delegaci\u00f3n municipal de Nuevo Progreso ofreciendo las consultas generales, pedi\u00e1tricas, chequeos b\u00e1sicos como toma de presi\u00f3n, talla y peso, adem\u00e1s de vacunaci\u00f3n gratuita, exhortando a los padres a llevar la cartilla de sus menores.<\/div>\n<div dir=\"auto\">Se CONTAR\u00c1 con medicamentos, adem\u00e1s de la revisi\u00f3n dental, limpiezas, extracciones completamente gratuitas adem\u00e1s de contar con atenci\u00f3n en salud a animales.<\/div>\n<\/div>\n<div class=\"x14z9mp xat24cr x1lziwak x1vvkbs xtlvy1s x126k92a\">\n<div dir=\"auto\">Dio a conocer el alcalde MIGUEL ALMARAZ MALDONADO que se estar\u00e1 llevando a cabo asesor\u00eda y atenci\u00f3n en el tema de la tenencia de la tierra.<\/div>\n<div dir=\"auto\">Direcci\u00f3n a cargo de regularizar y apoyar a la comunidad que necesite atender temas de colonias irregulares<\/div>\n<div dir=\"auto\">Que se tiene conocimiento en la direcci\u00f3n de que por lo menos alrededor de 18 colonias se encuentran irregulares.<\/div>\n<\/div>\n<div class=\"x14z9mp xat24cr x1lziwak x1vvkbs xtlvy1s x126k92a\">\n<div dir=\"auto\">VALENTIN ESCALON TORRES, quien es el responsable de la direcci\u00f3n de la tenencia de la tierra Nuevo Progreso, dio a conocer que la obligaci\u00f3n de la direcci\u00f3n es apoyar a dar certeza jur\u00eddica de su patrimonio.<\/div>\n<\/div>\n<div class=\"x14z9mp xat24cr x1lziwak x1vvkbs xtlvy1s x126k92a\">\n<div dir=\"auto\">Cabe mencionar que el trabajo en forma coordinada se encuentra realiz\u00e1ndose con la coordinaci\u00f3n del INSUS, Instituto Nacional del Suelo Sustentable.<\/div>\n<\/div>\n<div class=\"x14z9mp xat24cr x1lziwak x1vvkbs xtlvy1s x126k92a\">\n<div dir=\"auto\">Se ofrecer\u00e1 adem\u00e1s acciones por parte de la secretaria de bienestar social como son en forma gratuita cortes de cabello.<\/div>\n<div dir=\"auto\">Se orientar\u00e1 sobre los tr\u00e1mites de la cartilla militar a los j\u00f3venes menores de 18 a\u00f1os.<\/div>\n<div dir=\"auto\">BUSCA DIPUTADO ABUNDIZ FORTALECER CONECTIVIDAD E INFRAESTRUCTURA<\/div>\n<div dir=\"auto\">En el sur del estado de Tamaulipas, MARCELO ABUNDIZ RAMIREZ donde el diputado del distrito 18 ha marcado una nueva forma de trabajo social y participaci\u00f3n pol\u00edtica.<\/div>\n<\/div>\n<div class=\"x14z9mp xat24cr x1lziwak x1vvkbs xtlvy1s x126k92a\">\n<div dir=\"auto\">ES ASI COMO el legislador alatamirense, dijo que se busca potencializar la conectividad y la infraestructura, que permite el crecimiento econ\u00f3mico y social.<\/div>\n<\/div>\n<div class=\"x14z9mp xat24cr x1lziwak x1vvkbs xtlvy1s x126k92a\">\n<div dir=\"auto\">ANUNCIO que \u201cExiste la posible constituci\u00f3n de un fideicomiso con la secretar\u00eda de infraestructura, comunicaciones y transportes, para la conservaci\u00f3n reconstrucci\u00f3n y ampliaci\u00f3n de un tramo fundamental de la carretera Tampico- El Mante, en el segmento Altamira- Estaci\u00f3n Manuel\u201d.<\/div>\n<\/div>\n<div class=\"x14z9mp xat24cr x1lziwak x1vvkbs xtlvy1s x126k92a\">\n<div dir=\"auto\">NO ES OTRA COSA que buscar que la red carretera sea una realidad y en ese sentido se trabaja en forma coordinada con las diferentes instancias que corresponden.<\/div>\n<\/div>\n<div class=\"x14z9mp xat24cr x1lziwak x1vvkbs xtlvy1s x126k92a\">\n<div dir=\"auto\">Mencion\u00f3 el diputado local por el distrito XVIII \u00abCon un fideicomiso transparente y bien definido, se asegura que los recursos se apliquen de manera ordenada, y con plena rendici\u00f3n de cuentas, por ello este dictamen no solo conlleva el mejoramiento de las v\u00edas carreteras, sino que env\u00eda un mensaje claro a la ciudadan\u00eda que podemos trabajar juntos en proyectos de gran beneficio social donde la prioridad es siempre mejorar la calidad de vida de nuestra gente\u201d.<\/div>\n<\/div>\n<div class=\"x14z9mp xat24cr x1lziwak x1vvkbs xtlvy1s x126k92a\">\n<div dir=\"auto\">ABRE PUERTAS DAMASO ANAYA EN TAMAULIPAS<\/div>\n<\/div>\n<div class=\"x14z9mp xat24cr x1lziwak x1vvkbs xtlvy1s x126k92a\">\n<div dir=\"auto\">EL RECTOR DE LA UAT, Universidad Aut\u00f3noma de Tamaulipas, no cabe duda que ha salido mejor operador pol\u00edtico que otros personajes arribistas del gabinete del gobernador de Tamaulipas.<\/div>\n<div dir=\"auto\">MUY APARTE QUE sea o no de la avanzada o pariente, o simplemente un pol\u00edtico no de la vieja guardia precisamente, se encuentra dando muestras de su habilidad pol\u00edtica y social.<\/div>\n<div dir=\"auto\">DAMASO recuerde amigo lector que fue dirigente de la CNOP, sector pilar del PRI en aquellos a\u00f1os y una organizaci\u00f3n que le permiti\u00f3 acceder a una importante posici\u00f3n dentro del cabildo victorense como regidor en dos ocasiones.<\/div>\n<\/div>\n<div class=\"x14z9mp xat24cr x1lziwak x1vvkbs xtlvy1s x126k92a\">\n<div dir=\"auto\">Hoy por hoy es rector de la Universidad Aut\u00f3noma de Tamaulipas y cuenta con posibilidades de un importante futuro pol\u00edtico en mediano plazo por lo que no hay que perderlo de vista en su traves\u00eda por el estado.<\/div>\n<\/div>\n<div class=\"x14z9mp xat24cr x1lziwak x1vvkbs xtlvy1s x126k92a\">\n<div dir=\"auto\">PROGRAMA DE BACHEO ES PERMANENTE EN SAN FERNANDO: VERONICA AGUIRRE<\/div>\n<\/div>\n<div class=\"x14z9mp xat24cr x1lziwak x1vvkbs xtlvy1s x126k92a\">\n<div dir=\"auto\">El Gobierno Municipal que encabeza la presidenta Ver\u00f3nica Aguirre, a trav\u00e9s del Departamento de Obras P\u00fablicas, contin\u00faa con las labores del programa de bacheo permanente, realizando en esta ocasi\u00f3n trabajos en el acceso norte de la ciudad, sobre la carretera a Matamoros.<\/div>\n<\/div>\n<div class=\"x14z9mp xat24cr x1lziwak x1vvkbs xtlvy1s x126k92a\">\n<div dir=\"auto\">Estas acciones forman parte del plan integral de rehabilitaci\u00f3n y dignificaci\u00f3n de vialidades, cuyo objetivo es mejorar la movilidad urbana y embellecer los accesos principales, que por a\u00f1os estuvieron en el olvido.<\/div>\n<div dir=\"auto\">La administraci\u00f3n municipal invita a la ciudadan\u00eda a conducir con precauci\u00f3n en las zonas de trabajo y a mantener la paciencia mientras se realizan estas acciones que buscan mejorar la movilidad y seguridad vial.<\/div>\n<div dir=\"auto\">Con el firme compromiso de mejorar la infraestructura deportiva y brindar espacios dignos a la ciudadan\u00eda, el Gobierno Municipal de San Fernando llev\u00f3 a cabo la rehabilitaci\u00f3n de los ba\u00f1os sanitarios ubicados en el parque y en las canchas de futbol sint\u00e9tico de la colonia Am\u00e9rico Villarreal.<\/div>\n<\/div>\n<div class=\"x14z9mp xat24cr x1lziwak x1vvkbs xtlvy1s x126k92a\">\n<div dir=\"auto\">Estas acciones permitir\u00e1n que tanto las familias asistentes como los jugadores de las diferentes ligas de futbol cuenten con instalaciones adecuadas y seguras para su uso.<\/div>\n<\/div>\n<div class=\"x14z9mp xat24cr x1lziwak x1vvkbs xtlvy1s x126k92a\">\n<div dir=\"auto\">Los trabajos realizados consistieron en la instalaci\u00f3n de energ\u00eda el\u00e9ctrica, agua con 70 mts. de tuber\u00eda, limpieza, pintura adem\u00e1s de la colocaci\u00f3n de herrajes, llaves mezcladoras, mangueras y chapas en la puerta, garantizando un espacio en mejores condiciones para todos los usuarios, se\u00f1al\u00e1ndose que para mantener en \u00f3ptimas condiciones solo se mantendr\u00e1n abiertos durante los juegos y evitar que sean da\u00f1ados.<\/div>\n<\/div>\n<div class=\"x14z9mp xat24cr x1lziwak x1vvkbs xtlvy1s x126k92a\">\n<div dir=\"auto\">Con estas mejoras, la administraci\u00f3n municipal refrenda su compromiso de seguir impulsando el deporte y ofrecer a la comunidad espacios de recreaci\u00f3n m\u00e1s funcionales y seguros.<\/div>\n<\/div>\n<div class=\"x14z9mp xat24cr x1lziwak x1vvkbs xtlvy1s x126k92a\">\n<div dir=\"auto\">RECORRE ALCALDE GRANADOS PLANTA POTABILIZADORA<\/div>\n<\/div>\n<div class=\"x14z9mp xat24cr x1lziwak x1vvkbs xtlvy1s x126k92a\">\n<div dir=\"auto\">El presidente municipal de Matamoros, BETO GRANADOS, realiz\u00f3 un recorrido por la Planta Potabilizadora No. 1, ubicada en la Colonia Moderna, acompa\u00f1ado por el ingeniero RAUL QUIROGA ALVAREZ, secretario de Recursos Hidr\u00e1ulicos del estado, y miembros del Consejo de la Junta de Aguas. El objetivo de esta visita fue constatar el avance de las obras que buscan modernizar la infraestructura y garantizar un mejor servicio de agua potable a la poblaci\u00f3n.<\/div>\n<\/div>\n<div class=\"x14z9mp xat24cr x1lziwak x1vvkbs xtlvy1s x126k92a\">\n<div dir=\"auto\">Durante la inspecci\u00f3n, se destac\u00f3 la rehabilitaci\u00f3n de los sistemas de filtraci\u00f3n, los cuales est\u00e1n siendo renovados con el reemplazo de falsos fondos tipo Leopold y la colocaci\u00f3n de nuevo material filtrante en ocho filtros. Estas acciones permitir\u00e1n una mejor calidad del agua tratada, as\u00ed como una operaci\u00f3n m\u00e1s eficiente de la planta.<\/div>\n<\/div>\n<div class=\"x14z9mp xat24cr x1lziwak x1vvkbs xtlvy1s x126k92a\">\n<div dir=\"auto\">ENTREGA EDUARDO GATTAS MAS OBRAS EN LA COLONIA LIBERTAD II<\/div>\n<\/div>\n<div class=\"x14z9mp xat24cr x1lziwak x1vvkbs xtlvy1s x126k92a\">\n<div dir=\"auto\">Con obras y hechos, el gobierno de Victoria que preside el alcalde de Victoria LALO GATTAS, contin\u00faa dando respuesta a compromisos y peticiones de habitantes de la Capital de Tamaulipas.<\/div>\n<\/div>\n<div class=\"x14z9mp xat24cr x1lziwak x1vvkbs xtlvy1s x126k92a\">\n<div dir=\"auto\">Est\u00e1 semana, entreg\u00f3 la pavimentaci\u00f3n con carpeta asf\u00e1ltica de 4,167 metros cuadrados de la calle Las Flores en la colonia Libertad II, que conecta la avenida Zeferino Fajardo y D\u00edaz Ordaz en beneficio de 9,551 beneficiarios de ese importante sector. En la colonia Azteca, acudi\u00f3 con su esposa Lucy de Gatt\u00e1s, a dar respuesta a la petici\u00f3n de los vecinos de la calle San Fernando, entre Ahuizotl y Moctezuma, para activar el circuito de alumbrado p\u00fablico donde se instalaron ocho luminarias \u00faltima generaci\u00f3n que demandaban 600 familias.<\/div>\n<\/div>\n<div class=\"x14z9mp xat24cr x1lziwak x1vvkbs xtlvy1s x126k92a\">\n<div dir=\"auto\">Con el secretario de Obras P\u00fablicas del Municipio, EUSEBIO ALFARO, superviso los trabajos de rehabilitaci\u00f3n del puente peatonal Lomas del Santuario, en el que se refuerza la cimentaci\u00f3n de la estructura para que al inicio del pr\u00f3ximo ciclo escolar estudiantes de instituciones de la zona puedan utilizarlo en beneficio de su seguridad.<\/div>\n<div dir=\"auto\">RECONOCERAN IMPORTANCIA DE ADULTOS MAYORES EN REYNOSA<\/div>\n<div dir=\"auto\">Con el prop\u00f3sito de celebrar y reconocer la importancia de los adultos mayores en la sociedad, el Sistema DIF-Reynosa que preside CARLOS LUIS PE\u00d1A, invita a la ciudadan\u00eda, empresarios y agrupaciones de la sociedad civil, a sumarse a la colecta del D\u00eda de los Abuelos, que se llevar\u00e1 a cabo este s\u00e1bado 30 de agosto, en un horario de 9:00 de la ma\u00f1ana a 6:00 de la tarde.<\/div>\n<\/div>\n<div class=\"x14z9mp xat24cr x1lziwak x1vvkbs xtlvy1s x126k92a\">\n<div dir=\"auto\">La actividad se desarrollar\u00e1 en la Casa Hogar del Adulto Mayor, ubicada en calle Asistenciales n\u00famero 620, en el Fraccionamiento Puerta del Sol, donde se recibir\u00e1n: pa\u00f1ales en tallas L, XL y XXL, protectores, toallitas h\u00famedas, regalitos, pantuflas, entre otros productos que contribuyen al cuidado y bienestar de los adultos mayores.<\/div>\n<\/div>\n<div class=\"x14z9mp xat24cr x1lziwak x1vvkbs xtlvy1s x126k92a\">\n<div dir=\"auto\">El Gobierno de Reynosa que encabeza el Alcalde, CARLOS PE\u00d1A ORTIZ, a trav\u00e9s del DIF-Reynosa, hace un llamado a la comunidad para participar en esta noble causa, que busca llevar alegr\u00eda y amor a quienes han entregado su vida y experiencia a la construcci\u00f3n de nuestra sociedad.<\/div>\n<\/div>\n<div class=\"x14z9mp xat24cr x1lziwak x1vvkbs xtlvy1s x126k92a\">\n<div dir=\"auto\">EL EX DIPUTADO<\/div>\n<div dir=\"auto\">ENRIQUE CARDENAS DEL AVELLANO, originario de la capital tamaulipeca, pol\u00edtico, empresario y ex diputado local y federal.<\/div>\n<div dir=\"auto\">Presidente del congreso del estado de Tamaulipas asi como secretario de agricultura y ganader\u00eda en el gobierno del estado, adem\u00e1s de Presidente del comit\u00e9 directivo estatal del Partido Revolucionario Institucional.<\/div>\n<\/div>\n<div class=\"x14z9mp xat24cr x1lziwak x1vvkbs xtlvy1s x126k92a\">\n<div dir=\"auto\">Ha sido un pol\u00edtico sencillo, directo con la comunidad, adem\u00e1s de ser el presidente de la O.R.T., Organizaci\u00f3n Radiof\u00f3nica Tamaulipeca y un connotado empresario tamaulipeco.<\/div>\n<div dir=\"auto\">Fue presidente municipal de Ciudad Victoria asi como un personaje de la comunicaci\u00f3n en la entidad que ha llevado sus empresas con gran acierto, cuenta con el reconocimiento de una importante trayectoria.<\/div>\n<div dir=\"auto\">NUESTRA SOLIDARIDAD<\/div>\n<div dir=\"auto\">ENVIO MI SOLIDARIDAD y condolencia a la familia VIVIAN MOSQUEDA ante el lamentable deceso de la SRA. ANITA MOSQUEDA MARTINEZ VDA. DE VIVIAN, nuestra t\u00eda tambi\u00e9n, descanse en paz.<\/div>\n<div dir=\"auto\">Mi abrazo para sus hijas LEONILA, GUADALUPE (+), BLANCA (+), JUAN, MARTHA, JOSE, LOURDES, SILVIA Y ANA.<\/div>\n<div dir=\"auto\">Ahora ya est\u00e1 reunida con su esposo, DON SANTIAGO VIVIAN (+).<\/div>\n<div dir=\"auto\">NUESTRA solidaridad con nietos, y dem\u00e1s familiares que este jueves le despedir\u00e1n de cuerpo presente.<\/div>\n<div dir=\"auto\">POR OTRA PARTE, ENVIO MI felicitaci\u00f3n este 27 de agosto a ALBERTO RODRIGUEZ, CESAR EMILIO CASTRO, ARMANDO GONZALEZ, IKER AVENDA\u00d1O, ALFONSO URIBE, ZAYDA IRACHETA Y ARMANDO MANCILLA.<\/div>\n<\/div>\n<div class=\"x14z9mp xat24cr x1lziwak x1vvkbs xtlvy1s x126k92a\">\n<div dir=\"auto\">MIENTRAS QUE ESTE 28 de agosto felicito a los abuelitos en dia, ERALIO VILLARREAL, PROFRA. CRISTINA SILVA, GUILLERMO MARTINEZ, BERNABE URIBE MORA.<\/div>\n<div dir=\"auto\">Y nos veremos.<\/div>\n<\/div>\n<\/div>\n<\/div>\n<\/div>\n<\/div>\n<\/div>\n<\/div>\n","protected":false},"excerpt":{"rendered":"<p>SE\u00d1AL POLITICA POR: ANWAR A. VIVIAN PERALTA El gobernador AMERICO VILLARREAL ANAYA sostuvo una reuni\u00f3n de trabajo con el mayor de Roma, Texas, JAIME ESCOBAR Jr., con quien se acord\u00f3 impulsar una agenda binacional para la construcci\u00f3n de un nuevo puente internacional entre la ciudad de Mier y Roma, Texas. Durante el encuentro celebrado en [&hellip;]<\/p>\n","protected":false},"author":1,"featured_media":209541,"comment_status":"closed","ping_status":"closed","sticky":false,"template":"","format":"standard","meta":{"footnotes":""},"categories":[16],"tags":[],"class_list":["post-210378","post","type-post","status-publish","format-standard","has-post-thumbnail","hentry","category-opinion"],"_links":{"self":[{"href":"https:\/\/www.elsinodaldetamaulipas.com.mx\/index.php?rest_route=\/wp\/v2\/posts\/210378","targetHints":{"allow":["GET"]}}],"collection":[{"href":"https:\/\/www.elsinodaldetamaulipas.com.mx\/index.php?rest_route=\/wp\/v2\/posts"}],"about":[{"href":"https:\/\/www.elsinodaldetamaulipas.com.mx\/index.php?rest_route=\/wp\/v2\/types\/post"}],"author":[{"embeddable":true,"href":"https:\/\/www.elsinodaldetamaulipas.com.mx\/index.php?rest_route=\/wp\/v2\/users\/1"}],"replies":[{"embeddable":true,"href":"https:\/\/www.elsinodaldetamaulipas.com.mx\/index.php?rest_route=%2Fwp%2Fv2%2Fcomments&post=210378"}],"version-history":[{"count":1,"href":"https:\/\/www.elsinodaldetamaulipas.com.mx\/index.php?rest_route=\/wp\/v2\/posts\/210378\/revisions"}],"predecessor-version":[{"id":210379,"href":"https:\/\/www.elsinodaldetamaulipas.com.mx\/index.php?rest_route=\/wp\/v2\/posts\/210378\/revisions\/210379"}],"wp:featuredmedia":[{"embeddable":true,"href":"https:\/\/www.elsinodaldetamaulipas.com.mx\/index.php?rest_route=\/wp\/v2\/media\/209541"}],"wp:attachment":[{"href":"https:\/\/www.elsinodaldetamaulipas.com.mx\/index.php?rest_route=%2Fwp%2Fv2%2Fmedia&parent=210378"}],"wp:term":[{"taxonomy":"category","embeddable":true,"href":"https:\/\/www.elsinodaldetamaulipas.com.mx\/index.php?rest_route=%2Fwp%2Fv2%2Fcategories&post=210378"},{"taxonomy":"post_tag","embeddable":true,"href":"https:\/\/www.elsinodaldetamaulipas.com.mx\/index.php?rest_route=%2Fwp%2Fv2%2Ftags&post=210378"}],"curies":[{"name":"wp","href":"https:\/\/api.w.org\/{rel}","templated":true}]}}