{"id":210382,"date":"2025-08-28T20:18:56","date_gmt":"2025-08-29T00:18:56","guid":{"rendered":"https:\/\/www.elsinodaldetamaulipas.com.mx\/?p=210382"},"modified":"2025-08-28T20:18:56","modified_gmt":"2025-08-29T00:18:56","slug":"dos-americos-y-bienestar-a-victoria","status":"publish","type":"post","link":"https:\/\/www.elsinodaldetamaulipas.com.mx\/?p=210382","title":{"rendered":"DOS AM\u00c9RICOS Y BIENESTAR A VICTORIA"},"content":{"rendered":"<div class=\"post-content\">\n<p>Expediente<\/p>\n<p>Azahel Jaramillo<\/p>\n<p>&nbsp;<\/p>\n<p><strong>\u00a0 \u00a0 \u00a0 \u00a0 \u00a0 \u00a0El 1 de junio de 1992 el entonces gobernador Ing. Am\u00e9rico Villarreal Guerra, junto con el presidente Salinas de Gortari en el marco de una visita presidencial inauguraron el Acueducto \u00abGuadalupe Victoria\u00bb para garantizar el abasto de agua a las familias victorenses.<\/strong><\/p>\n<p><strong>\u00a0 \u00a0 \u00a0 \u00a0 \u00a0Justo este mi\u00e9rcoles 27 de agosto, poco m\u00e1s de 33 a\u00f1os con dos meses despu\u00e9s la buena noticia es que acompa\u00f1ado del director general de la Comisi\u00f3n Nacional del Agua (Conagua), Efra\u00edn Morales L\u00f3pez, el gobernador Am\u00e9rico Villarreal Anaya puso en marcha la construcci\u00f3n de la segunda l\u00ednea del acueducto \u201cGuadalupe Victoria\u201d, con una inversi\u00f3n aproximada de mil 800 millones de pesos y que garantizar\u00e1 el abasto de agua por 50 a\u00f1os a las familias victorenses.<\/strong><\/p>\n<p><strong>\u00a0 \u00a0 \u00a0 \u00a0 \u00a0 Vale decir que luego de 33 a\u00f1os ya se puso en marcha esta obra que es uno de los 17 proyectos del Plan Nacional H\u00eddrico que impulsa el Segundo Piso de Cuarta Transformaci\u00f3n.<\/strong><\/p>\n<p><strong>En un evento importante, de plano hist\u00f3rico, en la Planta de Rebombeo No. 1, el gobernador y el director de la Conagua firmaron el convenio de colaboraci\u00f3n para la ejecuci\u00f3n de la segunda l\u00ednea del acueducto de la presa Vicente Guerrero a Ciudad Victoria, el cual comprende 54.7 kil\u00f3metros para disposici\u00f3n y saneamiento del agua para consumo personal y dom\u00e9stico a la ciudadan\u00eda.<\/strong><\/p>\n<p><strong>Am\u00e9rico Villarreal Anaya, con voz clara y tono firme expres\u00f3: \u201cEl tiempo lleg\u00f3 y aqu\u00ed estamos, y me da mucho orgullo y mucha emoci\u00f3n compartir con ustedes que tanto la primera l\u00ednea como la segunda l\u00ednea van a tener ah\u00ed un espacio con un nombre que diga Am\u00e9rico Villarreal, porque dos Am\u00e9ricos Villarreal van a concretar esta obra\u201d, mencion\u00f3, tras evocar el recuerdo de su padre, quien en 1992 puso en operaci\u00f3n la primera l\u00ednea del ducto.<\/strong><\/p>\n<p><strong>En su turno al microfono, el director general de la Conagua, Efra\u00edn Morales, asegur\u00f3 que el gobernador\u00a0 \u201cest\u00e1 haciendo bien las cosas para Tamaulipas\u00bb.<\/strong><\/p>\n<p><strong>\u00a0 \u00a0 \u00a0 \u00a0 \u00a0 \u00a0 \u00a0LUCY Y LALO GATTAS ENTREGAN AP\u00d3YOS ALIMENTARIOS\u00a0<\/strong><\/p>\n<p><strong>\u00a0 \u00a0 \u00a0 Pues ah\u00ed tienen que desde el DIF Victoria, donde se trabaja con voluntad y coraz\u00f3n, la presidenta del sistema Lucy de Gatt\u00e1s y el presidente municipal Lalo Gatt\u00e1s B\u00e1ez entregaron apoyos alimentarios a m\u00e1s de 4 mil adultos mayores , personas con discapacidad, mujeres embarazadas, ni\u00f1as y ni\u00f1os victorenses.<\/strong><\/p>\n<p><strong>\u00a0 \u00a0 \u00a0 \u00a0 \u00a0 En la tercera entrega del programa \u00abVoluntad de Ayudar a las Familias\u00bb , reiteraron el agradecimiento y esfuerzo de la presidenta del sistema DIF Tamaulipas, Mar\u00eda Santiago de Villarreal y del gobierno que preside el Dr. Am\u00e9rico Villarreal Anaya, por su pol\u00edtica humanista de apoyar a las familias que m\u00e1s lo necesitan\u00bb.\u00a0<\/strong><\/p>\n<p><strong>\u00a0 \u00a0 \u00a0 \u00a0 Dijo Lalo Gatt\u00e1s: \u00abLa esencia de este programa es unirnos y tendernos la mano, en el DIF Victoria mientras exista una familia que lo necesite aqu\u00ed seguiremos firmes y comprometidos, trabajando con voluntad y coraz\u00f3n\u00bb.\u00a0<\/strong><\/p>\n<p><strong>\u00a0 \u00a0 \u00a0 \u00a0 \u00a0 \u00a0 \u00a0 \u00a0 GESTIONA RECTOR ACUERDOS PARA FORTALECER UAT<\/strong><\/p>\n<p><strong>\u00a0 \u00a0 \u00a0 \u00a0 \u00a0 \u00a0Decidido a fortalecer el desarrollo acad\u00e9mico de la Universidad Aut\u00f3moma de Tamaulipas, el rector m\u00e9dico D\u00e1maso Leonardo Anaya Alvarado tuvo una reuni\u00f3n de trabajo con autoridades de la Subsecretar\u00eda de Educaci\u00f3n Superior de la Secretar\u00eda de Educaci\u00f3n P\u00fablica (SEP).<\/strong><\/p>\n<p><strong>\u00a0 \u00a0 \u00a0 \u00a0El encuentro cont\u00f3 con la participaci\u00f3n del Dr. Ricardo Villanueva Lomel\u00ed, subsecretario de Educaci\u00f3n Superior; el Dr. Carlos Iv\u00e1n Moreno Arellano,director general de Educaci\u00f3n Superior Universitaria; y la Dra. Blanca Inguanzo Arias, secretaria Tecnica.<\/strong><\/p>\n<p><strong>\u00a0 \u00a0 \u00a0En el encuentro se dej\u00f3 en claro que el fortalecimiento presuuestal permitir\u00e1 avanzar en proyectos estrat\u00e9gicos de investigaci\u00f3n, innovaci\u00f3n y formaci\u00f3n profesional que demanda la sociedad tamaulipeca.<\/strong><\/p>\n<p><strong>\u00a0 \u00a0 \u00a0 \u00a0 \u00a0 \u00a0 \u00a0 \u00a0 \u00a0HASTA EL SABADO ABIERTO REGISTRO EN BIENESTAR FEDERAL\u00a0<\/strong><\/p>\n<p><strong>\u00a0 \u00a0 \u00a0 \u00a0Pues ahi tienen que todavia este s\u00e1bado 30 de agosto lass mujeres tamaulipecas podr\u00e1n acudir a registrarse al programa Pensi\u00f3n Mujeres Bienestar en su ampliaci\u00f3n de 60 a 64 a\u00f1os de edad.e<\/strong><\/p>\n<p><strong>\u00a0 \u00a0 \u00a0 \u00a0 El delegado para el Bienestar de Tamaulipas, el profesor Luis Lauro Reyes Rodr\u00edguez, expres\u00f3 que este tr\u00e1mite puede realizarse en los diversos m\u00f3dulos de atenci\u00f3n ubicados en todo el estado, en un horario de 10 am a 4 de la tarde, siendo necesario acudir con CURP, identificaci\u00f3n oficial vigente, acta de nacimiento, comprobante de domicilio no mayor a seis meses y dos n\u00fameros telefonicos de contacto.\u00a0<\/strong><\/p>\n<p><strong>\u00a0 \u00a0 \u00a0 \u00a0 \u00a0 Las mujeres que logren los requisitos de manera trimestral recibir\u00e1n $3,000 pesos. El registro estuvo abierto desde el 1 de agosto y concluye este 30 de agosto. NOS VEMOS.\u00a0 \u00a0 \u00a0 \u00a0 \u00a0 \u00a0 \u00a0 \u00a0 \u00a0 \u00a0 \u00a0 \u00a0 \u00a0 \u00a0 \u00a0 \u00a0 \u00a0 \u00a0 \u00a0 \u00a0 \u00a0 \u00a0 \u00a0\u00a0<\/strong><\/p>\n<p><strong>hel Jaramillo Hernandez,<\/strong><\/p>\n<p><a href=\"mailto:azahel_jaramillo@hotmail.com\" target=\"_blank\" rel=\"noreferrer noopener\">azahel_jaramillo@hotmail.com<\/a><\/p>\n<\/div>\n","protected":false},"excerpt":{"rendered":"<p>Expediente Azahel Jaramillo &nbsp; \u00a0 \u00a0 \u00a0 \u00a0 \u00a0 \u00a0El 1 de junio de 1992 el entonces gobernador Ing. Am\u00e9rico Villarreal Guerra, junto con el presidente Salinas de Gortari en el marco de una visita presidencial inauguraron el Acueducto \u00abGuadalupe Victoria\u00bb para garantizar el abasto de agua a las familias victorenses. \u00a0 \u00a0 \u00a0 \u00a0 [&hellip;]<\/p>\n","protected":false},"author":1,"featured_media":208823,"comment_status":"closed","ping_status":"closed","sticky":false,"template":"","format":"standard","meta":{"footnotes":""},"categories":[16],"tags":[],"class_list":["post-210382","post","type-post","status-publish","format-standard","has-post-thumbnail","hentry","category-opinion"],"_links":{"self":[{"href":"https:\/\/www.elsinodaldetamaulipas.com.mx\/index.php?rest_route=\/wp\/v2\/posts\/210382","targetHints":{"allow":["GET"]}}],"collection":[{"href":"https:\/\/www.elsinodaldetamaulipas.com.mx\/index.php?rest_route=\/wp\/v2\/posts"}],"about":[{"href":"https:\/\/www.elsinodaldetamaulipas.com.mx\/index.php?rest_route=\/wp\/v2\/types\/post"}],"author":[{"embeddable":true,"href":"https:\/\/www.elsinodaldetamaulipas.com.mx\/index.php?rest_route=\/wp\/v2\/users\/1"}],"replies":[{"embeddable":true,"href":"https:\/\/www.elsinodaldetamaulipas.com.mx\/index.php?rest_route=%2Fwp%2Fv2%2Fcomments&post=210382"}],"version-history":[{"count":1,"href":"https:\/\/www.elsinodaldetamaulipas.com.mx\/index.php?rest_route=\/wp\/v2\/posts\/210382\/revisions"}],"predecessor-version":[{"id":210383,"href":"https:\/\/www.elsinodaldetamaulipas.com.mx\/index.php?rest_route=\/wp\/v2\/posts\/210382\/revisions\/210383"}],"wp:featuredmedia":[{"embeddable":true,"href":"https:\/\/www.elsinodaldetamaulipas.com.mx\/index.php?rest_route=\/wp\/v2\/media\/208823"}],"wp:attachment":[{"href":"https:\/\/www.elsinodaldetamaulipas.com.mx\/index.php?rest_route=%2Fwp%2Fv2%2Fmedia&parent=210382"}],"wp:term":[{"taxonomy":"category","embeddable":true,"href":"https:\/\/www.elsinodaldetamaulipas.com.mx\/index.php?rest_route=%2Fwp%2Fv2%2Fcategories&post=210382"},{"taxonomy":"post_tag","embeddable":true,"href":"https:\/\/www.elsinodaldetamaulipas.com.mx\/index.php?rest_route=%2Fwp%2Fv2%2Ftags&post=210382"}],"curies":[{"name":"wp","href":"https:\/\/api.w.org\/{rel}","templated":true}]}}