{"id":210384,"date":"2025-08-28T20:24:56","date_gmt":"2025-08-29T00:24:56","guid":{"rendered":"https:\/\/www.elsinodaldetamaulipas.com.mx\/?p=210384"},"modified":"2025-08-28T20:24:56","modified_gmt":"2025-08-29T00:24:56","slug":"inauguran-cbtis-302-de-reynosa","status":"publish","type":"post","link":"https:\/\/www.elsinodaldetamaulipas.com.mx\/?p=210384","title":{"rendered":"INAUGURAN CBTIS 302 DE REYNOSA"},"content":{"rendered":"<div class=\"post-content\">\n<p>\u201cComo dice el se\u00f1or gobernador Am\u00e9rico Villarreal Anaya, y en repetidas<br \/>\nocasiones, que en Tamaulipas vamos avanzando y en esta ocasi\u00f3n en materia<br \/>\neducativa\u201d, previo al arranque del nuevo ciclo escolar 2025\u20132026. Tan es as\u00ed que<br \/>\neste viernes 29 de agosto, antes del medio d\u00eda, estar\u00e1 por ah\u00ed el secretario de<br \/>\nEducaci\u00f3n P\u00fablica, el Maestro\u00a0Mario Delgado Carrillo, quien realiza su primera<br \/>\nvisita por nuestro estado como funcionario federal de este sexenio de la Dra.<br \/>\nClaudia Sheinbaum Pardo.<br \/>\nQue estar\u00e1 en la inauguraci\u00f3n oficial del nuevo CBTis 302, ubicado en el<br \/>\nfraccionamiento Vista Alta;\u00a0obviamente acompa\u00f1ando al gobernador Am\u00e9rico<br \/>\nVillarreal Anaya, quien ser\u00e1 el responsable de instalar la primera piedra de este<br \/>\nplantel educativo que ofrece ya tres especialidades t\u00e9cnicas innovadoras<br \/>\ncomo:\u00a0Inteligencia Artificial, Rob\u00f3tica y Automatizaci\u00f3n, y Semiconductores y<br \/>\nMicroelectr\u00f3nica. Que son nuevas oportunidades de educaci\u00f3n de este nuevo<br \/>\nsiglo XXI.<br \/>\nSeg\u00fan datos oficiales, este nuevo plantel est\u00e1 construido con un<br \/>\npresupuesto superior a los 29.9 Millones de Pesos para beneficio de m\u00e1s de 1,000<br \/>\nfamilias, contando con 7 aulas did\u00e1cticas equipadas, edificio administrativo, caseta<br \/>\nde vigilancia, laboratorio y plaza c\u00edvica, entre otras instalaciones.<br \/>\nQue a la inauguraci\u00f3n seguramente estar\u00e1 presente el Secretario de<br \/>\nEducaci\u00f3n de Tamaulipas, Miguel \u00c1ngel Valdez Garc\u00eda, as\u00ed como Olegario Mu\u00f1iz<br \/>\nCura, Comisionado de la DGETI en Tamaulipas, entre otras autoridades educativas y representantes sindicales de la Secci\u00f3n 30 del SNTE, como el nativo de Reynosa, Profesor Jorge<br \/>\nGuadalupe Acu\u00f1a Tov\u00edas.<br \/>\nQue despu\u00e9s de ah\u00ed el funcionario federal asistir\u00e1 a un Consejo T\u00e9cnico<br \/>\nEscolar, para constatar los trabajos relacionados con la fase intensiva del CTE y<br \/>\ndonde las maestras y maestros se actualizar\u00e1n para el arranque de clases el<br \/>\npr\u00f3ximo lunes 1 de septiembre.<br \/>\nPor lo que se presagian buenos tiempos para Tamaulipas, pues le ha<br \/>\nllegado la hora en la educaci\u00f3n. Puesto que hemos trabajado intensamente en<br \/>\neste per\u00edodo de receso vacacional para recibir e iniciar el nuevo ciclo escolar<br \/>\n2025\u20132026, indic\u00f3 Miguel \u00c1ngel Valdez Garc\u00eda, titular de ramo en la entidad.<br \/>\nNOTAS CORTAS<\/p>\n<p>1.- Con la finalidad de garantizar vialidades ordenadas y seguras, el<br \/>\nGobierno Municipal de Ciudad Victoria, contin\u00faa con las labores de bacheo y<br \/>\nlimpieza en distintos sectores de la ciudad. Siguiendo las indicaciones del alcalde<br \/>\nLalo Gatt\u00e1s, personal de los departamentos de Servicios P\u00fablicos y otros, han<br \/>\nreforzado las acciones en las distintas colonias del municipio, respondiendo a las<br \/>\nnecesidades de la ciudadan\u00eda.<br \/>\n2.- buena chamba es la que hace el alcalde de Casas, Beto Hinojosa, ayer<br \/>\narranc\u00f3 la rehabilitaci\u00f3n del camino en el Ejido Gonz\u00e1lez, una de las comunidades<br \/>\nm\u00e1s alejadas y hasta all\u00e1 se nota la presencia de este gobierno de la<br \/>\ntransformaci\u00f3n, pero lo hace con todo el respaldo del gobernador Am\u00e9rico<br \/>\nVillarreal Anaya, por lo que con esta obra se mejora la conexi\u00f3n entre ejidos y se<br \/>\nfacilita los accesos para llegar a cada rinc\u00f3n de Casas. Bien por el joven alcalde y<br \/>\ndice que va por m\u00e1s en su municipio.<br \/>\nPor hoy es todo, en la pr\u00f3xima seguiremos dialogando del acontecer<br \/>\npol\u00edtico tamaulipeco.<\/p>\n<\/div>\n","protected":false},"excerpt":{"rendered":"<p>\u201cComo dice el se\u00f1or gobernador Am\u00e9rico Villarreal Anaya, y en repetidas ocasiones, que en Tamaulipas vamos avanzando y en esta ocasi\u00f3n en materia educativa\u201d, previo al arranque del nuevo ciclo escolar 2025\u20132026. Tan es as\u00ed que este viernes 29 de agosto, antes del medio d\u00eda, estar\u00e1 por ah\u00ed el secretario de Educaci\u00f3n P\u00fablica, el Maestro\u00a0Mario [&hellip;]<\/p>\n","protected":false},"author":1,"featured_media":210109,"comment_status":"closed","ping_status":"closed","sticky":false,"template":"","format":"standard","meta":{"footnotes":""},"categories":[16],"tags":[],"class_list":["post-210384","post","type-post","status-publish","format-standard","has-post-thumbnail","hentry","category-opinion"],"_links":{"self":[{"href":"https:\/\/www.elsinodaldetamaulipas.com.mx\/index.php?rest_route=\/wp\/v2\/posts\/210384","targetHints":{"allow":["GET"]}}],"collection":[{"href":"https:\/\/www.elsinodaldetamaulipas.com.mx\/index.php?rest_route=\/wp\/v2\/posts"}],"about":[{"href":"https:\/\/www.elsinodaldetamaulipas.com.mx\/index.php?rest_route=\/wp\/v2\/types\/post"}],"author":[{"embeddable":true,"href":"https:\/\/www.elsinodaldetamaulipas.com.mx\/index.php?rest_route=\/wp\/v2\/users\/1"}],"replies":[{"embeddable":true,"href":"https:\/\/www.elsinodaldetamaulipas.com.mx\/index.php?rest_route=%2Fwp%2Fv2%2Fcomments&post=210384"}],"version-history":[{"count":1,"href":"https:\/\/www.elsinodaldetamaulipas.com.mx\/index.php?rest_route=\/wp\/v2\/posts\/210384\/revisions"}],"predecessor-version":[{"id":210385,"href":"https:\/\/www.elsinodaldetamaulipas.com.mx\/index.php?rest_route=\/wp\/v2\/posts\/210384\/revisions\/210385"}],"wp:featuredmedia":[{"embeddable":true,"href":"https:\/\/www.elsinodaldetamaulipas.com.mx\/index.php?rest_route=\/wp\/v2\/media\/210109"}],"wp:attachment":[{"href":"https:\/\/www.elsinodaldetamaulipas.com.mx\/index.php?rest_route=%2Fwp%2Fv2%2Fmedia&parent=210384"}],"wp:term":[{"taxonomy":"category","embeddable":true,"href":"https:\/\/www.elsinodaldetamaulipas.com.mx\/index.php?rest_route=%2Fwp%2Fv2%2Fcategories&post=210384"},{"taxonomy":"post_tag","embeddable":true,"href":"https:\/\/www.elsinodaldetamaulipas.com.mx\/index.php?rest_route=%2Fwp%2Fv2%2Ftags&post=210384"}],"curies":[{"name":"wp","href":"https:\/\/api.w.org\/{rel}","templated":true}]}}