{"id":210386,"date":"2025-08-28T20:28:37","date_gmt":"2025-08-29T00:28:37","guid":{"rendered":"https:\/\/www.elsinodaldetamaulipas.com.mx\/?p=210386"},"modified":"2025-08-28T20:28:50","modified_gmt":"2025-08-29T00:28:50","slug":"cuantos-noronas-en-tamaulipas","status":"publish","type":"post","link":"https:\/\/www.elsinodaldetamaulipas.com.mx\/?p=210386","title":{"rendered":"\u00bfCU\u00c1NTOS \u00abNORO\u00d1AS\u00bb EN TAMAULIPAS&#8230;?"},"content":{"rendered":"<div class=\"post-content\">\n<p>La cerraz\u00f3n mostrada ante medios de comunicaci\u00f3n locales por el Director de la CONAGUA, EFRAIN MORALES L\u00d3PEZ, en su relampagueante visita a la capital del estado, para encabezar el arranque del acueducto de la presa Vicente Guerrero a la ciudad, evidenci\u00f3 el desinter\u00e9s que tiene el Gobierno Federal en el delicado tema de falta de agua en presas y r\u00edos del norte de la entidad y el \u00fanico compromiso de satisfacer con el trasvase al vecino pa\u00eds del norte.<\/p>\n<p>Al funcionario tampoco le mereci\u00f3 citar el conflicto que se advierte con el pa\u00eds vecino y evit\u00f3 aludirlo durante su discurso t\u00e9cnico, pese a los unilaterales env\u00edos que se han hecho del vital l\u00edquido, sin tomar en cuenta el reclamo de productores agr\u00edcolas.<\/p>\n<p>Mientras el funcionario hizo como que cumpli\u00f3 son su visita, se tom\u00f3 las fotos y sonri\u00f3 complacido, la poblaci\u00f3n fronteriza de Tamaulipas, parte de Coahuila y Nuevo Le\u00f3n se mantienen en alerta y dispuesta a defender el l\u00edquido que, sin importar los tratados bilaterales, se han enviado clandestinamente para no hacer enojar al presidente gringo.<\/p>\n<p>UNA TRAS\u2026LE LLEGA EL FUEGO A LOS APAREJOS AL CABEZON\u2026Era obvio que el malandro ex gobernador de Tamaulipas, FRANCISCO GARCIA CABEZA DE VACA, negar\u00eda el millonario quebranto durante su gesti\u00f3n en la que tuvieron que ver funcionarios de su gobierno y afect\u00f3 gravemente al sistema de salud.<\/p>\n<p>La denuncia presentada en su contra, la titular de salud y tres funcionarios menores lo sac\u00f3 de sus casillas y, como es su estilo, reparti\u00f3 culpas desde su escondite.<\/p>\n<p>Al malandro de CABEZA DE VACA, le incomod\u00f3 que se les vinculara, a \u00e9l y varios de sus ex colaboradores, a los hermanos CARMONA y varias empresas con las que el panista mantuvo relaci\u00f3n y se benefici\u00f3 econ\u00f3micamente.<\/p>\n<p>Como delincuente que es lanz\u00f3 lodo a todos lados y en la comodidad del destierro calific\u00f3 de distractores los se\u00f1alamientos que ahora lo ponen en el ojo del hurac\u00e1n y podr\u00edan por fin llevarlo a juicio, debiendo explicar el origen de su inmensa fortuna y fastuosas propiedades obtenidas en la agon\u00eda de su gobierno.<\/p>\n<p>1.-UNA TRAS\u2026SOMOS M\u00c9XICO MX SER\u00c1 PARTIDO NACIONAL\u2026Somos M\u00e9xico Mx, busca constituirse en partido pol\u00edtico nacional y para ello deber\u00e1 cumplir con la realizaci\u00f3n de 200 asambleas, como se los ha requerido el Instituto Nacional Electoral y de las cuales ya ha concretado con 87, revel\u00f3 aqu\u00ed su Delegado en Tamaulipas, Nuevo Le\u00f3n y Coahuila, BRANDOS CISNEROS.<\/p>\n<p>En conferencia de prensa sus representantes, JOAQUIN HERNANDEZ CORREA, en Madero, MAURICIO DE ALEJANDRO, de Reynosa y, LUIS ALBERTO S\u00c1NCHEZ G\u00d3MEZ, de R\u00edo Bravo, se\u00f1alaron que en el caso de Tamaulipas se requieren llevar a cabo ocho Asambleas distritales, hasta el momento ya se efectuaron tres en Tampico, Madero, R\u00edo Bravo, este domingo tocar\u00e1 el turno en Victoria a las 11:00 horas en el Hobby Gran Sal\u00f3n.<\/p>\n<p>BRANDON CISNEROS dijo que est\u00e1n buscando conformarse como un nuevo partido en el pa\u00eds y dej\u00f3 en claro que no est\u00e1n siendo financiados por el ex gobernador de Tamaulipas, FRANCISCO GARCIA CABEZA DE VACA, quien busca retornar e influir en el tema electoral en el 2027 y 2028.<\/p>\n<p>\u201cDetr\u00e1s de nosotros est\u00e1n los ciudadanos, y claro que en ocasiones en pol\u00edtica uno tiene amigos, y tiene compa\u00f1eros y tiene conocidos, es parte de ser una persona social y de ser inmiscuido con distintos personajes, una cuesti\u00f3n es el apoyo pol\u00edtico y otra es el apoyo personal\u201d expres\u00f3.<\/p>\n<p>2.-UNA TRAS\u2026LOS CARMONIZADOS DE TAMAULIPAS Y SAN LUIS POTOSI\u2026Si ya le hab\u00eda bajado dos rayitas a su desenfrenada y anticipada promoci\u00f3n electoral, la Senadora de origen priista y estrechamente vinculada con el ex gobernador del PAN, FRANCISCO GARCIA CABEZA DE VACA, se vio en la imperante de pausar sus apariciones en distintas zonas del estado sin que mediara invitaci\u00f3n alguna.<\/p>\n<p>OLGA SOSA RUIZ, al igual que, ERASMO GONZALEZ ROBLEDO y ARMANDO MARTINEZ MANRIQUEZ, ya no encuentran la puerta, sus nombres est\u00e1n ligados a personajes del guachicol, el tufo los delata a kil\u00f3metros de distancia, algunos ya utilizan el recurso obtenido, pero se busca recuperar antes de que lo agoten.<\/p>\n<p>Tampoco se puede decir limpio el hambriento senador por la candidatura al gobierno de Tamaulipas, JOSE RAM\u00d3N G\u00d3MEZ LEAL, sus ganancias econ\u00f3micas son a\u00f1ejas, producto de la actividad de su familia, en Reynosa y sus entornos habitantes bien que lo saben y lo platican con los pelos en la mano.<\/p>\n<p>Confiada se muestra, MAKY ORTIZ DOMINGUEZ, supone que arropada por el PVEM y su administrador, MANUEL MU\u00d1OZ CANO y el ex gobernador, EUGENIO HERNANDEZ FLORES, ser\u00e1 m\u00e1s que suficiente para agenciarse la candidatura y llegar a convertirse en gobernadora, supone que los tamaulipecos carecen de memoria y se olvidar\u00e1n del saqueo a mansalva que llevaron a cabo y lo siguen haciendo de las arcas de Reynosa.<br \/>\nCOMENTARIOS<br \/>\nJesusher63@hotmail.com<br \/>\ncntnotas@hotmail.com<\/p>\n<\/div>\n","protected":false},"excerpt":{"rendered":"<p>La cerraz\u00f3n mostrada ante medios de comunicaci\u00f3n locales por el Director de la CONAGUA, EFRAIN MORALES L\u00d3PEZ, en su relampagueante visita a la capital del estado, para encabezar el arranque del acueducto de la presa Vicente Guerrero a la ciudad, evidenci\u00f3 el desinter\u00e9s que tiene el Gobierno Federal en el delicado tema de falta de [&hellip;]<\/p>\n","protected":false},"author":1,"featured_media":209115,"comment_status":"closed","ping_status":"closed","sticky":false,"template":"","format":"standard","meta":{"footnotes":""},"categories":[16],"tags":[],"class_list":["post-210386","post","type-post","status-publish","format-standard","has-post-thumbnail","hentry","category-opinion"],"_links":{"self":[{"href":"https:\/\/www.elsinodaldetamaulipas.com.mx\/index.php?rest_route=\/wp\/v2\/posts\/210386","targetHints":{"allow":["GET"]}}],"collection":[{"href":"https:\/\/www.elsinodaldetamaulipas.com.mx\/index.php?rest_route=\/wp\/v2\/posts"}],"about":[{"href":"https:\/\/www.elsinodaldetamaulipas.com.mx\/index.php?rest_route=\/wp\/v2\/types\/post"}],"author":[{"embeddable":true,"href":"https:\/\/www.elsinodaldetamaulipas.com.mx\/index.php?rest_route=\/wp\/v2\/users\/1"}],"replies":[{"embeddable":true,"href":"https:\/\/www.elsinodaldetamaulipas.com.mx\/index.php?rest_route=%2Fwp%2Fv2%2Fcomments&post=210386"}],"version-history":[{"count":2,"href":"https:\/\/www.elsinodaldetamaulipas.com.mx\/index.php?rest_route=\/wp\/v2\/posts\/210386\/revisions"}],"predecessor-version":[{"id":210388,"href":"https:\/\/www.elsinodaldetamaulipas.com.mx\/index.php?rest_route=\/wp\/v2\/posts\/210386\/revisions\/210388"}],"wp:featuredmedia":[{"embeddable":true,"href":"https:\/\/www.elsinodaldetamaulipas.com.mx\/index.php?rest_route=\/wp\/v2\/media\/209115"}],"wp:attachment":[{"href":"https:\/\/www.elsinodaldetamaulipas.com.mx\/index.php?rest_route=%2Fwp%2Fv2%2Fmedia&parent=210386"}],"wp:term":[{"taxonomy":"category","embeddable":true,"href":"https:\/\/www.elsinodaldetamaulipas.com.mx\/index.php?rest_route=%2Fwp%2Fv2%2Fcategories&post=210386"},{"taxonomy":"post_tag","embeddable":true,"href":"https:\/\/www.elsinodaldetamaulipas.com.mx\/index.php?rest_route=%2Fwp%2Fv2%2Ftags&post=210386"}],"curies":[{"name":"wp","href":"https:\/\/api.w.org\/{rel}","templated":true}]}}