{"id":210420,"date":"2025-08-29T20:09:02","date_gmt":"2025-08-30T00:09:02","guid":{"rendered":"https:\/\/www.elsinodaldetamaulipas.com.mx\/?p=210420"},"modified":"2025-08-29T20:09:02","modified_gmt":"2025-08-30T00:09:02","slug":"angustias-del-pasado","status":"publish","type":"post","link":"https:\/\/www.elsinodaldetamaulipas.com.mx\/?p=210420","title":{"rendered":"ANGUSTIAS DEL PASADO"},"content":{"rendered":"<div class=\"post-content\">\n<p>El Patinadero<\/p>\n<p>Juan Antonio Montoya B\u00e1ez<\/p>\n<p>&nbsp;<\/p>\n<p>En el 2021, daba entrevistas a diestra y la siniestra, por lo que existen testimonios acerca de la situaci\u00f3n que viv\u00eda en aquella \u00e9poca hasta el presente.<br \/>\nEn el 21, viv\u00eda en una modesta casa de una vecindad, en un barrio popular donde dec\u00eda era feliz, pero que desgraciadamente el espacio ya no era suficiente para seguir ah\u00ed.<\/p>\n<p>Sin embargo, reconoc\u00eda ser malo para ahorrar, pues todo se lo gastaba, por lo que se encontraba siempre en una crisis econ\u00f3mica, al grado que un d\u00eda no ten\u00eda con que comer, por lo que se puso a vender los libros de su colecci\u00f3n.<\/p>\n<p>Comenta que le fue bien en esa ocasi\u00f3n; logr\u00f3 reunir la cantidad de 20 mil pesos, una cantidad muy alta en ese momento para \u00e9l, la cual le permiti\u00f3 salir adelante en ese momento de crisis econ\u00f3mica y familiar.<\/p>\n<p>Su relato lo hac\u00eda en una entrevista radiof\u00f3nica en Radio F\u00f3rmula hace a\u00f1os, donde se\u00f1alaba que su lucha era en contra de los privilegios y a favor de los pobres, su discurso es el mismo desde hace a\u00f1os.<\/p>\n<p>Hoy lo descubrieron como el propietario de una lujosa casa de campo con un valor de 12 millones de pesos, el cual asegura fue comprada con un cr\u00e9dito bancario, pero en un proceso m\u00e1s que sucio, pues simplemente por su edad ya no es objeto de ese beneficio, adem\u00e1s de que la propiedad se encuentra en un terreno ejidal.<\/p>\n<p>Este personaje de acuerdo a sus propias palabras hace a\u00f1os era un hombre de escasos lujos, pero hoy es uno pol\u00edtico millonario, famoso por someter a las mujeres empoderadas, hablar mal de ellas y hacer siempre lo que se le pega la gana, para despu\u00e9s hacerse en v\u00edctima.<\/p>\n<p>GERARDO FERN\u00c1NDEZ NORO\u00d1A es un doble cara, un convenenciero que se acomod\u00f3 en la era de la 4T, hoy no vive de las angustias del pasado, solamente de vez en cuando le salen prietitos en el arroz y uno que otro pol\u00edtico justiciero, como ALEJANDRO MORENO C\u00c1RDENAS \u201cAlito\u201d, quien le dio un par de empujones que son la tendencia nacional.<\/p>\n<p>La historia de FERN\u00c1NDEZ NORO\u00d1A pudiera ser parecida a la de un tamaulipeco, no es un cuento de ficci\u00f3n, pero si una mera coincidencia.<\/p>\n<p>La misma que inicio en el 2021, cuando declaraba sus bienes y \u00e1vido de reflectores, gritar al mundo su pobreza y ofrecer su talento.<\/p>\n<p>En Reynosa, el alcalde CARLOS PE\u00d1A ORTIZ ofreci\u00f3 un grandioso y Feliz D\u00eda del Abuelo en el DIF-Reynosa, donde en su honor tuvieron un almuerzo mexicano en una alegre convivencia en la que tambi\u00e9n participaron, la Directora de la Casa Club del Adulto Mayor, MAR\u00cdA CONCEPCI\u00d3N S\u00c1NCHEZ GARZA y miembros del Cabildo local.<\/p>\n<p>\u00abLes pido que mantengan contacto con la juventud y nos ayuden alguien que pueda guiarlos por un camino correcto para tener un futuro digno, en este d\u00eda especial, queremos honrar su legado y expresar nuestra gratitud por todo lo que han hecho por nosotros, Feliz D\u00eda del Abuelo,<\/p>\n<p>\u00ab, dijo el Alcalde al felicitar a los adultos mayores en su d\u00eda, acompa\u00f1ado por la Directora del organismo, GABRIELA ROSAS BLANCO.<\/p>\n<p>En ciudad Victoria, el gobernador AM\u00c9RICO VILLARREAL ANAYA acompa\u00f1ado del director general de la Conagua, EFRA\u00cdN MORALES L\u00d3PEZ, puso en marcha la construcci\u00f3n de la segunda l\u00ednea del acueducto \u201cGuadalupe Victoria\u201d, con una inversi\u00f3n aproximada de mil 800 millones de pesos y que garantizar\u00e1 el abasto de agua por 50 a\u00f1os a las y los victorenses.<\/p>\n<p>Luego de m\u00e1s de 30 a\u00f1os de espera, se pone en marcha la obra que es uno de los 17 proyectos del Plan Nacional H\u00eddrico que impulsa la presidenta CLAUDIA SHEINBAUM.<\/p>\n<p>Bueno, por hoy es todo.<\/p>\n<p>Adi\u00f3s y aguas con los patinazos\u2026<\/p>\n<p>Contacto:<\/p>\n<p><a href=\"mailto:patinadero@hotmail.com\" target=\"_blank\" rel=\"noreferrer noopener\">patinadero@hotmail.com<\/a><\/p>\n<\/div>\n","protected":false},"excerpt":{"rendered":"<p>El Patinadero Juan Antonio Montoya B\u00e1ez &nbsp; En el 2021, daba entrevistas a diestra y la siniestra, por lo que existen testimonios acerca de la situaci\u00f3n que viv\u00eda en aquella \u00e9poca hasta el presente. En el 21, viv\u00eda en una modesta casa de una vecindad, en un barrio popular donde dec\u00eda era feliz, pero que [&hellip;]<\/p>\n","protected":false},"author":1,"featured_media":210340,"comment_status":"closed","ping_status":"closed","sticky":false,"template":"","format":"standard","meta":{"footnotes":""},"categories":[16],"tags":[],"class_list":["post-210420","post","type-post","status-publish","format-standard","has-post-thumbnail","hentry","category-opinion"],"_links":{"self":[{"href":"https:\/\/www.elsinodaldetamaulipas.com.mx\/index.php?rest_route=\/wp\/v2\/posts\/210420","targetHints":{"allow":["GET"]}}],"collection":[{"href":"https:\/\/www.elsinodaldetamaulipas.com.mx\/index.php?rest_route=\/wp\/v2\/posts"}],"about":[{"href":"https:\/\/www.elsinodaldetamaulipas.com.mx\/index.php?rest_route=\/wp\/v2\/types\/post"}],"author":[{"embeddable":true,"href":"https:\/\/www.elsinodaldetamaulipas.com.mx\/index.php?rest_route=\/wp\/v2\/users\/1"}],"replies":[{"embeddable":true,"href":"https:\/\/www.elsinodaldetamaulipas.com.mx\/index.php?rest_route=%2Fwp%2Fv2%2Fcomments&post=210420"}],"version-history":[{"count":1,"href":"https:\/\/www.elsinodaldetamaulipas.com.mx\/index.php?rest_route=\/wp\/v2\/posts\/210420\/revisions"}],"predecessor-version":[{"id":210421,"href":"https:\/\/www.elsinodaldetamaulipas.com.mx\/index.php?rest_route=\/wp\/v2\/posts\/210420\/revisions\/210421"}],"wp:featuredmedia":[{"embeddable":true,"href":"https:\/\/www.elsinodaldetamaulipas.com.mx\/index.php?rest_route=\/wp\/v2\/media\/210340"}],"wp:attachment":[{"href":"https:\/\/www.elsinodaldetamaulipas.com.mx\/index.php?rest_route=%2Fwp%2Fv2%2Fmedia&parent=210420"}],"wp:term":[{"taxonomy":"category","embeddable":true,"href":"https:\/\/www.elsinodaldetamaulipas.com.mx\/index.php?rest_route=%2Fwp%2Fv2%2Fcategories&post=210420"},{"taxonomy":"post_tag","embeddable":true,"href":"https:\/\/www.elsinodaldetamaulipas.com.mx\/index.php?rest_route=%2Fwp%2Fv2%2Ftags&post=210420"}],"curies":[{"name":"wp","href":"https:\/\/api.w.org\/{rel}","templated":true}]}}