{"id":210430,"date":"2025-08-29T20:19:38","date_gmt":"2025-08-30T00:19:38","guid":{"rendered":"https:\/\/www.elsinodaldetamaulipas.com.mx\/?p=210430"},"modified":"2025-08-29T20:19:38","modified_gmt":"2025-08-30T00:19:38","slug":"asumen-cargos-los-nuevos-integrantes-del-pjf","status":"publish","type":"post","link":"https:\/\/www.elsinodaldetamaulipas.com.mx\/?p=210430","title":{"rendered":"ASUMEN CARGOS LOS NUEVOS INTEGRANTES DEL PJF"},"content":{"rendered":"<p>&nbsp;<\/p>\n<p><strong>-Todo listo para toma de protesta de ministros, magistrados y jueces<\/strong><\/p>\n<p><strong>-Ser\u00e1 el pr\u00f3ximo lunes en sesi\u00f3n solemne en el Senado de la Rep\u00fablica<\/strong><\/p>\n<p><strong>-Se materializa con Claudia Sheinbaum la iniciativa del ex presidente L\u00f3pez Obrador<\/strong><\/p>\n<p>H. Matamoros, Tamaulipas.-El pr\u00f3ximo lunes en sesi\u00f3n solemne en el Senado de la Rep\u00fablica programada a las 19:30 horas tomar\u00e1n protesta los nuevos integrantes del Poder Judicial de la Federaci\u00f3n.<\/p>\n<p>Con ese acto termina la \u00faltima etapa de la reforma constitucional que convoc\u00f3 a las urnas el pasado primero de junio para elegir mediante el voto popular a jueces, magistrados y ministros.<\/p>\n<p>A pesar de la baja participaci\u00f3n ciudadana (13% del padr\u00f3n electoral), el uso de \u201cacordeones\u201d para inducir el sufragio en favor de los preferidos del r\u00e9gimen sexenal y la polarizaci\u00f3n de criterios, el renovado Poder Judicial de la Federaci\u00f3n entrar\u00e1 en funciones a partir del primero de septiembre.<\/p>\n<p>Llama la atenci\u00f3n la observaci\u00f3n de la ministra LORETTA ORTIZ en el sentido de que el PJF atender\u00e1 m\u00e1s de 8 mil asuntos pendientes y, lo m\u00e1s lamentable, sin la experiencia necesaria de la mayor\u00eda de los ministros y ministras.<\/p>\n<p>De acuerdo a la normatividad actualizada, los nueve ministros que integrar\u00e1n la Suprema Corte de Justicia de la Naci\u00f3n (SCJN) durar\u00e1n en el cargo entre 8 y 11 a\u00f1os, de acuerdo al n\u00famero de votos obtenidos durante la pasada jornada comicial.<\/p>\n<p>Tambi\u00e9n se eligieron dos Magistraturas de la Sala Superior del Tribunal Electoral del Poder Judicial de la Federaci\u00f3n (TEPJF) y 15 cargos de quienes estar\u00e1n al frente de los Tribunales Colegiados de Circuito y Tribunales Colegiados de Apelaci\u00f3n que conocer\u00e1n asuntos en segunda instancia.<\/p>\n<p>Asimismo, cinco magistraturas para integrar el Tribunal de Disciplina Judicial, organismo que sustituye al Consejo de la Judicatura Federal, y que se encargar\u00e1n de investigar y sancionar a otros funcionarios judiciales.<\/p>\n<p>Del mismo modo, entrar\u00e1n en funciones 464 magistrados de circuito y 386 jueces de distrito lo que da un total de 881 cargos renovados en el Poder Judicial de la Federaci\u00f3n, de acuerdo a la reforma constitucional promovida por el ex presidente ANDR\u00c9S MANUEL L\u00d3PEZ OBRADOR y aterrizada en el mandato de la presidenta CLAUDIA SHEINBAUM PARDO.<\/p>\n<p>Pero \u00bfCu\u00e1les son las responsabilidades de los nuevos funcionarios del Poder Judicial de la Federaci\u00f3n?<\/p>\n<p>Veamos.<\/p>\n<p>Los ministros de la SCJN son el m\u00e1ximo tribunal constitucional y su principal funci\u00f3n es vigilar que las leyes y actos de autoridad se apeguen a la Constituci\u00f3n y no vulneren los Derechos Humanos de las personas.<\/p>\n<p>Los magistrados de la Sala Superior del Tribunal Electoral del Poder Judicial de la Federaci\u00f3n (TEPJF) resuelven en forma definitiva e inatacable las controversias electorales presentadas por ciudadanos, candidatos, partidos y dem\u00e1s actores pol\u00edticos. Es el \u00faltimo \u00f3rgano jurisdiccional para resolver los conflictos de las elecciones a diversos cargos de elecci\u00f3n popular y tiene la responsabilidad de realizar el c\u00f3mputo final de la elecci\u00f3n presidencial de M\u00e9xico y declarar la validez de la elecci\u00f3n.<\/p>\n<p>Los magistrados de las Salas Regionales del Tribunal Electoral del Poder Judicial de la Federaci\u00f3n resuelven problemas que surgen en los procesos electorales y confirman, invalidan o cambian decisiones de los Tribunales Locales sobre disputas electorales, excepto de Gubernatura, y revisan las acciones del Instituto Nacional Electoral (INE).<\/p>\n<p>Los cinco magistrados del Tribunal de Disciplina Judicial (TDJ) investigar\u00e1n y sancionar\u00e1n pr\u00e1cticas contrarias a la Constituci\u00f3n y la Ley que cometan jueces, magistrados y ministros.<\/p>\n<p>Los magistrados de Circuito tienen bajo su responsabilidad revisar las inconformidades contra las decisiones de los juzgados de distrito y \u00f3rganos judiciales locales. Adem\u00e1s, contribuyen a establecer precedentes para casos futuros y, con su trabajo, ampl\u00edan los derechos y libertades.<\/p>\n<p>Los jueces de Distrito tienen la encomienda de resolver problemas de los ciudadanos contra acciones de las autoridades y garantizan que \u00e9stas respeten la Constituci\u00f3n y leyes del pa\u00eds. En el \u00e1mbito federal resuelven casos en materia civil, laboral, penal, administrativa y protege los derechos de los ciudadanos a trav\u00e9s del Juicio de Amparo.<\/p>\n<p>Como dato adicional vale la pena precisar que de acuerdo al art\u00edculo 133 de la Constituci\u00f3n Pol\u00edtica de los Estados Unidos Mexicanos, las leyes de la Constituci\u00f3n y los Tratados Internacionales firmados por el presidente con la aprobaci\u00f3n del Senado de la Rep\u00fablica, son la ley Suprema de todo M\u00e9xico.<\/p>\n<p>DESDE EL BALC\u00d3N:<\/p>\n<p>I.-Recon\u00f3zcalo o no, lo cierto es que los jueces, magistrados y ministros que integrar\u00e1n el renovado Poder Judicial llevar\u00e1n en sus conciencias que resultaron electos en una muy baja votaci\u00f3n ciudadana y con el apoyo de esa nueva \u201cherramienta electoral\u201d surgida en el gobierno de la Cuarta Transformaci\u00f3n denominada \u201cacorde\u00f3n\u201d.<\/p>\n<p>Ni hablar.<\/p>\n<p>Y hasta la pr\u00f3xima.<\/p>\n<p><a href=\"mailto:mariodiaz27@prodigy.net.mx\" target=\"_blank\" rel=\"noreferrer noopener\">mariodiaz27@prodigy.net.m<\/a><\/p>\n","protected":false},"excerpt":{"rendered":"<p>&nbsp; -Todo listo para toma de protesta de ministros, magistrados y jueces -Ser\u00e1 el pr\u00f3ximo lunes en sesi\u00f3n solemne en el Senado de la Rep\u00fablica -Se materializa con Claudia Sheinbaum la iniciativa del ex presidente L\u00f3pez Obrador H. Matamoros, Tamaulipas.-El pr\u00f3ximo lunes en sesi\u00f3n solemne en el Senado de la Rep\u00fablica programada a las 19:30 [&hellip;]<\/p>\n","protected":false},"author":1,"featured_media":208670,"comment_status":"closed","ping_status":"closed","sticky":false,"template":"","format":"standard","meta":{"footnotes":""},"categories":[16],"tags":[],"class_list":["post-210430","post","type-post","status-publish","format-standard","has-post-thumbnail","hentry","category-opinion"],"_links":{"self":[{"href":"https:\/\/www.elsinodaldetamaulipas.com.mx\/index.php?rest_route=\/wp\/v2\/posts\/210430","targetHints":{"allow":["GET"]}}],"collection":[{"href":"https:\/\/www.elsinodaldetamaulipas.com.mx\/index.php?rest_route=\/wp\/v2\/posts"}],"about":[{"href":"https:\/\/www.elsinodaldetamaulipas.com.mx\/index.php?rest_route=\/wp\/v2\/types\/post"}],"author":[{"embeddable":true,"href":"https:\/\/www.elsinodaldetamaulipas.com.mx\/index.php?rest_route=\/wp\/v2\/users\/1"}],"replies":[{"embeddable":true,"href":"https:\/\/www.elsinodaldetamaulipas.com.mx\/index.php?rest_route=%2Fwp%2Fv2%2Fcomments&post=210430"}],"version-history":[{"count":1,"href":"https:\/\/www.elsinodaldetamaulipas.com.mx\/index.php?rest_route=\/wp\/v2\/posts\/210430\/revisions"}],"predecessor-version":[{"id":210431,"href":"https:\/\/www.elsinodaldetamaulipas.com.mx\/index.php?rest_route=\/wp\/v2\/posts\/210430\/revisions\/210431"}],"wp:featuredmedia":[{"embeddable":true,"href":"https:\/\/www.elsinodaldetamaulipas.com.mx\/index.php?rest_route=\/wp\/v2\/media\/208670"}],"wp:attachment":[{"href":"https:\/\/www.elsinodaldetamaulipas.com.mx\/index.php?rest_route=%2Fwp%2Fv2%2Fmedia&parent=210430"}],"wp:term":[{"taxonomy":"category","embeddable":true,"href":"https:\/\/www.elsinodaldetamaulipas.com.mx\/index.php?rest_route=%2Fwp%2Fv2%2Fcategories&post=210430"},{"taxonomy":"post_tag","embeddable":true,"href":"https:\/\/www.elsinodaldetamaulipas.com.mx\/index.php?rest_route=%2Fwp%2Fv2%2Ftags&post=210430"}],"curies":[{"name":"wp","href":"https:\/\/api.w.org\/{rel}","templated":true}]}}